{"id":314668,"date":"2025-08-12T20:00:24","date_gmt":"2025-08-12T20:00:24","guid":{"rendered":"https:\/\/www.europesays.com\/fr\/314668\/"},"modified":"2025-08-12T20:00:24","modified_gmt":"2025-08-12T20:00:24","slug":"en-direct-benfica-nice-les-aiglons-prennent-leau-en-premiere-periode","status":"publish","type":"post","link":"https:\/\/www.europesays.com\/fr\/314668\/","title":{"rendered":"EN DIRECT &#8211; Benfica-Nice : les Aiglons prennent l\u2019eau en premi\u00e8re p\u00e9riode"},"content":{"rendered":"<p class=\"fig-paragraph\">Bruno Lage n\u2019innove pas non plus et aligne les onze m\u00eames joueurs que mercredi dernier \u00e0 Nice. Les Aiglons devront notamment se m\u00e9fier du duo de buteurs Pavlidis, Ivanovic. Ce dernier, tout juste arriv\u00e9 \u00e0 Lisbonne, avait fait mouche au match aller.<\/p>\n<p class=\"fig-paragraph\">La composition de Benfica\u00a0: Trublin &#8211; Dahl, Otamendi, Silva, Dedic &#8211; Schejelderup, Barrenechea, Rios, Aursnes &#8211; Pavlidis, Ivanovic<\/p>\n","protected":false},"excerpt":{"rendered":"Bruno Lage n\u2019innove pas non plus et aligne les onze m\u00eames joueurs que mercredi dernier \u00e0 Nice. Les&hellip;\n","protected":false},"author":2,"featured_media":314669,"comment_status":"","ping_status":"","sticky":false,"template":"","format":"standard","meta":{"footnotes":""},"categories":[2819],"tags":[1111,11,4791,1430,786,525,448,1981,1089,814,1777,674,2257,63,1011,27,2705,447,1307,3490,955,12,2401,2268,4589,4789,882,93,4790,25,1980,455],"class_list":{"0":"post-314668","1":"post","2":"type-post","3":"status-publish","4":"format-standard","5":"has-post-thumbnail","7":"category-nice","8":"tag-actu","9":"tag-actualites","10":"tag-barcelone","11":"tag-benfica","12":"tag-c1","13":"tag-calendrier","14":"tag-champions-league","15":"tag-classement","16":"tag-coupe-deurope","17":"tag-direct","18":"tag-eu","19":"tag-europe","20":"tag-foot","21":"tag-football","22":"tag-fr","23":"tag-france","24":"tag-groupe","25":"tag-ligue-des-champions","26":"tag-lille","27":"tag-liverpool","28":"tag-match","29":"tag-news","30":"tag-nice","31":"tag-ogc-nice","32":"tag-phase-finale","33":"tag-poule","34":"tag-provence-alpes-cote-dazur","35":"tag-psg","36":"tag-real-madrid","37":"tag-republique-francaise","38":"tag-resultats","39":"tag-uefa"},"share_on_mastodon":{"url":"https:\/\/pubeurope.com\/@fr\/115017575512151567","error":""},"_links":{"self":[{"href":"https:\/\/www.europesays.com\/fr\/wp-json\/wp\/v2\/posts\/314668","targetHints":{"allow":["GET"]}}],"collection":[{"href":"https:\/\/www.europesays.com\/fr\/wp-json\/wp\/v2\/posts"}],"about":[{"href":"https:\/\/www.europesays.com\/fr\/wp-json\/wp\/v2\/types\/post"}],"author":[{"embeddable":true,"href":"https:\/\/www.europesays.com\/fr\/wp-json\/wp\/v2\/users\/2"}],"replies":[{"embeddable":true,"href":"https:\/\/www.europesays.com\/fr\/wp-json\/wp\/v2\/comments?post=314668"}],"version-history":[{"count":0,"href":"https:\/\/www.europesays.com\/fr\/wp-json\/wp\/v2\/posts\/314668\/revisions"}],"wp:featuredmedia":[{"embeddable":true,"href":"https:\/\/www.europesays.com\/fr\/wp-json\/wp\/v2\/media\/314669"}],"wp:attachment":[{"href":"https:\/\/www.europesays.com\/fr\/wp-json\/wp\/v2\/media?parent=314668"}],"wp:term":[{"taxonomy":"category","embeddable":true,"href":"https:\/\/www.europesays.com\/fr\/wp-json\/wp\/v2\/categories?post=314668"},{"taxonomy":"post_tag","embeddable":true,"href":"https:\/\/www.europesays.com\/fr\/wp-json\/wp\/v2\/tags?post=314668"}],"curies":[{"name":"wp","href":"https:\/\/api.w.org\/{rel}","templated":true}]}}