{"id":314677,"date":"2025-08-12T20:05:18","date_gmt":"2025-08-12T20:05:18","guid":{"rendered":"https:\/\/www.europesays.com\/fr\/314677\/"},"modified":"2025-08-12T20:05:18","modified_gmt":"2025-08-12T20:05:18","slug":"toulouse-paralysee-par-la-canicule","status":"publish","type":"post","link":"https:\/\/www.europesays.com\/fr\/314677\/","title":{"rendered":"Toulouse paralys\u00e9e par la canicule"},"content":{"rendered":"<p>            Par<br \/>\n        <strong><br \/>\n            <a href=\"https:\/\/actu.fr\/auteur\/lea-afonso\" title=\"Consulter tous les articles de L\u00e9a Afonso\" target=\"_blank\" rel=\"noopener\">L\u00e9a Afonso<\/a><br \/>\n        <\/strong><\/p>\n<p>        Publi\u00e9 le<\/p>\n<p>            12 ao\u00fbt 2025 \u00e0 18h46        <\/p>\n<p><a href=\"https:\/\/actu.fr\/occitanie\/toulouse_31555\/l-alerte-rouge-canicule-prolongee-en-haute-garonne-mardi-une-chaleur-de-plomb-toute-la-semaine-a-toulouse_63021128.html\" target=\"_blank\" rel=\"noopener\"><strong>Canicule<\/strong><\/a> et <strong>semaine du 15\u00a0ao\u00fbt<\/strong> ne font pas bon m\u00e9nage \u00e0 <strong><a href=\"https:\/\/actu.fr\/toulouse\/\" target=\"_blank\" rel=\"noopener\">Toulouse<\/a><\/strong>\u2026 Les rues sont d\u00e9sertes, les commerces vid\u00e9s de leur client\u00e8le et les terrasses d\u00e9pourvues de fl\u00e2neurs. Reportage dans les rues de la Ville rose.<\/p>\n<p>Une place du Capitole vierge de passants<\/p>\n<p class=\" wall-content\">Mardi 12 ao\u00fbt 2025, midi et demi, sur la \u2014 habituellement \u2014 bouillonnante et tr\u00e8s fr\u00e9quent\u00e9e<strong> place du Capitole<\/strong>. Sous le soleil qui frappe et les pas moins de 33\u00b0C du thermom\u00e8tre, les passants se font rares. Et pourtant, le mercure n\u2019a pas fini de monter\u2026<\/p>\n<p class=\" wall-content\">L\u00e0 o\u00f9 les <strong>terrasses<\/strong> regorgent habituellement de touristes en cette p\u00e9riode propice aux vacances, aujourd\u2019hui, elles ne sont m\u00eame <strong>pas remplies \u00e0 moiti\u00e9<\/strong>. Et c\u2019est une situation que les restaurateurs constatent depuis plusieurs jours. \u00ab\u2009Durant un \u00e9t\u00e9 classique, on a beaucoup plus de monde, <strong>10 \u00e0 20\u00a0fois plus de personnes<\/strong> sur notre terrasse. Le mois d\u2019ao\u00fbt est un tr\u00e8s gros mois. Mais plus il fait chaud, plus le midi est calme. On le constate depuis ce week-end, o\u00f9 les<strong> clients se font rares\u2009\u00bb,<\/strong> regrette <strong>Olivier<\/strong>, le responsable du restaurant les Illustres.<\/p>\n<p>    <img   decoding=\"async\" loading=\"lazy\" src=\"https:\/\/www.europesays.com\/fr\/wp-content\/uploads\/2025\/08\/canicule-ville-deserte8-960x640.jpg\" alt=\"La terrasse des Illustres avec \" width=\"960\" height=\"640\"\/><br \/>\n    La terrasse des Illustres avec \u00ab\u200910 \u00e0 20\u00a0fois\u2009\u00bb moins de monde qu\u2019\u00e0 la normale. (\u00a9L\u00e9a Afonso \/ Actu Toulouse)\u00ab\u00a0On n\u2019a pas eu un client\u00a0\u00bb en une heure<\/p>\n<p class=\" wall-content\">Marchons vers la place Roger Salengro\u2026 Ici, la promenade est \u00e9trangement <strong>calme<\/strong>\u2009: il y a <strong>peu de bruit<\/strong>, l\u00e0 o\u00f9 g\u00e9n\u00e9ralement les <strong>salons de th\u00e9<\/strong> et <strong>boutiques<\/strong> grouillent de monde. Chez <strong>Maud Cordel<\/strong>, g\u00e9rante des Tr\u00e9sors de la Violette (boutique souvenir mettant \u00e0 l\u2019honneur la violette de Toulouse, NDLR), la situation est aussi critique\u2009: \u00ab\u2009Le matin, on a un petit peu de monde, mais \u00e7a se vide tr\u00e8s rapidement l\u2019apr\u00e8s-midi. Hier, <strong>entre 15 heures et 16\u2009heures, on n\u2019a pas eu un client\u2009\u00bb.<\/strong><\/p>\n<p>    <img   decoding=\"async\" loading=\"lazy\" src=\"https:\/\/www.europesays.com\/fr\/wp-content\/uploads\/2025\/08\/canicule-ville-deserte3-960x640.jpg\" alt=\"Commerces ferm\u00e9s et activit\u00e9 au ralenti place Roger Salengro en plein c\u0153ur de Toulouse. \" width=\"960\" height=\"640\"\/><br \/>\n    Commerces ferm\u00e9s et activit\u00e9 au ralenti place Roger Salengro en plein c\u0153ur de Toulouse. (\u00a9L\u00e9a Afonso \/ Actu Toulouse)Gros impact sur le chiffre d\u2019affaires<\/p>\n<p class=\" wall-content\">Du c\u00f4t\u00e9 du <strong>pr\u00eat-\u00e0-porter<\/strong>, la tendance est la m\u00eame\u2009: \u00ab\u2009Je m\u2019attendais \u00e0 n\u2019avoir personne, mais ce matin, \u00e7a allait, avec une majorit\u00e9 de <strong>touristes<\/strong>. Par contre, cet apr\u00e8s-midi, ce ne sera pas pareil\u2026 Ce qui nous sauve par rapport \u00e0 d\u2019autres commerces, c\u2019est tout de m\u00eame d\u2019avoir encore une <strong>collection d\u2019\u00e9t\u00e9<\/strong> avec des shorts, des robes\u2026 C\u2019est ce que les personnes veulent consommer\u2009\u00bb, explique <strong>Rachel<\/strong>, responsable de la boutique Swap rue Saint-Rome.<\/p>\n<p class=\" wall-content\">Mais chez les deux commer\u00e7antes, le constat est le m\u00eame\u2009: le <strong>chiffre d\u2019affaires est impact\u00e9.<\/strong> \u00ab\u2009\u00c7a ne se rattrape pas, ce qui est perdu est perdu, alors qu\u2019habituellement, la semaine du 15 ao\u00fbt est l\u2019une des meilleures pour nous\u2009\u00bb, confie Maud.<\/p>\n<p>    <img   decoding=\"async\" loading=\"lazy\" src=\"https:\/\/www.europesays.com\/fr\/wp-content\/uploads\/2025\/08\/canicule-ville-deserte9-960x640.jpg\" alt=\"De c\u00f4t\u00e9 de la place de la Dorade, malgr\u00e9 l'ombre des arbres, il n'y a pas beaucoup plus de monde...\" width=\"960\" height=\"640\"\/><br \/>\n    De c\u00f4t\u00e9 de la place de la Dorade, malgr\u00e9 l\u2019ombre des arbres, il n\u2019y a pas beaucoup plus de monde\u2026 (\u00a9L\u00e9a Afonso \/ Actu Toulouse)\u00ab\u00a0Des horaires de repas comme en Espagne\u00a0\u00bb<\/p>\n<p class=\" wall-content\">Alors, la seule solution pour les commer\u00e7ants et restaurateurs reste encore de <strong>s\u2019adapter<\/strong> plut\u00f4t que de subir. \u00ab\u2009On a compl\u00e8tement <strong>d\u00e9cal\u00e9 les horaires<\/strong> de nos \u00e9quipes, avec des <strong>services du soir plus tardifs<\/strong> de deux \u00e0 trois heures. \u00c0 20 heures, 21 heures, voire \u00e0 22 heures, les gens viennent manger. On se retrouve avec des<strong> horaires de repas comme en Espagne<\/strong>, et \u00e7a, c\u2019est totalement li\u00e9 \u00e0 la canicule\u2009\u00bb, ajoute le responsable des Illustres.<\/p>\n<p class=\" wall-content\">Dans les commerces, certains ont fait les m\u00eames choix. Maud affirme avoir <strong>\u00ab\u2009adapt\u00e9 ses horaires\u2009\u00bb,<\/strong> pour accueillir du public pendant les heures <strong>les plus fra\u00eeches<\/strong>.<\/p>\n<p class=\" wall-content\">Alors malgr\u00e9 des temp\u00e9ratures affolantes <a href=\"https:\/\/actu.fr\/occitanie\/toulouse_31555\/l-une-des-journees-les-plus-chaudes-de-l-histoire-a-toulouse-quels-sont-les-records-meteo_63025825.html\" target=\"_blank\" rel=\"noopener\">et qui fr\u00f4lent les records<\/a>, ceux qui font vivre la Ville rose tentent de suivre le rythme, mais il ne saurait tarder \u00e0 ce que la situation revienne \u00e0 la normale\u2026<\/p>\n<p class=\" wall-content\">Suivez toute l\u2019actualit\u00e9 de vos villes et m\u00e9dias favoris en vous inscrivant \u00e0 <a href=\"https:\/\/moncompte.actu.fr\" title=\"D\u00e9couvez Mon Actu\" rel=\"nofollow noopener\" data-trk=\"{&quot;cta&quot;:{&quot;action&quot;:&quot;https:\\\/\\\/moncompte.actu.fr&quot;,&quot;category&quot;:&quot;mon compte&quot;,&quot;from&quot;:&quot;article footer&quot;,&quot;name&quot;:&quot;Mon actu&quot;,&quot;type&quot;:&quot;cta&quot;}}\" target=\"_blank\">Mon Actu<\/a>.<\/p>\n","protected":false},"excerpt":{"rendered":"Par L\u00e9a Afonso Publi\u00e9 le 12 ao\u00fbt 2025 \u00e0 18h46 Canicule et semaine du 15\u00a0ao\u00fbt ne font pas&hellip;\n","protected":false},"author":2,"featured_media":314678,"comment_status":"","ping_status":"","sticky":false,"template":"","format":"standard","meta":{"footnotes":""},"categories":[2816],"tags":[1111,11,6698,215,1777,674,1011,27,12,2680,25,1340,104,2312],"class_list":{"0":"post-314677","1":"post","2":"type-post","3":"status-publish","4":"format-standard","5":"has-post-thumbnail","7":"category-toulouse","8":"tag-actu","9":"tag-actualites","10":"tag-canicule","11":"tag-commerce","12":"tag-eu","13":"tag-europe","14":"tag-fr","15":"tag-france","16":"tag-news","17":"tag-occitanie","18":"tag-republique-francaise","19":"tag-restaurant","20":"tag-societe","21":"tag-toulouse"},"share_on_mastodon":{"url":"https:\/\/pubeurope.com\/@fr\/115017595503162974","error":""},"_links":{"self":[{"href":"https:\/\/www.europesays.com\/fr\/wp-json\/wp\/v2\/posts\/314677","targetHints":{"allow":["GET"]}}],"collection":[{"href":"https:\/\/www.europesays.com\/fr\/wp-json\/wp\/v2\/posts"}],"about":[{"href":"https:\/\/www.europesays.com\/fr\/wp-json\/wp\/v2\/types\/post"}],"author":[{"embeddable":true,"href":"https:\/\/www.europesays.com\/fr\/wp-json\/wp\/v2\/users\/2"}],"replies":[{"embeddable":true,"href":"https:\/\/www.europesays.com\/fr\/wp-json\/wp\/v2\/comments?post=314677"}],"version-history":[{"count":0,"href":"https:\/\/www.europesays.com\/fr\/wp-json\/wp\/v2\/posts\/314677\/revisions"}],"wp:featuredmedia":[{"embeddable":true,"href":"https:\/\/www.europesays.com\/fr\/wp-json\/wp\/v2\/media\/314678"}],"wp:attachment":[{"href":"https:\/\/www.europesays.com\/fr\/wp-json\/wp\/v2\/media?parent=314677"}],"wp:term":[{"taxonomy":"category","embeddable":true,"href":"https:\/\/www.europesays.com\/fr\/wp-json\/wp\/v2\/categories?post=314677"},{"taxonomy":"post_tag","embeddable":true,"href":"https:\/\/www.europesays.com\/fr\/wp-json\/wp\/v2\/tags?post=314677"}],"curies":[{"name":"wp","href":"https:\/\/api.w.org\/{rel}","templated":true}]}}