{"id":314682,"date":"2025-08-12T20:09:20","date_gmt":"2025-08-12T20:09:20","guid":{"rendered":"https:\/\/www.europesays.com\/fr\/314682\/"},"modified":"2025-08-12T20:09:20","modified_gmt":"2025-08-12T20:09:20","slug":"angele-du-02-12-2025-au-17-01-2026-marseille","status":"publish","type":"post","link":"https:\/\/www.europesays.com\/fr\/314682\/","title":{"rendered":"Ang\u00e8le &#8211; Du 02\/12\/2025 au 17\/01\/2026 &#8211; Marseille"},"content":{"rendered":"<p class=\"subtitle subtitle--header subtitle--activity\">Ang\u00e8le, vivant avec ses parents dans une ferme isol\u00e9e, succombe \u00e0 un homme qui l\u2019entra\u00eene \u00e0 Marseille, la grande ville, et la prostitue. Saturnin, le valet d\u00e9vou\u00e9 de la ferme la retrouve et la ram\u00e8ne \u00e0 la ferme, o\u00f9 son p\u00e8re la cache avec son \u00ab b\u00e2tard \u00bb pour sauver l\u2019honneur de sa famille\u2026<br \/>Adapt\u00e9e du film de 1934, la pi\u00e8ce transpose le tournage sur sc\u00e8ne, avec une machinerie invisible, imitant le cin\u00e9ma naissant. Les acteurs jouent \u00e0 la fois les personnages et les techniciens du film. Cartoun Sardines continue de r\u00e9inventer le cin\u00e9ma au th\u00e9\u00e2tre, mettant en lumi\u00e8re l&rsquo;humanit\u00e9 de Pagnol. Silence, \u00e7a tourne sur le plateau !<\/p>\n<p>&#13;<\/p>\n<p class=\"subtitle subtitle--header subtitle--activity\">Marcel Pagnol, Cartoun Sardines Th\u00e9\u00e2tre<\/p>\n<p>&#13;<\/p>\n<p class=\"subtitle subtitle--header subtitle--activity\">&gt;Infos\/billetterie en ligne :\u00a0<a href=\"https:\/\/www.lestheatres.net\/\" target=\"_blank\" rel=\"nofollow noopener\">www.lestheatres.net<\/a><\/p>\n","protected":false},"excerpt":{"rendered":"Ang\u00e8le, vivant avec ses parents dans une ferme isol\u00e9e, succombe \u00e0 un homme qui l\u2019entra\u00eene \u00e0 Marseille, la&hellip;\n","protected":false},"author":2,"featured_media":314683,"comment_status":"","ping_status":"","sticky":false,"template":"","format":"standard","meta":{"footnotes":""},"categories":[2814],"tags":[1111,11,1777,674,1011,27,884,12,882,25],"class_list":{"0":"post-314682","1":"post","2":"type-post","3":"status-publish","4":"format-standard","5":"has-post-thumbnail","7":"category-marseille","8":"tag-actu","9":"tag-actualites","10":"tag-eu","11":"tag-europe","12":"tag-fr","13":"tag-france","14":"tag-marseille","15":"tag-news","16":"tag-provence-alpes-cote-dazur","17":"tag-republique-francaise"},"share_on_mastodon":{"url":"https:\/\/pubeurope.com\/@fr\/115017610885906851","error":""},"_links":{"self":[{"href":"https:\/\/www.europesays.com\/fr\/wp-json\/wp\/v2\/posts\/314682","targetHints":{"allow":["GET"]}}],"collection":[{"href":"https:\/\/www.europesays.com\/fr\/wp-json\/wp\/v2\/posts"}],"about":[{"href":"https:\/\/www.europesays.com\/fr\/wp-json\/wp\/v2\/types\/post"}],"author":[{"embeddable":true,"href":"https:\/\/www.europesays.com\/fr\/wp-json\/wp\/v2\/users\/2"}],"replies":[{"embeddable":true,"href":"https:\/\/www.europesays.com\/fr\/wp-json\/wp\/v2\/comments?post=314682"}],"version-history":[{"count":0,"href":"https:\/\/www.europesays.com\/fr\/wp-json\/wp\/v2\/posts\/314682\/revisions"}],"wp:featuredmedia":[{"embeddable":true,"href":"https:\/\/www.europesays.com\/fr\/wp-json\/wp\/v2\/media\/314683"}],"wp:attachment":[{"href":"https:\/\/www.europesays.com\/fr\/wp-json\/wp\/v2\/media?parent=314682"}],"wp:term":[{"taxonomy":"category","embeddable":true,"href":"https:\/\/www.europesays.com\/fr\/wp-json\/wp\/v2\/categories?post=314682"},{"taxonomy":"post_tag","embeddable":true,"href":"https:\/\/www.europesays.com\/fr\/wp-json\/wp\/v2\/tags?post=314682"}],"curies":[{"name":"wp","href":"https:\/\/api.w.org\/{rel}","templated":true}]}}