{"id":314687,"date":"2025-08-12T20:12:16","date_gmt":"2025-08-12T20:12:16","guid":{"rendered":"https:\/\/www.europesays.com\/fr\/314687\/"},"modified":"2025-08-12T20:12:16","modified_gmt":"2025-08-12T20:12:16","slug":"nouvelle-recrue-pour-lyon-france-lyon","status":"publish","type":"post","link":"https:\/\/www.europesays.com\/fr\/314687\/","title":{"rendered":"Nouvelle recrue pour Lyon &#8211; France &#8211; Lyon"},"content":{"rendered":"<p>Check !<\/p>\n<p>Ce mardi, l\u2019Olympique lyonnais et le Sparta Prague ont officialis\u00e9 leur deal : <strong>pr\u00eat\u00e9 un an par l\u2019entit\u00e9 tch\u00e8que au club fran\u00e7ais, Adam Karabec rejoint officiellement l\u2019Hexagone<\/strong>. Et pour annoncer la nouvelle, les Gones ont propos\u00e9 une vid\u00e9o assez innovante sur X.<\/p>\n<blockquote class=\"twitter-tweet-lazy\" data-width=\"500\" data-dnt=\"true\">\n<p lang=\"fr\" dir=\"ltr\">Un check peut en cacher un autre \ud83e\udd1d\ud83d\ude0f <a target=\"_blank\" href=\"https:\/\/t.co\/of49OFXv0q\" rel=\"nofollow\">pic.twitter.com\/of49OFXv0q<\/a><\/p>\n<p>\u2014 Olympique Lyonnais (@OL) <a target=\"_blank\" href=\"https:\/\/twitter.com\/OL\/status\/1955328518860013710?ref_src=twsrc%5Etfw\" rel=\"nofollow noopener\">August 12, 2025<\/a><\/p>\n<\/blockquote>\n<p>\u00c2g\u00e9 de 22 ans, <strong>le joueur offensif pourrait rester un peu plus longtemps que pr\u00e9vu puisqu\u2019une option d\u2019achat de trois millions d\u2019euros et demi a \u00e9t\u00e9 ajout\u00e9e au contrat<\/strong>. Une bonne affaire pour les Rhodaniens, \u00e9tant donn\u00e9 que le gaucher est actuellement valoris\u00e9 \u00e0 quatre millions selon Transfermarkt ?<\/p>\n<p>L\u2019avenir le dira, et <a target=\"_blank\" href=\"https:\/\/www.sofoot.com\/articles\/lol-en-ligue-1-un-futur-sous-garanties#:~:text=En%20apn%C3%A9e%20depuis%20le%2024,en%20appel%20devant%20la%20DNCG.\" rel=\"nofollow noopener\">ce ne sera pas en Ligue 2<\/a>.<\/p>\n<p>\t\t\t\t\t\t\t\t<script async src=\"https:\/\/platform.twitter.com\/widgets.js\" charset=\"utf-8\"><\/script><\/p>\n","protected":false},"excerpt":{"rendered":"Check ! Ce mardi, l\u2019Olympique lyonnais et le Sparta Prague ont officialis\u00e9 leur deal : pr\u00eat\u00e9 un an&hellip;\n","protected":false},"author":2,"featured_media":314688,"comment_status":"","ping_status":"","sticky":false,"template":"","format":"standard","meta":{"footnotes":""},"categories":[1889],"tags":[1111,47,11,61,2430,69,65,64,1777,674,63,1011,27,68,66,2428,12,62,70,25,67],"class_list":{"0":"post-314687","1":"post","2":"type-post","3":"status-publish","4":"format-standard","5":"has-post-thumbnail","7":"category-lyon","8":"tag-actu","9":"tag-actualite","10":"tag-actualites","11":"tag-actus-football","12":"tag-auvergne-rhone-alpes","13":"tag-bundesliga","14":"tag-championnats-europeens","15":"tag-equipe-de-france","16":"tag-eu","17":"tag-europe","18":"tag-football","19":"tag-fr","20":"tag-france","21":"tag-ligua","22":"tag-ligue-1","23":"tag-lyon","24":"tag-news","25":"tag-news-foot","26":"tag-premier-league","27":"tag-republique-francaise","28":"tag-serie-a"},"share_on_mastodon":{"url":"https:\/\/pubeurope.com\/@fr\/115017622701240427","error":""},"_links":{"self":[{"href":"https:\/\/www.europesays.com\/fr\/wp-json\/wp\/v2\/posts\/314687","targetHints":{"allow":["GET"]}}],"collection":[{"href":"https:\/\/www.europesays.com\/fr\/wp-json\/wp\/v2\/posts"}],"about":[{"href":"https:\/\/www.europesays.com\/fr\/wp-json\/wp\/v2\/types\/post"}],"author":[{"embeddable":true,"href":"https:\/\/www.europesays.com\/fr\/wp-json\/wp\/v2\/users\/2"}],"replies":[{"embeddable":true,"href":"https:\/\/www.europesays.com\/fr\/wp-json\/wp\/v2\/comments?post=314687"}],"version-history":[{"count":0,"href":"https:\/\/www.europesays.com\/fr\/wp-json\/wp\/v2\/posts\/314687\/revisions"}],"wp:featuredmedia":[{"embeddable":true,"href":"https:\/\/www.europesays.com\/fr\/wp-json\/wp\/v2\/media\/314688"}],"wp:attachment":[{"href":"https:\/\/www.europesays.com\/fr\/wp-json\/wp\/v2\/media?parent=314687"}],"wp:term":[{"taxonomy":"category","embeddable":true,"href":"https:\/\/www.europesays.com\/fr\/wp-json\/wp\/v2\/categories?post=314687"},{"taxonomy":"post_tag","embeddable":true,"href":"https:\/\/www.europesays.com\/fr\/wp-json\/wp\/v2\/tags?post=314687"}],"curies":[{"name":"wp","href":"https:\/\/api.w.org\/{rel}","templated":true}]}}