{"id":314691,"date":"2025-08-12T20:15:16","date_gmt":"2025-08-12T20:15:16","guid":{"rendered":"https:\/\/www.europesays.com\/fr\/314691\/"},"modified":"2025-08-12T20:15:16","modified_gmt":"2025-08-12T20:15:16","slug":"un-controleur-de-laeroport-roissy-cdg-suspendu-pour-avoir-dit-free-palestine-a-lequipage-dune-compagnie-israelienne","status":"publish","type":"post","link":"https:\/\/www.europesays.com\/fr\/314691\/","title":{"rendered":"Un contr\u00f4leur de l&rsquo;a\u00e9roport Roissy-CDG suspendu pour avoir dit \u00ab\u00a0Free Palestine\u00a0\u00bb \u00e0 l&rsquo;\u00e9quipage d&rsquo;une compagnie isra\u00e9lienne"},"content":{"rendered":"<p class=\"c-chapo \">\n  Ce salari\u00e9 s&rsquo;est \u00ab\u00a0vu retirer toute possibilit\u00e9 d&rsquo;exercer jusqu&rsquo;\u00e0 nouvel ordre\u00a0\u00bb, a annonc\u00e9 le ministre des Transports, Philippe Tabarot.\n<\/p>\n<p>            lire plus tard<\/p>\n<p id=\"dialog__title\" class=\"dialog__title\">Pour sauvegarder cet article, connectez-vous ou cr\u00e9ez un compte franceinfo<\/p>\n<p class=\"dialog__description\">Sans paiement. Sans abonnement.<\/p>\n<p>        Fermer la fen\u00eatre d\u2019activation des notifications France Info<\/p>\n<p>            cr\u00e9er votre compte<\/p>\n<p>            se connecter<\/p>\n<p>        Fermer la fen\u00eatre de pr\u00e9sentation<\/p>\n<p>    <img loading=\"lazy\" decoding=\"async\" class=\"signature__image lazyload\" width=\"100\" height=\"100\" data- alt=\"\" src=\"https:\/\/www.europesays.com\/fr\/wp-content\/uploads\/2025\/05\/64a68815cd1a7_placeholder-36b69ec8.png\"\/><\/p>\n<p>    Publi\u00e9 le 12\/08\/2025 21:25<\/p>\n<p>      Mis \u00e0 jour le 12\/08\/2025 21:43<\/p>\n<p>        Temps de lecture : 1min<\/p>\n<p>    <img decoding=\"async\"  alt=\"Le centre de contr\u00f4le a\u00e9rien \u00e0 l'a\u00e9roport Roissy-Charles de Gaulle, pr\u00e8s de Paris, le 7 ao\u00fbt 2018. (JOEL SAGET \/ AFP)\" width=\"432\" height=\"243\" src=\"https:\/\/www.europesays.com\/fr\/wp-content\/uploads\/2025\/08\/000-1886cg-689b94aa23886399908684.jpg\" fetchpriority=\"high\"\/><\/p>\n<p>      Le centre de contr\u00f4le a\u00e9rien \u00e0 l&rsquo;a\u00e9roport Roissy-Charles de Gaulle, pr\u00e8s de Paris, le 7 ao\u00fbt 2018. (JOEL SAGET \/ AFP)<\/p>\n<p>Deux mots qui pourraient lui co\u00fbter cher. Un contr\u00f4leur a\u00e9rien de l&rsquo;a\u00e9roport Roissy-CDG s&rsquo;est \u00ab\u00a0vu retirer toute possibilit\u00e9 d&rsquo;exercer jusqu&rsquo;\u00e0 nouvel ordre\u00a0\u00bb, a annonc\u00e9 mardi 12 ao\u00fbt le ministre des Transports Philippe Tabarot. La veille, ce dernier avait dit \u00ab\u00a0Free Palestine\u00a0\u00bb lors d&rsquo;un \u00e9change radio avec l&rsquo;\u00e9quipage de la compagnie isra\u00e9lienne El Al, a pr\u00e9cis\u00e9 \u00e0 l&rsquo;AFP le minist\u00e8re. \u00ab\u00a0L&rsquo;analyse des enregistrements prouve que les faits sont av\u00e9r\u00e9s\u00a0\u00bb, a fait savoir mardi sur X Philippe Tabarot. \u00ab\u00a0Une proc\u00e9dure disciplinaire a \u00e9t\u00e9 imm\u00e9diatement engag\u00e9e. La sanction devra \u00eatre \u00e0 la hauteur de la gravit\u00e9 des faits\u00a0\u00bb, estime-t-il.<\/p>\n<p>Quelques heures auparavant, le ministre avait annonc\u00e9 <a href=\"https:\/\/x.com\/PhilippeTabarot\/status\/1955287372930654644\" target=\"_blank\" rel=\"noopener nofollow\">sur le r\u00e9seau social<\/a> l&rsquo;ouverture d&rsquo;une enqu\u00eate administrative apr\u00e8s le signalement de l&rsquo;incident par la compagnie isra\u00e9lienne. Ce dernier soulignait alors que ces propos, s&rsquo;ils \u00e9taient av\u00e9r\u00e9s, \u00ab\u00a0violeraient les r\u00e8gles des radiocommunications, qui doivent se limiter \u00e0 la s\u00e9curit\u00e9 et \u00e0 la r\u00e9gularit\u00e9 du trafic a\u00e9rien\u00a0\u00bb. Ils remettraient par ailleurs en cause le \u00ab\u00a0devoir de r\u00e9serve du fonctionnaire et porteraient atteinte \u00e0 l&rsquo;image du service public\u00a0\u00bb, avait ajout\u00e9 Philippe Tabarot.<\/p>\n<p>Le Conseil repr\u00e9sentatif des institutions juives (Crif) de France a d\u00e9nonc\u00e9 un \u00ab\u00a0incident inacceptable\u00a0\u00bb, qui \u00ab\u00a0contrevient \u00e0 la fois \u00e0 l&rsquo;imp\u00e9ratif de neutralit\u00e9 politique mais aussi aux protocoles de s\u00e9curit\u00e9 qui r\u00e9gissent les \u00e9changes entre une tour de contr\u00f4le et un avion en phase de d\u00e9collage\u00a0\u00bb. D\u00e9but ao\u00fbt, des passagers juifs qui avaient command\u00e9 des menus casher sur un vol de la compagnie espagnole Iberia <a href=\"https:\/\/www.franceinfo.fr\/monde\/proche-orient\/israel-palestine\/des-passagers-juifs-ont-recu-des-plateaux-repas-casher-tagues-free-palestine-sur-un-vol-iberia-une-association-denonce-un-grave-acte-d-antisemitisme_7419265.html\" rel=\"nofollow noopener\" target=\"_blank\">avaient eux re\u00e7u<\/a> des plateaux-repas portant l&rsquo;inscription \u00ab\u00a0Free Palestine\u00a0\u00bb.<\/p>\n<p class=\"related-tags__title\" role=\"heading\" aria-level=\"2\">les mots-cl\u00e9s associ\u00e9s \u00e0 cet article\n    <\/p>\n","protected":false},"excerpt":{"rendered":"Ce salari\u00e9 s&rsquo;est \u00ab\u00a0vu retirer toute possibilit\u00e9 d&rsquo;exercer jusqu&rsquo;\u00e0 nouvel ordre\u00a0\u00bb, a annonc\u00e9 le ministre des Transports, Philippe&hellip;\n","protected":false},"author":2,"featured_media":314692,"comment_status":"","ping_status":"","sticky":false,"template":"","format":"standard","meta":{"footnotes":""},"categories":[1888],"tags":[1111,1928,11,1927,1777,674,1011,27,12,1926,626,1925,25],"class_list":{"0":"post-314691","1":"post","2":"type-post","3":"status-publish","4":"format-standard","5":"has-post-thumbnail","7":"category-paris","8":"tag-actu","9":"tag-actu-paris","10":"tag-actualites","11":"tag-actualites-paris","12":"tag-eu","13":"tag-europe","14":"tag-fr","15":"tag-france","16":"tag-news","17":"tag-news-paris","18":"tag-paris","19":"tag-paris-news","20":"tag-republique-francaise"},"share_on_mastodon":{"url":"https:\/\/pubeurope.com\/@fr\/115017634831148915","error":""},"_links":{"self":[{"href":"https:\/\/www.europesays.com\/fr\/wp-json\/wp\/v2\/posts\/314691","targetHints":{"allow":["GET"]}}],"collection":[{"href":"https:\/\/www.europesays.com\/fr\/wp-json\/wp\/v2\/posts"}],"about":[{"href":"https:\/\/www.europesays.com\/fr\/wp-json\/wp\/v2\/types\/post"}],"author":[{"embeddable":true,"href":"https:\/\/www.europesays.com\/fr\/wp-json\/wp\/v2\/users\/2"}],"replies":[{"embeddable":true,"href":"https:\/\/www.europesays.com\/fr\/wp-json\/wp\/v2\/comments?post=314691"}],"version-history":[{"count":0,"href":"https:\/\/www.europesays.com\/fr\/wp-json\/wp\/v2\/posts\/314691\/revisions"}],"wp:featuredmedia":[{"embeddable":true,"href":"https:\/\/www.europesays.com\/fr\/wp-json\/wp\/v2\/media\/314692"}],"wp:attachment":[{"href":"https:\/\/www.europesays.com\/fr\/wp-json\/wp\/v2\/media?parent=314691"}],"wp:term":[{"taxonomy":"category","embeddable":true,"href":"https:\/\/www.europesays.com\/fr\/wp-json\/wp\/v2\/categories?post=314691"},{"taxonomy":"post_tag","embeddable":true,"href":"https:\/\/www.europesays.com\/fr\/wp-json\/wp\/v2\/tags?post=314691"}],"curies":[{"name":"wp","href":"https:\/\/api.w.org\/{rel}","templated":true}]}}