{"id":314695,"date":"2025-08-12T20:17:19","date_gmt":"2025-08-12T20:17:19","guid":{"rendered":"https:\/\/www.europesays.com\/fr\/314695\/"},"modified":"2025-08-12T20:17:19","modified_gmt":"2025-08-12T20:17:19","slug":"les-meilleurs-concerts-et-soirees-gratuites-au-mois-daout-a-paris","status":"publish","type":"post","link":"https:\/\/www.europesays.com\/fr\/314695\/","title":{"rendered":"Les meilleurs concerts et soir\u00e9es gratuites au mois d\u2019ao\u00fbt \u00e0 Paris"},"content":{"rendered":"<p class=\"p1\">C\u2019est le mois d\u2019ao\u00fbt, et comme souvent en vacances, on ne regarde pas trop \u00e0 la d\u00e9pense. De retour \u00e0 Paris, vous pouvez continuer de sortir comme un roi sans m\u00eame accorder un regard\u00a0\u00e0 votre app bancaire gr\u00e2ce \u00e0 notre s\u00e9lection des meilleurs concerts et soir\u00e9es gratuites du mois d\u2019ao\u00fbt.<\/p>\n<p class=\"p1\"><strong>14 ao\u00fbt <\/strong><\/p>\n<p class=\"p1\">La soir\u00e9e Boogie Playa \u00e0 la terrasse PLAT\/FORM\u00a0re\u00e7oit\u00a0aux platines deux OG du DJing hip-hop fran\u00e7ais, DJ LC et le\u00a0dealer de samples Lord Funk.<\/p>\n<p class=\"p1\"><strong>Quand ?<\/strong> 18h-minuit.<br \/><strong>O\u00f9 ?\u00a0<\/strong>14 port de la Gare, Paris 13e.<\/p>\n<p class=\"p1\"><strong>15 ao\u00fbt<\/strong><\/p>\n<p class=\"p1\">L\u2019agence de booking Sonic Soul am\u00e8ne ses DJ dans la friche festive du Jardin21, avec Kazam, Larry Houl, Lejeune et Louise Off Duty qui se relaieront aux platines pour un open air tr\u00e8s groove.<\/p>\n<p class=\"p2\"><strong>Quand ?<\/strong> 21h-4h.<br \/><strong>O\u00f9 ?<\/strong>\u00a012a rue Ella Fitzgerald, Paris 19e.<\/p>\n<p class=\"p1\"><strong>16 ao\u00fbt<\/strong><\/p>\n<p class=\"p1\">La DJ parisienne Piu Piu (ex-Rinse France) mixera sur le rooftop du mus\u00e9e Guimet en compagnie de Bobby D, pour une s\u00e9lecta qui ira dans tous les sens, tant qu\u2019il y aura des grosses basses.<\/p>\n<p class=\"p1\"><strong>Quand ?\u00a0<\/strong>19h-23h30.<strong><br \/><\/strong><strong>O\u00f9 ? <\/strong>rooftop du mus\u00e9e Guimet, 6 place d&rsquo;I\u00e9na, Paris 16e.<\/p>\n<p class=\"p1\"><strong>21 ao\u00fbt<\/strong><\/p>\n<p class=\"p1\">C\u2019est reparti \u00e0 la Rotonde avec l\u2019event Groove Session, qui d\u00e9marre \u00e0 17h en ext\u00e9rieur et finira la soir\u00e9e dans le club indoor. C\u00f4t\u00e9 son, ce sera techno, minimal, trance, parfait pour pour taper du pied sans m\u00eame y penser.<\/p>\n<p class=\"p1\"><strong>Quand ?<\/strong> 17h-2h.<br \/><strong>O\u00f9 ?<\/strong> 6-8 place de la Bataille-de-Stalingrad, Paris 19e.<\/p>\n<p class=\"p1\">Sur le barge Mazette port de la Rap\u00e9e, ce sera ambiance Drag Race, avec une viewing party host\u00e9e par Maxima Laisante et Victoria Lachose pour commencer et des DJ sets tout en queer pour finir.<\/p>\n<p class=\"p1\"><strong>Quand ?<\/strong> 17h-1h.<br \/><strong>O\u00f9 ?<\/strong>\u00a0 69 port de la Rap\u00e9e, Paris 12e.<\/p>\n<p class=\"p1\"><strong>22 ao\u00fbt<\/strong><\/p>\n<p class=\"p1\">Retour de vacances pour le Barboteur, la p\u00e9niche-club itin\u00e9rante du canal de l\u2019Ourcq. C&rsquo;est carr\u00e9ment la Seine qu\u2019a remont\u00e9e le Helios Crew depuis Le Havre pour venir poser ses disques avec les DJ Forest &amp; Germain CLS pour un set hypnotique sous le soleil.<\/p>\n<p class=\"p1\"><strong>Quand ?<\/strong> 18h-minuit.<br \/><strong>O\u00f9 ? <\/strong>20 quai du Lot, Paris 19e.<\/p>\n<p class=\"p1\">Attention nostalgie, c\u2019est le dernier \u00e9t\u00e9 pour profiter des open airs de la Cit\u00e9 Fertile, qui ferme ses portes fin septembre. On y dansera notamment vendredi 22 ao\u00fbt avec les DJ techno du collectif Loophole, et la semaine suivante avec Pardonnez-Nous.<\/p>\n<p class=\"p1\"><strong>Quand ?<\/strong> 18h-1h.<br \/><strong>O\u00f9 ?<\/strong> 14 avenue Edouard-Vaillant, 93500 Pantin.<\/p>\n<p><img decoding=\"async\" id=\"413250a3-9735-2c97-9075-81f334265c6e\" class=\"photo lazy inline\" loading=\"lazy\" data-component=\"lazy-embed\" src=\"https:\/\/www.europesays.com\/fr\/wp-content\/uploads\/2025\/08\/1755029839_945_image.webp.webp\" alt=\"Cit\u00e9 Fertile\" data-caption=\"\" data-credit=\"\u00a9 Cit\u00e9 Fertile\" data-width-class=\"\" data-image-id=\"106011368\"\/>&#13;<br \/>\n\u00a9 Cit\u00e9 Fertile&#13;<\/p>\n<p class=\"p1\"><strong>23 ao\u00fbt<\/strong><\/p>\n<p class=\"p1\">Le Parc Floral accueille plusieurs festivals durant l\u2019\u00e9t\u00e9, dont Classique au Vert, qui pr\u00e9sente ce samedi le duo form\u00e9 par le trompettiste Emile Parisien et le pianiste Roberto Negro. Ils rendront hommage au compositeur autrichien Gy\u00f6rgy Ligeti, dont les \u0153uvres ornent la BO de 2001 : Odyss\u00e9e de l\u2019espace.<\/p>\n<p class=\"p1\"><strong>Quand ?<\/strong> 17h, premi\u00e8re partie \u00e0 15h.<br \/><strong>O\u00f9 ?<\/strong>\u00a0route de la Pyramide, 94080 Vincennes.<\/p>\n<p class=\"p1\"><strong>28 ao\u00fbt<\/strong><\/p>\n<p class=\"p1\">La Petite Halle De La Villette accueille les afters du festival Jazz \u00e0 la Villette, qui s\u2019\u00e9tend du 28 ao\u00fbt jusqu\u2019au 7 septembre \u00e0 c\u00f4t\u00e9. Une s\u00e9rie de concerts gratuits qui d\u00e9marre avec le groupe hybride \u00e9lectro-rock parisien Spoink et le nu-jazz des Wet Enough!?, venus de Besan\u00e7on.<\/p>\n<p class=\"p1\"><strong>Quand ?\u00a0<\/strong>tous les jours\u00a0du 28 ao\u00fbt au 7 septembre,<strong>\u00a0<\/strong>21h-2h.\u00a0<br \/><strong>O\u00f9 ?<\/strong>\u00a0la Petite Halle, 211 avenue Jean-Jaur\u00e8s, Paris 19e.<\/p>\n<p class=\"p1\"><strong>29 ao\u00fbt<\/strong><\/p>\n<p class=\"p1\">Aux commandes de la p\u00e9niche du Barboteur ce vendredi, le collectif bien connu des nuits parisiennes (et d\u2019ailleurs) Soeurs Malsaines, avec une soir\u00e9e intitul\u00e9e \u00c0 Babord Radical\u00b7e, qui promet beats et slogans qui tapent fort. <\/p>\n<p class=\"p3\"><strong>Quand ?<\/strong> 18h-minuit.<br \/><strong>O\u00f9 ?<\/strong> 19 quai du Lot, Paris 19e.<\/p>\n<p class=\"p1\">Le <a href=\"https:\/\/www.timeout.fr\/paris\/actualites\/a-la-fin-de-lete-courez-decouvrir-ce-cine-en-plein-air-dedie-au-court-metrage-a-la-vue-de-dingue-071024\" target=\"_blank\" rel=\"noopener\">festival Silhouette<\/a>, d\u00e9di\u00e9 aux courts-m\u00e9trages, organise des concerts avec une prog de qualit\u00e9 en d\u00e9but de soir\u00e9e, tous les jours jusqu\u2019au 6 septembre, en commen\u00e7ant par le groupe d\u2019afrobeat parisien Akata Kolo Orchestra.<\/p>\n<p class=\"p1\"><strong>Quand ?<\/strong>\u00a0\u00e0 partir de 19h30.<br \/><strong>O\u00f9 ?<\/strong>\u00a0parc de la Butte-du-Chapeau-Rouge, Paris 19e.<\/p>\n<p class=\"p1\"><strong>30 ao\u00fbt<\/strong><\/p>\n<p class=\"p1\">Le collectif reggaeton 2.0 Divin0 fait sa rentr\u00e9e le 30 ao\u00fbt avec un open air qui s\u2019annonce tout de chill v\u00eatu au bassin de la Maltourn\u00e9, \u00e0 Saint-Denis. Aux platines, on retrouvera la boss Anaco et ses blends techno &amp; dembow, et des guests bient\u00f4t annonc\u00e9s !<\/p>\n<p class=\"p1\"><strong>Quand ?<\/strong> 17h-minuit.<br \/><strong>O\u00f9 ?<\/strong>\u00a0bassin de la Maltourn\u00e9e, 93000 Saint-Denis.<\/p>\n","protected":false},"excerpt":{"rendered":"C\u2019est le mois d\u2019ao\u00fbt, et comme souvent en vacances, on ne regarde pas trop \u00e0 la d\u00e9pense. De&hellip;\n","protected":false},"author":2,"featured_media":314696,"comment_status":"","ping_status":"","sticky":false,"template":"","format":"standard","meta":{"footnotes":""},"categories":[1888],"tags":[11,9296,9295,1777,674,1011,27,873,12,626,25],"class_list":{"0":"post-314695","1":"post","2":"type-post","3":"status-publish","4":"format-standard","5":"has-post-thumbnail","7":"category-paris","8":"tag-actualites","9":"tag-actualites-musique","10":"tag-categories-musique","11":"tag-eu","12":"tag-europe","13":"tag-fr","14":"tag-france","15":"tag-musique","16":"tag-news","17":"tag-paris","18":"tag-republique-francaise"},"share_on_mastodon":{"url":"https:\/\/pubeurope.com\/@fr\/115017642498015277","error":""},"_links":{"self":[{"href":"https:\/\/www.europesays.com\/fr\/wp-json\/wp\/v2\/posts\/314695","targetHints":{"allow":["GET"]}}],"collection":[{"href":"https:\/\/www.europesays.com\/fr\/wp-json\/wp\/v2\/posts"}],"about":[{"href":"https:\/\/www.europesays.com\/fr\/wp-json\/wp\/v2\/types\/post"}],"author":[{"embeddable":true,"href":"https:\/\/www.europesays.com\/fr\/wp-json\/wp\/v2\/users\/2"}],"replies":[{"embeddable":true,"href":"https:\/\/www.europesays.com\/fr\/wp-json\/wp\/v2\/comments?post=314695"}],"version-history":[{"count":0,"href":"https:\/\/www.europesays.com\/fr\/wp-json\/wp\/v2\/posts\/314695\/revisions"}],"wp:featuredmedia":[{"embeddable":true,"href":"https:\/\/www.europesays.com\/fr\/wp-json\/wp\/v2\/media\/314696"}],"wp:attachment":[{"href":"https:\/\/www.europesays.com\/fr\/wp-json\/wp\/v2\/media?parent=314695"}],"wp:term":[{"taxonomy":"category","embeddable":true,"href":"https:\/\/www.europesays.com\/fr\/wp-json\/wp\/v2\/categories?post=314695"},{"taxonomy":"post_tag","embeddable":true,"href":"https:\/\/www.europesays.com\/fr\/wp-json\/wp\/v2\/tags?post=314695"}],"curies":[{"name":"wp","href":"https:\/\/api.w.org\/{rel}","templated":true}]}}