{"id":314699,"date":"2025-08-12T20:19:11","date_gmt":"2025-08-12T20:19:11","guid":{"rendered":"https:\/\/www.europesays.com\/fr\/314699\/"},"modified":"2025-08-12T20:19:11","modified_gmt":"2025-08-12T20:19:11","slug":"en-russie-les-nord-coreens-entre-combat-et-travail-force-proche-de-lesclavage","status":"publish","type":"post","link":"https:\/\/www.europesays.com\/fr\/314699\/","title":{"rendered":"En Russie, les Nord-Cor\u00e9ens entre combat et travail forc\u00e9 \u00ab proche de l\u2019esclavage \u00bb"},"content":{"rendered":"<p class=\"mb-4 text-lg md:leading-8 break-words\">Cons\u00e9quence de la guerre en Ukraine, la Russie fait face \u00e0 une p\u00e9nurie de main-d&rsquo;\u0153uvre. Si l&rsquo;on savait d\u00e9j\u00e0 que le Kremlin faisait venir <a class=\"link \" href=\"https:\/\/www.lepoint.fr\/monde\/guerre-en-ukraine-la-coree-du-nord-a-envoye-10-000-soldats-en-russie-selon-le-pentagone-29-10-2024-2573925_24.php\" rel=\"nofollow noopener\" target=\"_blank\" data-ylk=\"slk:des milliers de jeunes Nords-Cor\u00e9ens pour en faire des soldats;elm:context_link;itc:0;sec:content-canvas\">des milliers de jeunes Nords-Cor\u00e9ens pour en faire des soldats<\/a>, les ressortissants de Pyongyang sont aussi employ\u00e9s dans des conditions \u00ab\u00a0\u00e9pouvantables\u00a0\u00bb. La <a class=\"link \" href=\"https:\/\/www.bbc.com\/news\/articles\/c2077gwjlvxo\" rel=\"nofollow noopener\" target=\"_blank\" data-ylk=\"slk:BBC;elm:context_link;itc:0;sec:content-canvas\">BBC<\/a> a r\u00e9cup\u00e9r\u00e9 les t\u00e9moignages de six travailleurs\u00a0qui sont parvenus \u00e0 fuir le pays pour \u00e9chapper \u00e0 un traitement \u00ab\u00a0proche de l&rsquo;esclavage\u00a0\u00bb.<\/p>\n<p class=\"mb-4 text-lg md:leading-8 break-words\">La plupart sont mobilis\u00e9s sur des chantiers, dans des usines de textile ou des centres informatiques. Certains sont aussi affect\u00e9s \u00e0 la reconstruction des zones de guerre. En juin dernier,\u00a0Sergue\u00ef Cho\u00efgou, un haut responsable russe, avait reconnu que <a class=\"link \" href=\"https:\/\/www.lepoint.fr\/monde\/guerre-en-ukraine-des-soldats-nord-coreens-ont-ils-ete-tues-a-koursk-17-12-2024-2578121_24.php\" rel=\"nofollow noopener\" target=\"_blank\" data-ylk=\"slk:5\u00a0000\u00a0Nord-Cor\u00e9ens allaient reb\u00e2tir la r\u00e9gion de Koursk;elm:context_link;itc:0;sec:content-canvas\">5\u00a0000\u00a0Nord-Cor\u00e9ens allaient reb\u00e2tir la r\u00e9gion de Koursk<\/a>, occup\u00e9e par Kiev en 2024.<\/p>\n<p class=\"mb-4 text-lg md:leading-8 break-words\">Tous ces travailleurs d\u00e9crivent des conditions \u00e9reintantes\u00a0:\u00a018\u00a0heures de travail par jour,\u00a02\u00a0jours de repos par an seulement, confinement jour et nuit sur le lieu de travail, surveillance constante par des agents nord-cor\u00e9ens, violences physiques, absence de libert\u00e9 de mouvement&#8230; Ces jeunes hommes sont \u00e9galement log\u00e9s les uns sur les autres dans des conteneurs insalubres ou au pied d&rsquo;immeubles encore en construction.<\/p>\n<p class=\"mb-4 text-lg md:leading-8 break-words\">\u00c0 LIRE AUSSI <strong class=\"strong\"><a href=\"https:\/\/www.lepoint.fr\/monde\/russie-coree-du-nord-je-t-aime-encore-11-11-2024-2574958_24.php\" rel=\"nofollow noopener\" target=\"_blank\" data-ylk=\"slk:Entre la Russie et la Cor\u00e9e du Nord, un mariage de raison;elm:context_link;itc:0;sec:content-canvas\" class=\"link \">Entre la Russie et la Cor\u00e9e du Nord, un mariage de raison<\/a><\/strong><\/p>\n<p class=\"mb-4 text-lg md:leading-8 break-words\">L&rsquo;un d&rsquo;entre eux raconte \u00e0 la BBC ses journ\u00e9es de labeur\u00a0:\u00a0\u00ab\u00a0Certains s&rsquo;endormaient debout ou quittaient leur poste pour dormir, mais les surveillants les retrouvaient et les frappaient. C&rsquo;\u00e9tait vraiment comme si nous [&#8230;] <a href=\"https:\/\/www.lepoint.fr\/monde\/en-russie-les-nord-coreens-entre-combat-et-travail-force-proche-de-l-esclavage-12-08-2025-2596264_24.php\" rel=\"nofollow noopener\" target=\"_blank\" data-ylk=\"slk:Lire la suite;elm:context_link;itc:0;sec:content-canvas\" class=\"link \">Lire la suite<\/a><\/p>\n","protected":false},"excerpt":{"rendered":"Cons\u00e9quence de la guerre en Ukraine, la Russie fait face \u00e0 une p\u00e9nurie de main-d&rsquo;\u0153uvre. Si l&rsquo;on savait&hellip;\n","protected":false},"author":2,"featured_media":314700,"comment_status":"","ping_status":"","sticky":false,"template":"","format":"standard","meta":{"footnotes":""},"categories":[1591],"tags":[11,1887,45389,41095,45387,12,45388,1885,1886,132,45386],"class_list":{"0":"post-314699","1":"post","2":"type-post","3":"status-publish","4":"format-standard","5":"has-post-thumbnail","7":"category-russie","8":"tag-actualites","9":"tag-federation-de-russie","10":"tag-la-coree-du-nord","11":"tag-lieu-de-travail","12":"tag-mariage-de-raison","13":"tag-news","14":"tag-nords-coreens","15":"tag-russia","16":"tag-russian-federation","17":"tag-russie","18":"tag-zones-de-guerre"},"share_on_mastodon":{"url":"https:\/\/pubeurope.com\/@fr\/115017650424304853","error":""},"_links":{"self":[{"href":"https:\/\/www.europesays.com\/fr\/wp-json\/wp\/v2\/posts\/314699","targetHints":{"allow":["GET"]}}],"collection":[{"href":"https:\/\/www.europesays.com\/fr\/wp-json\/wp\/v2\/posts"}],"about":[{"href":"https:\/\/www.europesays.com\/fr\/wp-json\/wp\/v2\/types\/post"}],"author":[{"embeddable":true,"href":"https:\/\/www.europesays.com\/fr\/wp-json\/wp\/v2\/users\/2"}],"replies":[{"embeddable":true,"href":"https:\/\/www.europesays.com\/fr\/wp-json\/wp\/v2\/comments?post=314699"}],"version-history":[{"count":0,"href":"https:\/\/www.europesays.com\/fr\/wp-json\/wp\/v2\/posts\/314699\/revisions"}],"wp:featuredmedia":[{"embeddable":true,"href":"https:\/\/www.europesays.com\/fr\/wp-json\/wp\/v2\/media\/314700"}],"wp:attachment":[{"href":"https:\/\/www.europesays.com\/fr\/wp-json\/wp\/v2\/media?parent=314699"}],"wp:term":[{"taxonomy":"category","embeddable":true,"href":"https:\/\/www.europesays.com\/fr\/wp-json\/wp\/v2\/categories?post=314699"},{"taxonomy":"post_tag","embeddable":true,"href":"https:\/\/www.europesays.com\/fr\/wp-json\/wp\/v2\/tags?post=314699"}],"curies":[{"name":"wp","href":"https:\/\/api.w.org\/{rel}","templated":true}]}}