{"id":314703,"date":"2025-08-12T20:21:20","date_gmt":"2025-08-12T20:21:20","guid":{"rendered":"https:\/\/www.europesays.com\/fr\/314703\/"},"modified":"2025-08-12T20:21:20","modified_gmt":"2025-08-12T20:21:20","slug":"rencontre-trump-poutine-vers-une-escalade-des-tensions-entre-les-etats-unis-et-la-russie","status":"publish","type":"post","link":"https:\/\/www.europesays.com\/fr\/314703\/","title":{"rendered":"Rencontre Trump-Poutine: vers une escalade des tensions entre les \u00c9tats-Unis et la Russie?"},"content":{"rendered":"<p><strong>Ultimatum, d\u00e9ploiement de sous-marins nucl\u00e9aires et menaces \u00e9conomiques: les \u00c9tats-Unis ont durci le ton envers la Russie avant la rencontre de vendredi entre Donald Trump et Vladimir Poutine. Risque-t-on d\u2019assister \u00e0 une escalade des tensions entre les deux pays en cas d\u2019\u00e9chec des n\u00e9gociations?<\/strong><\/p>\n<p class=\"toreadalso-fromEMP\"><strong>\u2022 \u00c0 lire aussi: <\/strong><a href=\"https:\/\/www.24heures.ca\/2025\/08\/12\/et-si-les-femmes-perdaient-le-droit-de-vote-aux-etats-unis-improbable-mais-possible-selon-une-experte\" target=\"72834221-87c6-4bd2-9d05-40811ba94c08\" rel=\"nofollow noopener\"><strong>Et si les femmes perdaient le droit de vote aux \u00c9tats-Unis?<\/strong><\/a><\/p>\n<p class=\"toreadalso-fromEMP\"><strong>\u2022 \u00c0 lire aussi: <\/strong><a href=\"https:\/\/www.24heures.ca\/2025\/08\/11\/le-detecteur-de-mensonges-la-violence-est-hors-de-controle-a-washington-selon-trump\" target=\"12f3cf3f-91bb-444b-adec-1edb0dd16d58\" rel=\"nofollow noopener\"><strong>Le d\u00e9tecteur de mensonges \u2212 La violence \u00abhors de contr\u00f4le\u00bb \u00e0 Washington, dit Trump<\/strong><\/a><\/p>\n<p>Le 19 juillet, Donald Trump a donn\u00e9 10 jours \u00e0 la Russie afin de mettre fin \u00e0 ses attaques en Ukraine.<\/p>\n<p>Moscou a ignor\u00e9 l\u2019ultimatum lanc\u00e9 par Washington en multipliant les attaques d\u2019envergure en sol ukrainien.<\/p>\n<p>Le num\u00e9ro deux du Conseil de s\u00e9curit\u00e9 de la Russie, l\u2019ancien pr\u00e9sident Dmitri Medvedev, a ensuite critiqu\u00e9 la strat\u00e9gie am\u00e9ricaine, le 31 juillet, avertissant que chaque nouvel ultimatum fix\u00e9 par Donald Trump rapprochait les \u00c9tats-Unis d\u2019une guerre directe avec la Russie.<\/p>\n<p>Le locataire de la Maison-Blanche a rapidement r\u00e9pondu \u00e0 ce \u00abcommentaire provocateur\u00bb.<\/p>\n<p>\u00abJ\u2019ai ordonn\u00e9 que deux sous-marins nucl\u00e9aires soient positionn\u00e9s dans les zones appropri\u00e9es, au cas o\u00f9 ces d\u00e9clarations idiotes et incendiaires soient plus s\u00e9rieuses que cela. Les mots comptent et peuvent souvent avoir des cons\u00e9quences impr\u00e9vues, j\u2019esp\u00e8re que cela ne sera pas le cas cette fois\u00bb, a \u00e9crit le pr\u00e9sident am\u00e9ricain dans un message publi\u00e9 sur son r\u00e9seau Truth Social, le 1er ao\u00fbt.<\/p>\n<p>Une d\u00e9claration qui a de quoi inqui\u00e9ter, selon le chercheur \u00e0 l\u2019Observatoire sur les \u00c9tats-Unis de la Chaire Raould-Dandurand, Julien Tourreille.<\/p>\n<p>\u00abC\u2019est troublant de voir que le pr\u00e9sident des \u00c9tats-Unis s\u2019abaisse \u00e0 de telles menaces, parce que c\u2019est un comportement semblable \u00e0 celui de Vladimir Poutine au d\u00e9but de la guerre [contre l\u2019Ukraine]. Peut-\u00eatre que, dans son esprit, c&rsquo;est une fa\u00e7on de faire pression pour obtenir ce qu\u2019il veut, au m\u00eame titre que quand il brandit la menace de tarifs douaniers\u00bb, analyse-t-il.<\/p>\n<p><a href=\"https:\/\/www.24heures.ca\/actualites\/mensongestrump\" target=\"_blank\" rel=\"nofollow noopener\"><br \/>\n    <img decoding=\"async\" src=\"https:\/\/www.europesays.com\/fr\/wp-content\/uploads\/2025\/08\/5217eadd-8baf-45af-8b10-32621caedbc7_detecteur.gif\" class=\"logoJe\"\/><br \/>\n<\/a><\/p>\n<p>  <strong>Vers une escalade des tensions?<\/strong><\/p>\n<p>Il est peu probable que le pr\u00e9sident am\u00e9ricain brandisse \u00e0 nouveau la menace nucl\u00e9aire contre la Russie, croit Julien Tourreille.<\/p>\n<p>\u00abDonald Trump a plusieurs autres options, comme d\u2019imposer des sanctions \u00e9conomiques au pays qui font des affaires avec la Russie ou encore d\u2019augmenter les livraisons d\u2019armes \u00e0 l\u2019Ukraine\u00bb, indique-t-il.<\/p>\n<p><a href=\"https:\/\/e.24heures.ca\/mail\/microsites\/1804\/1\/WC8GGD\" target=\"_blank\" rel=\"nofollow noopener\"><br \/>\n    <img decoding=\"async\" src=\"https:\/\/www.europesays.com\/fr\/wp-content\/uploads\/2025\/05\/d3904739-f05f-423e-8fbb-07d8d5e121de_infolettre2.jpg\" class=\"logoJe\"\/><br \/>\n<\/a><\/p>\n<p>Il estime toutefois que le r\u00e9publicain tentera avant tout d\u2019obtenir une entente.<\/p>\n<p>\u00abJe crois qu\u2019il est plus dans la recherche d\u2019une solution, quitte \u00e0 faire des concessions et \u00e0 accepter plus de demandes de Moscou\u00bb, avance le chercheur.<\/p>\n<p>Le r\u00e9publicain a d\u2019ailleurs indiqu\u00e9 que l\u2019accord qu\u2019il entend soumettre au pr\u00e9sident russe pourrait inclure un \u00ab\u00e9change de territoire\u00bb, sans donner plus de d\u00e9tails.<\/p>\n<p>Un autre sc\u00e9nario possible, plus pr\u00e9occupant pour l\u2019Ukraine, serait que Donald Trump en vienne \u00e0 se d\u00e9sint\u00e9resser du conflit en cas d\u2019\u00e9chec des n\u00e9gociations.<\/p>\n<p>\u00abIl pourrait \u00eatre tent\u00e9 de laisser la Russie aspirer \u00e0 sa zone d\u2019influence tout en laissant les Ukrainiens se d\u00e9brouiller tout seul pour \u00e9viter de perdre la face. C\u2019est quelque chose qui correspondrait avec la personnalit\u00e9 de Trump\u00bb, estime M. Tourreilles.<\/p>\n","protected":false},"excerpt":{"rendered":"Ultimatum, d\u00e9ploiement de sous-marins nucl\u00e9aires et menaces \u00e9conomiques: les \u00c9tats-Unis ont durci le ton envers la Russie avant&hellip;\n","protected":false},"author":2,"featured_media":314704,"comment_status":"","ping_status":"","sticky":false,"template":"","format":"standard","meta":{"footnotes":""},"categories":[1589],"tags":[11,73,1866,12,1864,1865,1863,308],"class_list":{"0":"post-314703","1":"post","2":"type-post","3":"status-publish","4":"format-standard","5":"has-post-thumbnail","7":"category-etats-unis","8":"tag-actualites","9":"tag-etats-unis","10":"tag-etats-unis-damerique","11":"tag-news","12":"tag-united-states","13":"tag-united-states-of-america","14":"tag-us","15":"tag-usa"},"share_on_mastodon":{"url":"https:\/\/pubeurope.com\/@fr\/115017658429503179","error":""},"_links":{"self":[{"href":"https:\/\/www.europesays.com\/fr\/wp-json\/wp\/v2\/posts\/314703","targetHints":{"allow":["GET"]}}],"collection":[{"href":"https:\/\/www.europesays.com\/fr\/wp-json\/wp\/v2\/posts"}],"about":[{"href":"https:\/\/www.europesays.com\/fr\/wp-json\/wp\/v2\/types\/post"}],"author":[{"embeddable":true,"href":"https:\/\/www.europesays.com\/fr\/wp-json\/wp\/v2\/users\/2"}],"replies":[{"embeddable":true,"href":"https:\/\/www.europesays.com\/fr\/wp-json\/wp\/v2\/comments?post=314703"}],"version-history":[{"count":0,"href":"https:\/\/www.europesays.com\/fr\/wp-json\/wp\/v2\/posts\/314703\/revisions"}],"wp:featuredmedia":[{"embeddable":true,"href":"https:\/\/www.europesays.com\/fr\/wp-json\/wp\/v2\/media\/314704"}],"wp:attachment":[{"href":"https:\/\/www.europesays.com\/fr\/wp-json\/wp\/v2\/media?parent=314703"}],"wp:term":[{"taxonomy":"category","embeddable":true,"href":"https:\/\/www.europesays.com\/fr\/wp-json\/wp\/v2\/categories?post=314703"},{"taxonomy":"post_tag","embeddable":true,"href":"https:\/\/www.europesays.com\/fr\/wp-json\/wp\/v2\/tags?post=314703"}],"curies":[{"name":"wp","href":"https:\/\/api.w.org\/{rel}","templated":true}]}}