{"id":314707,"date":"2025-08-12T20:23:16","date_gmt":"2025-08-12T20:23:16","guid":{"rendered":"https:\/\/www.europesays.com\/fr\/314707\/"},"modified":"2025-08-12T20:23:16","modified_gmt":"2025-08-12T20:23:16","slug":"allemagne-des-baigneurs-reclament-de-pouvoir-se-tremper-dans-la-spree","status":"publish","type":"post","link":"https:\/\/www.europesays.com\/fr\/314707\/","title":{"rendered":"Allemagne | Des baigneurs r\u00e9clament de pouvoir se tremper dans la Spr\u00e9e"},"content":{"rendered":"<p>    <video id=\"video-689ba2b010f95\" class=\"video-js vjs-default-skin vjs-fluid vjs-big-play-centered&#10;                 vjs-16-9&#10;                \" data-article-ids=\"[\" data-video-id=\"e77ce7b79ad947e88371640b42b3780f\" data-video-title=\"\u00c0 Berlin, des baigneurs r\u00e9clament de pouvoir se tremper dans la Spr\u00e9e (1)\" data-video-should-skip-pub=\"false\" data-video-duration=\"39\" data-video-ad-keywords=\"video31-60\" data-video-position=\"1\" data-page-type=\"article\" data-page-view=\"desktop\" data-is-header=\"true\" poster=\"https:\/\/mobile-img.lpcdn.ca\/v2\/828x\/0a8cc9e3\/156a9cc77f8a3d84aa60641e1d674db0.jpg\" data-video-encodings=\"{&quot;application\\\/x-mpegURL&quot;:{&quot;src&quot;:&quot;https:\\\/\\\/content.uplynk.com\\\/e77ce7b79ad947e88371640b42b3780f.m3u8?tc=1&amp;exp=1755030492&amp;rn=805429810&amp;ct=a&amp;cid=e77ce7b79ad947e88371640b42b3780f&amp;rays=dcba&amp;sig=4a187d9cc649f7e1ce389d3ba67c8acb2445928eba9c1e36e8cafc1c8f1e93a0&quot;,&quot;type&quot;:&quot;application\\\/x-mpegURL&quot;}}\" data-controls=\"true\" data-muted=\"false\" data-autoplay-setting=\"DEFAULT\" data-loop=\"false\" controls=\"\" width=\"654\" height=\"367\"><br \/>\n        D\u00e9sol\u00e9, votre navigateur ne supporte pas les videos<br \/>\n    <\/video>\n<\/p>\n<p class=\"lead textModule textModule--type-lead \" style=\"\">(Berlin) Des centaines de personnes attendent en maillot de bain, \u00e0 quelques m\u00e8tres de l\u2019avenue historique de Berlin\u00a0: elles se sont jet\u00e9es dans la Spr\u00e9e mardi pour demander la fin d\u2019un si\u00e8cle d\u2019interdiction de la baignade dans cette rivi\u00e8re.<\/p>\n<p>                    Publi\u00e9 \u00e0 15\u00a0h\u00a026<\/p>\n<p>    <a class=\"print\" href=\"https:\/\/www.lapresse.ca\/international\/europe\/2025-08-12\/allemagne\/javascript:window.print();\" title=\"Imprimer la page\" rel=\"nofollow noopener\" target=\"_blank\"><\/p>\n<p>        <img loading=\"lazy\" decoding=\"async\" width=\"16\" height=\"18\" src=\"https:\/\/www.europesays.com\/fr\/wp-content\/uploads\/2025\/04\/share-icon.png\" alt=\"Partager\"\/><\/p>\n<p class=\"paragraph textModule textModule--type-paragraph \" style=\"\">S\u2019immerger devant l\u2019Ile aux Mus\u00e9es, class\u00e9e \u00e0 l\u2019UNESCO, la cath\u00e9drale et la tour de t\u00e9l\u00e9vision en arri\u00e8re-plan, dans le bras canalis\u00e9 de la rivi\u00e8re est une exp\u00e9rience \u00ab\u00a0magnifique\u00a0\u00bb, affirme Alisan Yasar \u00e0 l\u2019AFP.<\/p>\n<p class=\"paragraph textModule textModule--type-paragraph \" style=\"\">Ce juriste \u00e2g\u00e9 de 28\u00a0ans, qui avait \u00ab\u00a0dans la t\u00eate, en tant que Berlinois, qu\u2019on ne va pas dans la Spr\u00e9e\u00a0\u00bb, a voulu ainsi \u00ab\u00a0combattre beaucoup de pr\u00e9jug\u00e9s\u00a0\u00bb.<\/p>\n<p class=\"paragraph textModule textModule--type-paragraph \" style=\"\">En cette chaude journ\u00e9e d\u2019\u00e9t\u00e9, les baigneurs ont r\u00e9pondu \u2013 l\u00e9galement, la manifestation ayant obtenu une d\u00e9rogation \u2013 \u00e0 l\u2019appel de l\u2019association Flussbad, qui r\u00e9clame la fin de l\u2019interdiction de la baignade dans le centre de Berlin.<\/p>\n<p class=\"epigraph textModule textModule--type-epigraph \" style=\"\">Si dans sa banlieue, la capitale allemande regorge de lacs et de rivi\u00e8res qui en font un paradis nautique, la Spr\u00e9e en tant que telle reste interdite \u00e0 la baignade depuis 1925, soit pile un si\u00e8cle.<\/p>\n<p class=\"paragraph textModule textModule--type-paragraph \" style=\"\">Mais \u00ab\u00a0il fait de plus en plus chaud\u00a0\u00bb et il faut donc \u00ab\u00a0plus d\u2019endroits publics pour nager gratuitement dans la ville\u00a0\u00bb, estime Oskar, un participant qui se dit \u00ab\u00a0jaloux des villes\u00a0\u00bb poss\u00e9dant d\u00e9j\u00e0 de tels lieux.<\/p>\n<p>                                        <img decoding=\"async\" src=\"https:\/\/www.europesays.com\/fr\/wp-content\/uploads\/2025\/08\/2799068bb5f63e14bc0e827522d30e8c.jpg\" alt=\"\" class=\"photoModule__visual\" itemprop=\"contentUrl url\"\/><\/p>\n<p class=\"credit photoModule__caption photoModule__caption--credit\" style=\"\">\n                    PHOTO EBRAHIM NOROOZI, ASSOCIATED PRESS\n                <\/p>\n<p class=\"description photoModule__caption photoModule__caption--description\" style=\"\">\n                    Des personnes s\u2019appr\u00eatent \u00e0 nager dans la Spr\u00e9e, \u00e0 Berlin\n                <\/p>\n<p class=\"paragraph textModule textModule--type-paragraph \" style=\"\">C\u2019est d\u00e9sormais le cas de Paris, depuis l\u2019ouverture d\u00e9but juillet de trois sites de baignade, dont un pr\u00e8s de la tour Eiffel, qui ont d\u00e9j\u00e0 accueilli plusieurs dizaines de milliers de personnes.<\/p>\n<p class=\"paragraph textModule textModule--type-paragraph \" style=\"\">Les Jeux olympiques de 2024, avec plusieurs \u00e9preuves disput\u00e9es dans la Seine, avaient amen\u00e9 les autorit\u00e9s \u00e0 redoubler de moyens pour d\u00e9polluer le fleuve, avec des travaux de captation des eaux us\u00e9es pour \u00e9viter qu\u2019elles ne s\u2019y d\u00e9versent.<\/p>\n<p class=\"paragraph textModule textModule--type-paragraph \" style=\"\">\u00c0 Berlin, l\u2019initiative, lanc\u00e9e au d\u00e9but des ann\u00e9es\u00a02010, est confront\u00e9e \u00e0 des retards et \u00e0 des d\u00e9saccords sur les infrastructures n\u00e9cessaires.<\/p>\n<p class=\"epigraph textModule textModule--type-epigraph \" style=\"\">Ferm\u00e9 \u00e0 la navigation fluviale, le \u00ab\u00a0canal de la Spr\u00e9e\u00a0\u00bb \u00e9tait un lieu de baignade populaire au d\u00e9but du XXe\u00a0si\u00e8cle avant que les autorit\u00e9s municipales n\u2019interdisent cette pratique, affirmant que la pollution due \u00e0 l\u2019expansion de la m\u00e9tropole rendait l\u2019eau trop sale.<\/p>\n<p class=\"paragraph textModule textModule--type-paragraph \" style=\"\">\u00ab\u00a0Nous mesurons l\u2019eau\u00a0\u00bb dont la qualit\u00e9 \u00ab\u00a0est bonne\u00a0\u00bb, assure Katrin Androschin, une responsable de Flussbad. La qualit\u00e9 de l\u2019eau est insuffisante \u00ab\u00a0seulement quelques jours par an\u00a0\u00bb, selon elle.<\/p>\n<p class=\"paragraph textModule textModule--type-paragraph \" style=\"\">Ailleurs en Allemagne, certaines parties de la rivi\u00e8re Isar \u00e0 Munich ont \u00e9t\u00e9 am\u00e9nag\u00e9es pour la baignade, permise une fois les eaux us\u00e9es de la ville d\u00e9sinfect\u00e9es au rayonnement UV.<\/p>\n<p class=\"paragraph textModule textModule--type-paragraph \" style=\"\">Cependant, plusieurs villes de l\u2019ouest de l\u2019Allemagne envisagent d\u2019interdire la baignade dans le Rhin apr\u00e8s plusieurs cas de noyades.<\/p>\n","protected":false},"excerpt":{"rendered":"D\u00e9sol\u00e9, votre navigateur ne supporte pas les videos (Berlin) Des centaines de personnes attendent en maillot de bain,&hellip;\n","protected":false},"author":2,"featured_media":314708,"comment_status":"","ping_status":"","sticky":false,"template":"","format":"standard","meta":{"footnotes":""},"categories":[1587],"tags":[11,672,1804,1805,1803,1777,674,1801,12,1802],"class_list":{"0":"post-314707","1":"post","2":"type-post","3":"status-publish","4":"format-standard","5":"has-post-thumbnail","7":"category-allemagne","8":"tag-actualites","9":"tag-allemagne","10":"tag-bundesrepublik-deutschland","11":"tag-de","12":"tag-deutschland","13":"tag-eu","14":"tag-europe","15":"tag-germany","16":"tag-news","17":"tag-republique-federale-dallemagne"},"share_on_mastodon":{"url":"https:\/\/pubeurope.com\/@fr\/115017666212116859","error":""},"_links":{"self":[{"href":"https:\/\/www.europesays.com\/fr\/wp-json\/wp\/v2\/posts\/314707","targetHints":{"allow":["GET"]}}],"collection":[{"href":"https:\/\/www.europesays.com\/fr\/wp-json\/wp\/v2\/posts"}],"about":[{"href":"https:\/\/www.europesays.com\/fr\/wp-json\/wp\/v2\/types\/post"}],"author":[{"embeddable":true,"href":"https:\/\/www.europesays.com\/fr\/wp-json\/wp\/v2\/users\/2"}],"replies":[{"embeddable":true,"href":"https:\/\/www.europesays.com\/fr\/wp-json\/wp\/v2\/comments?post=314707"}],"version-history":[{"count":0,"href":"https:\/\/www.europesays.com\/fr\/wp-json\/wp\/v2\/posts\/314707\/revisions"}],"wp:featuredmedia":[{"embeddable":true,"href":"https:\/\/www.europesays.com\/fr\/wp-json\/wp\/v2\/media\/314708"}],"wp:attachment":[{"href":"https:\/\/www.europesays.com\/fr\/wp-json\/wp\/v2\/media?parent=314707"}],"wp:term":[{"taxonomy":"category","embeddable":true,"href":"https:\/\/www.europesays.com\/fr\/wp-json\/wp\/v2\/categories?post=314707"},{"taxonomy":"post_tag","embeddable":true,"href":"https:\/\/www.europesays.com\/fr\/wp-json\/wp\/v2\/tags?post=314707"}],"curies":[{"name":"wp","href":"https:\/\/api.w.org\/{rel}","templated":true}]}}