{"id":314737,"date":"2025-08-12T20:41:12","date_gmt":"2025-08-12T20:41:12","guid":{"rendered":"https:\/\/www.europesays.com\/fr\/314737\/"},"modified":"2025-08-12T20:41:12","modified_gmt":"2025-08-12T20:41:12","slug":"avant-premiere-demain-nous-appartient-du-14-aout-2025-episode-2009-tf1","status":"publish","type":"post","link":"https:\/\/www.europesays.com\/fr\/314737\/","title":{"rendered":"Avant-premi\u00e8re &#8211; Demain nous appartient du 14 ao\u00fbt 2025 &#8211; Episode 2009 &#8211; TF1+"},"content":{"rendered":"<ol>\n<li><a href=\"https:\/\/news.google.com\/rss\/articles\/CBMizgFBVV95cUxNR1RJOEJpQ1I2TXQzVzBoMTRwcmlyM0JJeDZud3lYRnV1Mk9DM1c0R1A0QVA0MXA1TEsydVlvbXh0M1ZvbE1OS2hYaGZrTU5Wdl93ekthdkRNVHZuR0sxSmF4aEVXNGpiTC12ZEdad3E2bWtnRDlnOU93bVBYU0p6cWdPNkdPQnhCWE4xSkVuUV9JaTBSY0dTWGtFX0xfcEN0dm9qYnZTNXdiOHRuZEpuTk9HeVVUUWZvLWI4bXMzQVN0SDZFXzhEdnotM3BPZw?oc=5\" target=\"_blank\" rel=\"noopener\">Avant-premi\u00e8re &#8211; Demain nous appartient du 14 ao\u00fbt 2025 &#8211; Episode 2009<\/a>&nbsp;&nbsp;TF1+<\/li>\n<li><a href=\"https:\/\/news.google.com\/rss\/articles\/CBMikgJBVV95cUxQNngweXhHVnZDcWFYekgwUmNkczdVdjlvbVh1MzNHMHBIN0hReUVlOHg1RUJFVUl0RXlmSnBCMUhJcWU0MlJXQVM0VzU3Z0RqVDQ3dUowQUJRQk14blBRaWRfNkZNUUhBYmlyVnRoVjJ6TTZQZGVaU25BRy1OdEdadUtGZURhRmxPbzNScmdfRzdtYUxuWGs4a0tuQkpLTWM1YW5EaTh1TE1KdGNlcW9hYlhtVm8zTlU5aUFwSmFhLVh5TjFzV1dEcF9ZZ2xxQmFhbTZMdzFEM3RyLXg5QldIVnNrY01IZEloTkJ0Q2dmRVhGTkkyd21CbHpZUGJwbXI2dWd0TThoUmIyUDlpaVBldzhR?oc=5\" target=\"_blank\" rel=\"noopener\">Demain nous appartient en avance : Bart victime d&rsquo;une terrible explosion ! Est-il mort ? Le r\u00e9sum\u00e9 de l&rsquo;\u00e9pisode 2007 du mardi 12 ao\u00fbt 2025<\/a>&nbsp;&nbsp;programme-tv.net<\/li>\n<li><a href=\"https:\/\/news.google.com\/rss\/articles\/CBMiuAJBVV95cUxQZzVGNFVqMlBGS1Fab2duZDlTM05BZWdTM1BIMk5BY1N0WlpsLUZaNlNicXhzQ01EeC1UdmxnWkNwQTZNN0FwS0lCQ2tNLUl5SG5ORmdoR2w4QWVWdi1rcy14VFZvR0lGQWtEX0NOSnZqMXJycGFnemRRcXY5MGdJVUQ4SmFqdTh4WlVhTi1rbWltblg2WVJ5ZlhnR054OGR0VUxXazdjU1A3UzFYYlFSbXVaS1RTdU9oODV1aHVjTVktVlR5REYxOWdCSGU2MHBvVlVXNTViY2tTdy1rV0lucjNZZzdlM0FmaEl4MlgydFVxUHNrYkMyWjd6VjR1cUdaZkE4RDVxT0xZSXJwNF91ZVJ3d2piaHM3TzdPWmZXczZkckVRQlZ3cDYtUjRvZ2FHZEJIOTBNNms?oc=5\" target=\"_blank\" rel=\"noopener\">Demain nous appartient : Violette utilise Marceau pour arriver \u00e0 ses fins\u2026 Que va-t-il se passer dans les \u00e9pisodes de cette semaine sur TF1 ?<\/a>&nbsp;&nbsp;T\u00e9l\u00e9 7 Jours<\/li>\n<li><a href=\"https:\/\/news.google.com\/rss\/articles\/CBMiogJBVV95cUxPT3lXR2ljNDBabF9TMGw5RFh1U090XzdRaFZuT0o5MmNFeWVyU3JXNGg4R0h3MlpKVWxqRm9hSXRYNnhCZ21UNlZ0blNuY2tzZF84SWpaYXdvWnFidzRHbHJuWEdGdWE4R3JBVjVQMmdnd3hqTFRTQm10SlhDbTJEZ251Q0lscUNXZGh3dFlyM0VTZ0dBMWZ0MThZS0I4NEpscXQ2WTFIZE1veFgyMzBsRXVKcklPRTd4V0tCYXV3NDh5bXI4NHNUbG50ZDdpbFZkTmlhc0lkak5GOGFQVFMzUnN1aE1DOVBLOGExN2ZwVzZDZk5GN3hDRDdqc01zMF9BeEFpaUZDVy1nZldvSjVCel8xMEJrWEpTbTdITFVfWXduUQ?oc=5\" target=\"_blank\" rel=\"noopener\">Aurore face \u00e0 l\u2019impensable : le lourd secret de Ludo enfin r\u00e9v\u00e9l\u00e9 &#8211; Demain nous appartient 18 ao\u00fbt 2025 (\u00e9pisode 2011 &#8211; r\u00e9sum\u00e9 complet DNA)<\/a>&nbsp;&nbsp;Nouveaut\u00e9s-T\u00e9l\u00e9.com<\/li>\n<li><a href=\"https:\/\/news.google.com\/rss\/articles\/CBMifkFVX3lxTFBQME8yWnhWMXdIYzIwWjUzUHJrekNKSUtXOGs5eGkyWVlJN3hrWU9CenMtZmpmTVlCdXhQWmdlVk0zYzNIbkFmaVdsWW9sNHhzZC1fQ01GRmMzdWpnOVhnYXhReGdfeU1KSG1MSmE5X1Y0UV90dFVETVVyTml3dw?oc=5\" target=\"_blank\" rel=\"noopener\">Demain nous appartient : ce qui vous attend dans l&rsquo;\u00e9pisode 2008 du mercredi 13 ao\u00fbt 2025 [SPOILERS]<\/a>&nbsp;&nbsp;AlloCin\u00e9<\/li>\n<\/ol>\n","protected":false},"excerpt":{"rendered":"Avant-premi\u00e8re &#8211; Demain nous appartient du 14 ao\u00fbt 2025 &#8211; Episode 2009&nbsp;&nbsp;TF1+ Demain nous appartient en avance :&hellip;\n","protected":false},"author":2,"featured_media":314738,"comment_status":"","ping_status":"","sticky":false,"template":"","format":"standard","meta":{"footnotes":""},"categories":[1356],"tags":[4090,43004,58,59,1365,4089,43003,41047,1011,27,43001,43011,43015,43002,43012,43016,43008,43007,43013,43014,43009,43010,252,1364,43005,43006],"class_list":{"0":"post-314737","1":"post","2":"type-post","3":"status-publish","4":"format-standard","5":"has-post-thumbnail","7":"category-television","8":"tag-demain-nous-appartient-episode","9":"tag-demain-nous-appartient-episode-tf1","10":"tag-divertissement","11":"tag-entertainment","12":"tag-episode","13":"tag-episode-demain-nous-appartient","14":"tag-episode-demain-nous-appartient-tf1","15":"tag-episode-tf1","16":"tag-fr","17":"tag-france","18":"tag-serie-demain-nous-appartient","19":"tag-serie-demain-nous-appartient-streaming","20":"tag-serie-demain-nous-appartient-streaming-gratuit","21":"tag-serie-demain-nous-appartient-tf1","22":"tag-serie-demain-nous-appartient-tf1-streaming","23":"tag-serie-demain-nous-appartient-tf1-streaming-gratuit","24":"tag-serie-demain-nous-appartient-tf1-video","25":"tag-serie-demain-nous-appartient-video","26":"tag-streaming-gratuit-serie-demain-nous-appartient","27":"tag-streaming-gratuit-serie-demain-nous-appartient-tf1","28":"tag-streaming-serie-demain-nous-appartient","29":"tag-streaming-serie-demain-nous-appartient-tf1","30":"tag-television","31":"tag-tv","32":"tag-video-serie-demain-nous-appartient","33":"tag-video-serie-demain-nous-appartient-tf1"},"share_on_mastodon":{"url":"","error":"Validation failed: Text character limit of 500 exceeded"},"_links":{"self":[{"href":"https:\/\/www.europesays.com\/fr\/wp-json\/wp\/v2\/posts\/314737","targetHints":{"allow":["GET"]}}],"collection":[{"href":"https:\/\/www.europesays.com\/fr\/wp-json\/wp\/v2\/posts"}],"about":[{"href":"https:\/\/www.europesays.com\/fr\/wp-json\/wp\/v2\/types\/post"}],"author":[{"embeddable":true,"href":"https:\/\/www.europesays.com\/fr\/wp-json\/wp\/v2\/users\/2"}],"replies":[{"embeddable":true,"href":"https:\/\/www.europesays.com\/fr\/wp-json\/wp\/v2\/comments?post=314737"}],"version-history":[{"count":0,"href":"https:\/\/www.europesays.com\/fr\/wp-json\/wp\/v2\/posts\/314737\/revisions"}],"wp:featuredmedia":[{"embeddable":true,"href":"https:\/\/www.europesays.com\/fr\/wp-json\/wp\/v2\/media\/314738"}],"wp:attachment":[{"href":"https:\/\/www.europesays.com\/fr\/wp-json\/wp\/v2\/media?parent=314737"}],"wp:term":[{"taxonomy":"category","embeddable":true,"href":"https:\/\/www.europesays.com\/fr\/wp-json\/wp\/v2\/categories?post=314737"},{"taxonomy":"post_tag","embeddable":true,"href":"https:\/\/www.europesays.com\/fr\/wp-json\/wp\/v2\/tags?post=314737"}],"curies":[{"name":"wp","href":"https:\/\/api.w.org\/{rel}","templated":true}]}}