{"id":314749,"date":"2025-08-12T20:47:14","date_gmt":"2025-08-12T20:47:14","guid":{"rendered":"https:\/\/www.europesays.com\/fr\/314749\/"},"modified":"2025-08-12T20:47:14","modified_gmt":"2025-08-12T20:47:14","slug":"a-quelle-heure-mettre-son-reveil-pour-observer-la-pluie-detoiles-filantes-de-ce-mardi","status":"publish","type":"post","link":"https:\/\/www.europesays.com\/fr\/314749\/","title":{"rendered":"\u00e0 quelle heure mettre son r\u00e9veil pour observer la pluie d&rsquo;\u00e9toiles filantes de ce mardi\u00a0?"},"content":{"rendered":"<p>            Par<br \/>\n        <strong><br \/>\n            <a href=\"https:\/\/actu.fr\/auteur\/jade-lacroix\" title=\"Consulter tous les articles de Jade Lacroix\" target=\"_blank\" rel=\"noopener\">Jade Lacroix<\/a><br \/>\n        <\/strong><\/p>\n<p>        Publi\u00e9 le<\/p>\n<p>            12 ao\u00fbt 2025 \u00e0 16h57        <\/p>\n<p>Comme chaque ann\u00e9e, c\u2019est le retour du <a href=\"https:\/\/actu.fr\/societe\/c-est-bientot-le-pic-des-perseides-quand-ou-et-comment-observer-les-etoiles-filantes-cet-ete_63009476.html\" target=\"_blank\" rel=\"noopener\"><strong>pic des Pers\u00e9ides<\/strong><\/a> en ce mois d\u2019ao\u00fbt. Il devrait nous offrir un joli spectacle <strong>dans la nuit du 12\u00a0au 13\u00a0ao\u00fbt 2025<\/strong>.<\/p>\n<p class=\" wall-content\">Pour \u00eatre s\u00fbr d\u2019avoir le maximum de chance d\u2019observer une pluie d\u2019\u00e9toiles filantes, il faudra mettre un r\u00e9veil. Car le pic de ce ph\u00e9nom\u00e8ne qui ravit petits et grands aura lieu<strong> tard dans la nuit\u2026 ou t\u00f4t le matin<\/strong>, \u00e7a d\u00e9pend comment on voit les choses\u2009!<\/p>\n<p>Une observation bien plus difficile en ville<\/p>\n<p class=\" wall-content\">\u00c0 l\u2019\u00e9t\u00e9 2024, lors du pic d\u2019intensit\u00e9, on comptait entre 70 et 110 \u00e9toiles filantes qui tombaient chaque heure. Cette ann\u00e9e, l\u2019activit\u00e9 sera moins \u00e9lev\u00e9e dans le ciel.<\/p>\n<p class=\" wall-content\">Les amateurs d\u2019astronomie vont tout de m\u00eame pouvoir en observer <strong>une quarantaine par heure<\/strong> \u00ab\u2009du 10 au 14\u00a0ao\u00fbt 2025, environ\u2009\u00bb, avait confirm\u00e9 Karl Antier, pr\u00e9sident de la Commission des m\u00e9t\u00e9orites, m\u00e9t\u00e9ores et impactismes \u00e0 la Soci\u00e9t\u00e9 astronomique de France (SAF), <a href=\"https:\/\/actu.fr\/sciences-technologie\/etoiles-filantes-la-pluie-des-perseides-a-commence-quel-spectacle-nous-reserve-t-elle-et-comment-l-observer_62943049.html\" target=\"_blank\" rel=\"noopener\">aupr\u00e8s d\u2019actu.fr<\/a>.<\/p>\n<p class=\" wall-content\">Pour observer au mieux ces \u00e9toiles filantes, il faudra se rendre dans<strong> un endroit \u00e9pargn\u00e9 de toute pollution lumineuse<\/strong>. Pourquoi pas en campagne, \u00e0 la montagne ou dans une des communes labellis\u00e9es \u00ab\u2009Villes et villages \u00e9toil\u00e9s\u2009\u00bb.<\/p>\n<p class=\" wall-content\">\u00c0 noter que <a href=\"https:\/\/actu.fr\/societe\/c-est-bientot-le-pic-des-perseides-quand-ou-et-comment-observer-les-etoiles-filantes-cet-ete_63009476.html\" target=\"_blank\" rel=\"noopener\">la constellation de Pers\u00e9e<\/a>, d\u2019o\u00f9 semblent \u00e9maner les Pers\u00e9ides, est \u00e9lev\u00e9e dans le ciel. Qu\u2019importe donc si l\u2019horizon est peu d\u00e9gag\u00e9.<\/p>\n<p class=\" wall-content\">D\u2019ailleurs, il n\u2019est pas n\u00e9cessaire de regarder dans la direction de la constellation. La position du regard n\u2019est pas l\u2019essentiel.<\/p>\n<p>Une visibilit\u00e9 maximum le matin<\/p>\n<p class=\" wall-content\">Le maximum de leur visibilit\u00e9 devrait \u00eatre atteint dans la nuit du 12 au 13 ao\u00fbt. Elles pourront \u00eatre observ\u00e9es <strong>d\u00e8s la tomb\u00e9e de la nuit<\/strong>, soit entre 20h50 et 21h50 suivant o\u00f9 vous vous trouvez en France. Mais, ne vous attendez pas \u00e0 trop \u00e0 cette heure-ci.<\/p>\n<p class=\" wall-content\">Ce n\u2019est qu\u2019\u00e0 partir d\u2019une heure du matin que le spectacle commence vraiment, et<strong> plus ou moins 3h<\/strong> qu\u2019il peut \u00eatre impressionnant. \u00ab\u2009C\u2019est parce que le radiant, l\u2019endroit d\u2019o\u00f9 elles donnent l\u2019impression d\u2019arriver, ne sera haut dans le ciel que tard dans la nuit\u2009\u00bb, expliquait le pr\u00e9sident de la Commission des m\u00e9t\u00e9orites \u00e0 actu.fr, pour <a href=\"https:\/\/actu.fr\/sciences-technologie\/etoiles-filantes-la-pluie-des-perseides-a-commence-quel-spectacle-nous-reserve-t-elle-et-comment-l-observer_62943049.html\" target=\"_blank\" rel=\"noopener\">un pr\u00e9c\u00e9dent papier<\/a> le 26\u00a0juillet dernier.<\/p>\n<p class=\" wall-content\">Les Pers\u00e9ides ont la particularit\u00e9 d\u2019\u00eatre un spectacle de fin de nuit. Le pic est attendu \u00e0 <strong>6h du matin<\/strong>, indique, de son c\u00f4t\u00e9, <a href=\"https:\/\/www.cite-espace.com\/actualites-spatiales\/le-ciel-daout-2025\/\" target=\"_blank\" rel=\"noopener\">la Cit\u00e9 de l\u2019espace<\/a>.<\/p>\n<p class=\" wall-content\">Et s\u2019il n\u2019est pas possible de les admirer \u00e0 leur pic d\u2019activit\u00e9, pas d\u2019inqui\u00e9tude. Le spectacle des \u00e9toiles filantes se poursuit jusqu\u2019\u00e0 d\u00e9but septembre.<\/p>\n<p class=\" wall-content\">Suivez toute l\u2019actualit\u00e9 de vos villes et m\u00e9dias favoris en vous inscrivant \u00e0 <a href=\"https:\/\/moncompte.actu.fr\" title=\"D\u00e9couvez Mon Actu\" rel=\"nofollow noopener\" data-trk=\"{&quot;cta&quot;:{&quot;action&quot;:&quot;https:\\\/\\\/moncompte.actu.fr&quot;,&quot;category&quot;:&quot;mon compte&quot;,&quot;from&quot;:&quot;article footer&quot;,&quot;name&quot;:&quot;Mon actu&quot;,&quot;type&quot;:&quot;cta&quot;}}\" target=\"_blank\">Mon Actu<\/a>.<\/p>\n","protected":false},"excerpt":{"rendered":"Par Jade Lacroix Publi\u00e9 le 12 ao\u00fbt 2025 \u00e0 16h57 Comme chaque ann\u00e9e, c\u2019est le retour du pic&hellip;\n","protected":false},"author":2,"featured_media":314750,"comment_status":"","ping_status":"","sticky":false,"template":"","format":"standard","meta":{"footnotes":""},"categories":[7],"tags":[48,1011,27,43,40,41,39,2631,42,44],"class_list":{"0":"post-314749","1":"post","2":"type-post","3":"status-publish","4":"format-standard","5":"has-post-thumbnail","7":"category-sciences-et-technologies","8":"tag-astronomie","9":"tag-fr","10":"tag-france","11":"tag-science","12":"tag-science-and-technology","13":"tag-sciences","14":"tag-sciences-et-technologies","15":"tag-sciences-technologie","16":"tag-technologies","17":"tag-technology"},"share_on_mastodon":{"url":"https:\/\/pubeurope.com\/@fr\/115017760453589648","error":""},"_links":{"self":[{"href":"https:\/\/www.europesays.com\/fr\/wp-json\/wp\/v2\/posts\/314749","targetHints":{"allow":["GET"]}}],"collection":[{"href":"https:\/\/www.europesays.com\/fr\/wp-json\/wp\/v2\/posts"}],"about":[{"href":"https:\/\/www.europesays.com\/fr\/wp-json\/wp\/v2\/types\/post"}],"author":[{"embeddable":true,"href":"https:\/\/www.europesays.com\/fr\/wp-json\/wp\/v2\/users\/2"}],"replies":[{"embeddable":true,"href":"https:\/\/www.europesays.com\/fr\/wp-json\/wp\/v2\/comments?post=314749"}],"version-history":[{"count":0,"href":"https:\/\/www.europesays.com\/fr\/wp-json\/wp\/v2\/posts\/314749\/revisions"}],"wp:featuredmedia":[{"embeddable":true,"href":"https:\/\/www.europesays.com\/fr\/wp-json\/wp\/v2\/media\/314750"}],"wp:attachment":[{"href":"https:\/\/www.europesays.com\/fr\/wp-json\/wp\/v2\/media?parent=314749"}],"wp:term":[{"taxonomy":"category","embeddable":true,"href":"https:\/\/www.europesays.com\/fr\/wp-json\/wp\/v2\/categories?post=314749"},{"taxonomy":"post_tag","embeddable":true,"href":"https:\/\/www.europesays.com\/fr\/wp-json\/wp\/v2\/tags?post=314749"}],"curies":[{"name":"wp","href":"https:\/\/api.w.org\/{rel}","templated":true}]}}