{"id":314753,"date":"2025-08-12T20:49:11","date_gmt":"2025-08-12T20:49:11","guid":{"rendered":"https:\/\/www.europesays.com\/fr\/314753\/"},"modified":"2025-08-12T20:49:11","modified_gmt":"2025-08-12T20:49:11","slug":"marco-rubio-et-serguei-lavrov-se-sont-entretenus-avant-la-rencontre-de-leurs-deux-presidents-en-alaska","status":"publish","type":"post","link":"https:\/\/www.europesays.com\/fr\/314753\/","title":{"rendered":"Marco Rubio et Sergue\u00ef Lavrov se sont entretenus avant la rencontre de leurs deux pr\u00e9sidents en Alaska"},"content":{"rendered":"<p>Les deux chefs de la diplomatie russe et am\u00e9ricaine se sont chacun engag\u00e9s \u00e0 faire la rencontre entre Donald Trump et Vladimir Poutine \u00abun succ\u00e8s\u00bb.<\/p>\n<p class=\"fig-paragraph\">Le chef de la diplomatie am\u00e9ricaine Marco Rubio s&rsquo;est entretenu mardi au t\u00e9l\u00e9phone avec son homologue\u00a0<a href=\"http:\/\/www.lefigaro.fr\/international\/guerre-en-ukraine-pour-serguei-lavrov-l-allemagne-et-l-europe-suivent-la-voie-d-un-quatrieme-reich-20250801\" data-fig-type=\"NewsFlash\" data-gtm-custom-categorie=\"navigation\" data-gtm-custom-action=\"crossclick\" data-gtm-custom-label=\"Contextuel\" data-gtm-event=\"customEventSPE\" data-fig-domain=\"LEFIGARO\" target=\"_blank\" rel=\"noopener\">russe Sergue\u00ef Lavrov<\/a>\u00a0afin de pr\u00e9parer le sommet entre les dirigeants am\u00e9ricain Donald Trump et russe Vladimir Poutine en Alaska vendredi, a indiqu\u00e9 sa porte-parole. \u00abLes deux parties ont confirm\u00e9 leur engagement \u00e0 faire de cet \u00e9v\u00e9nement un succ\u00e8s\u00bb, a d\u00e9clar\u00e9 Tammy Bruce aux journalistes, en soulignant que le sommet a lieu \u00ab\u00e0 la demande\u00bb du pr\u00e9sident russe.<\/p>\n<p class=\"fig-paragraph\">Peu avant, interrog\u00e9 lors d&rsquo;une \u00e9mission de radio, le secr\u00e9taire d&rsquo;\u00c9tat am\u00e9ricain avait r\u00e9fut\u00e9 toute allusion selon laquelle\u00a0<a href=\"http:\/\/www.lefigaro.fr\/flash-actu\/nous-ne-nous-retirerons-pas-du-donbass-assure-volodymyr-zelensky-avant-la-rencontre-entre-trump-et-poutine-20250812\" data-fig-type=\"NewsFlash\" data-gtm-custom-categorie=\"navigation\" data-gtm-custom-action=\"crossclick\" data-gtm-custom-label=\"Contextuel\" data-gtm-event=\"customEventSPE\" data-fig-domain=\"LEFIGARO\" target=\"_blank\" rel=\"noopener\">le sommet serait une r\u00e9compense faite au dirigeant russe,\u00a0<\/a>accus\u00e9 de crimes de guerre en Ukraine.<\/p>\n<p>                                    <a class=\"fig-a11y-skip a11y-hidden\" href=\"#fig-a11y-skip-main-inarticle\"><br \/>\n        Passer la publicit\u00e9<br \/>\n    <\/a><\/p>\n<p>\u00abUne r\u00e9union n\u2019est pas une concession\u00bb<\/p>\n<p class=\"fig-paragraph\">Le pr\u00e9sident\u00a0<a href=\"http:\/\/www.lefigaro.fr\/flash-actu\/nous-ne-nous-retirerons-pas-du-donbass-assure-volodymyr-zelensky-avant-la-rencontre-entre-trump-et-poutine-20250812\" data-fig-type=\"NewsFlash\" data-gtm-custom-categorie=\"navigation\" data-gtm-custom-action=\"crossclick\" data-gtm-custom-label=\"Contextuel\" data-gtm-event=\"customEventSPE\" data-fig-domain=\"LEFIGARO\" target=\"_blank\" rel=\"noopener\">ukrainien Volodymyr Zelensky<\/a>\u00a0a estim\u00e9 mardi que cette rencontre \u00e9tait une \u00abvictoire personnelle\u00bb pour le dirigeant russe, tout en soulignant que Kiev excluait tout retrait de ses forces dans l&rsquo;est de l&rsquo;Ukraine dans le cadre d&rsquo;un possible accord de paix. \u00abLes gens doivent comprendre que, pour le pr\u00e9sident Trump, une r\u00e9union n&rsquo;est pas une concession\u00bb, a d\u00e9clar\u00e9 Marco Rubio disant qu&rsquo;il s&rsquo;agissait pour le pr\u00e9sident am\u00e9ricain \u00abde regarder cet homme dans les yeux\u00bb afin de prendre une d\u00e9cision.<\/p>\n<p class=\"fig-paragraph\">\u00abLe pr\u00e9sident se dit\u00a0: je dois regarder ce type assis en face de moi. J&rsquo;ai besoin de le voir en face-\u00e0-face. De l&rsquo;entendre. J&rsquo;ai besoin de l&rsquo;\u00e9valuer en le regardant\u00bb, a-t-il dit. La rencontre entre Donald Trump et Vladimir Poutine se d\u00e9roulera a priori sans Volodymyr Zelensky, suscitant des inqui\u00e9tudes quant \u00e0 la possibilit\u00e9 d&rsquo;un accord aux d\u00e9pens de l&rsquo;Ukraine.<\/p>\n","protected":false},"excerpt":{"rendered":"Les deux chefs de la diplomatie russe et am\u00e9ricaine se sont chacun engag\u00e9s \u00e0 faire la rencontre entre&hellip;\n","protected":false},"author":2,"featured_media":314754,"comment_status":"","ping_status":"","sticky":false,"template":"","format":"standard","meta":{"footnotes":""},"categories":[5],"tags":[11,36796,1011,27,14,12,1135,28],"class_list":{"0":"post-314753","1":"post","2":"type-post","3":"status-publish","4":"format-standard","5":"has-post-thumbnail","7":"category-international","8":"tag-actualites","9":"tag-alaska","10":"tag-fr","11":"tag-france","12":"tag-international","13":"tag-news","14":"tag-serguei-lavrov","15":"tag-world"},"share_on_mastodon":{"url":"https:\/\/pubeurope.com\/@fr\/115017768340327326","error":""},"_links":{"self":[{"href":"https:\/\/www.europesays.com\/fr\/wp-json\/wp\/v2\/posts\/314753","targetHints":{"allow":["GET"]}}],"collection":[{"href":"https:\/\/www.europesays.com\/fr\/wp-json\/wp\/v2\/posts"}],"about":[{"href":"https:\/\/www.europesays.com\/fr\/wp-json\/wp\/v2\/types\/post"}],"author":[{"embeddable":true,"href":"https:\/\/www.europesays.com\/fr\/wp-json\/wp\/v2\/users\/2"}],"replies":[{"embeddable":true,"href":"https:\/\/www.europesays.com\/fr\/wp-json\/wp\/v2\/comments?post=314753"}],"version-history":[{"count":0,"href":"https:\/\/www.europesays.com\/fr\/wp-json\/wp\/v2\/posts\/314753\/revisions"}],"wp:featuredmedia":[{"embeddable":true,"href":"https:\/\/www.europesays.com\/fr\/wp-json\/wp\/v2\/media\/314754"}],"wp:attachment":[{"href":"https:\/\/www.europesays.com\/fr\/wp-json\/wp\/v2\/media?parent=314753"}],"wp:term":[{"taxonomy":"category","embeddable":true,"href":"https:\/\/www.europesays.com\/fr\/wp-json\/wp\/v2\/categories?post=314753"},{"taxonomy":"post_tag","embeddable":true,"href":"https:\/\/www.europesays.com\/fr\/wp-json\/wp\/v2\/tags?post=314753"}],"curies":[{"name":"wp","href":"https:\/\/api.w.org\/{rel}","templated":true}]}}