{"id":314755,"date":"2025-08-12T20:50:09","date_gmt":"2025-08-12T20:50:09","guid":{"rendered":"https:\/\/www.europesays.com\/fr\/314755\/"},"modified":"2025-08-12T20:50:09","modified_gmt":"2025-08-12T20:50:09","slug":"au-pied-de-la-mairie-de-paris-un-campement-ephemere-cible-de-nombreuses-attaques-racistes-mediapart","status":"publish","type":"post","link":"https:\/\/www.europesays.com\/fr\/314755\/","title":{"rendered":"Au pied de la mairie de Paris, un campement \u00e9ph\u00e9m\u00e8re cible de nombreuses attaques racistes &#8211; Mediapart"},"content":{"rendered":"<ol>\n<li><a href=\"https:\/\/news.google.com\/rss\/articles\/CBMi0gFBVV95cUxPSEtHZnRHUGNkUE1jZXRJMlNMcUtSV3Z2M2dQNmZYaVpwR0tCT3VUM1BTTmh0RWJlWnRSbWtNRUI0NlpOTjBXV0FmQ01NQXVRYkszdFVDMXJRMlh4b1Zham10d0JMQmNjTTdPWXU0S1RvWlBBdjFfVnJZeEdKbXV2eXNINHVDcVVhRk85aTFETGx2Q3ZtbElKS2FWTFA4OGl2NGZYVVRpdGpMT2pDeWhQYmZHdjNEY011cDNsbHVnSDAxUGxkYm4wU1g3QjhHM0JlaXc?oc=5\" target=\"_blank\" rel=\"nofollow noopener\">Au pied de la mairie de Paris, un campement \u00e9ph\u00e9m\u00e8re cible de nombreuses attaques racistes<\/a>&nbsp;&nbsp;Mediapart<\/li>\n<li><a href=\"https:\/\/news.google.com\/rss\/articles\/CBMiggJBVV95cUxPcHlxMzFBUDQ4bFk3RWQyQmZBN3JhSmVwa2hJZW9rWTlIWi1QMjZGZENqbjUxbjNTVy1ueEZJMmtaakZvWjgxdjlEV0xvSHV0YXZqNDk1X0tqSzc2cFM4a3pfdkNnWnNEQU1pMDN4OHE4alhna3dJeWRHUWJJc0ZsNmVFd2NTSWYyWjFJRXNVWW5ZRHQ1NUNjS2VfLTEwNW91cDFEdDZlWnE0bHpIaWFwYUxvZFN0d21MVDBCZmMzV2poLTVZT3N4Rjh3MFhIbF94VFBuNGJ1dEhnVVY5UjljUUNmMklFZ2JlbUROV3B4TENHSldiTGt4NzRtaFFwZk1BVUE?oc=5\" target=\"_blank\" rel=\"nofollow noopener\">\u00ab\u00a0On a franchi un degr\u00e9 d\u2019inhumanit\u00e9 et d\u2019ignominies racistes\u00a0\u00bb : ils urinent sur une femme sans-abri et ses enfants \u00e0 Paris<\/a>&nbsp;&nbsp;La R\u00e9publique du Centre<\/li>\n<li><a href=\"https:\/\/news.google.com\/rss\/articles\/CBMikgJBVV95cUxNZVlMRlh0MFV1Z1BDb21BUWlmUE01WDBFNjNsaGcweUY1aUVEOW9BTjloQnZtZDVxeTFfdG4wMDNaM3FwWkZ5bTVuNDFTVW1TZ1UxbF9STkt2VW5KNjVTdTh1YXJqcFFhTGRlTjdacVpMUE9SMmQ5WmtvNEVNbEhXZTNhb1NxNW5KN0NRUDdZZ0lIaTFBdksyLTNRQVNpdW9GZEs4eWNYZWpISUliWjVTVTZaeWRrc0dGelR1SFZkTFRRLWxhLTZ2TFdMdTdpZmszaG1fYWlaYVZLdm5EalFJVFh1eWFvT21Manlwa0swb0kwbXhaRERObFJyengzX1ZFbW1JUEx3MHdsNXczc0NoVlZR?oc=5\" target=\"_blank\" rel=\"nofollow noopener\">En pleine nuit, deux individus urinent sur une femme enceinte sans-abri et ses deux enfants \u00e0 Paris<\/a>&nbsp;&nbsp;Ouest-France<\/li>\n<li><a href=\"https:\/\/news.google.com\/rss\/articles\/CBMi1wFBVV95cUxPTTI1dXJ4WUdvRUdOZUstUkxUTU9Rbnc0cVFHQmZ5RmhtTFNyNkpCb2dSSEN6TnFTM1A0R014WkJ4cU5lcXRtcjg2ZWozUUpSSklkb2lIYWtmcXVxa3lnNTBaczJwQ2tRR0tJQnJ4LXB2VWZELTNQYVg5c1FkbEpURWY1WUVHQWh6emFfOWE0T2JIc3c5Zk1EMjVLQl9YQnEyZTB4TW1yWW9FQm5lTlhHaXUwTk5BUFVrNl9ERnpsTWwwTHZfTG9LSkVOdG9kUHMtRkZLbkp1WQ?oc=5\" target=\"_blank\" rel=\"nofollow noopener\">Les migrants install\u00e9s sur le parvis de l\u2019H\u00f4tel de ville \u00e0 Paris \u00e9vacu\u00e9s<\/a>&nbsp;&nbsp;Le Monde.fr<\/li>\n<li><a href=\"https:\/\/news.google.com\/rss\/articles\/CBMinAJBVV95cUxQdXdQSGV3WHRqVzJlSy1pTGlONXpsbHJ1N1JKMGREVkhYMXB2ZUdFZXpYX05nS08zTjN1VFVVbjkxa0JZNlMyUmJVV3dPM2h6YjRhZHpKWUVEaVRUdW1NXzVxX1M2VlIwOUtTVjdkcUFtR0FUdDc3ZXAydU9YNUdEeFlDZXZWeW5JRWRnLUdoMW5qWHBrcm5WaHlZcTdpRUROaGhTaXhYY2lWMWtqOVJIMUl3R2t3bXpFa09rM0JCOV9UZW4wSGZ4UU1fWmxuVHRGTWo3YngtbGdJMlVTSUl2cEFURkdGM0huQWcxcDZORUZXX3Z4LUVFZHZqS3V5a1oyRzF0NEd3VGxQSVFDZHJTMEF3dGVwMDlDM0ZZaA?oc=5\" target=\"_blank\" rel=\"nofollow noopener\">\u00ab\u00a0Laisser tout pour aller en province\u00a0\u00bb : des dizaines d&rsquo;\u00e9trangers sans-abri \u00e9vacu\u00e9s de Paris et emmen\u00e9s en r\u00e9gions<\/a>&nbsp;&nbsp;France 3 R\u00e9gions<\/li>\n<\/ol>\n","protected":false},"excerpt":{"rendered":"Au pied de la mairie de Paris, un campement \u00e9ph\u00e9m\u00e8re cible de nombreuses attaques racistes&nbsp;&nbsp;Mediapart \u00ab\u00a0On a franchi&hellip;\n","protected":false},"author":2,"featured_media":314756,"comment_status":"","ping_status":"","sticky":false,"template":"","format":"standard","meta":{"footnotes":""},"categories":[4],"tags":[11,22792,1011,27,23089,2381,1251,6059,10090,45395,12,25,30477],"class_list":{"0":"post-314755","1":"post","2":"type-post","3":"status-publish","4":"format-standard","5":"has-post-thumbnail","7":"category-france","8":"tag-actualites","9":"tag-exiles","10":"tag-fr","11":"tag-france","12":"tag-hotel-de-ville","13":"tag-mairie-de-paris","14":"tag-migrants","15":"tag-migration","16":"tag-migrations","17":"tag-mise-a-labri","18":"tag-news","19":"tag-republique-francaise","20":"tag-utopia-56"},"share_on_mastodon":{"url":"https:\/\/pubeurope.com\/@fr\/115017772270753554","error":""},"_links":{"self":[{"href":"https:\/\/www.europesays.com\/fr\/wp-json\/wp\/v2\/posts\/314755","targetHints":{"allow":["GET"]}}],"collection":[{"href":"https:\/\/www.europesays.com\/fr\/wp-json\/wp\/v2\/posts"}],"about":[{"href":"https:\/\/www.europesays.com\/fr\/wp-json\/wp\/v2\/types\/post"}],"author":[{"embeddable":true,"href":"https:\/\/www.europesays.com\/fr\/wp-json\/wp\/v2\/users\/2"}],"replies":[{"embeddable":true,"href":"https:\/\/www.europesays.com\/fr\/wp-json\/wp\/v2\/comments?post=314755"}],"version-history":[{"count":0,"href":"https:\/\/www.europesays.com\/fr\/wp-json\/wp\/v2\/posts\/314755\/revisions"}],"wp:featuredmedia":[{"embeddable":true,"href":"https:\/\/www.europesays.com\/fr\/wp-json\/wp\/v2\/media\/314756"}],"wp:attachment":[{"href":"https:\/\/www.europesays.com\/fr\/wp-json\/wp\/v2\/media?parent=314755"}],"wp:term":[{"taxonomy":"category","embeddable":true,"href":"https:\/\/www.europesays.com\/fr\/wp-json\/wp\/v2\/categories?post=314755"},{"taxonomy":"post_tag","embeddable":true,"href":"https:\/\/www.europesays.com\/fr\/wp-json\/wp\/v2\/tags?post=314755"}],"curies":[{"name":"wp","href":"https:\/\/api.w.org\/{rel}","templated":true}]}}