{"id":314772,"date":"2025-08-12T21:03:11","date_gmt":"2025-08-12T21:03:11","guid":{"rendered":"https:\/\/www.europesays.com\/fr\/314772\/"},"modified":"2025-08-12T21:03:11","modified_gmt":"2025-08-12T21:03:11","slug":"vernoux-en-vivarais-lorchestre-mascara-en-concert-gratuit-ce-jeudi-14-aout","status":"publish","type":"post","link":"https:\/\/www.europesays.com\/fr\/314772\/","title":{"rendered":"Vernoux-en-Vivarais. L\u2019orchestre Mascara en concert gratuit, ce jeudi 14\u00a0ao\u00fbt"},"content":{"rendered":"<p>Chaque ann\u00e9e, la commune offre aux habitants et estivants une soir\u00e9e le jeudi 14\u00a0ao\u00fbt \u00e0 21\u00a0heures, au th\u00e9\u00e2tre de verdure, place Beauregard. L\u2019orchestre Mascara bas\u00e9 \u00e0 Grenoble s\u2019\u00e9tait d\u00e9j\u00e0 produit ici il y a une quinzaine d\u2019ann\u00e9es. Il est compos\u00e9 de sept artistes sur sc\u00e8ne distillant un large r\u00e9pertoire. En passant du r\u00e9tro \u00e0 la techno, le pop-rock, le funk, le disco, la dance et les tubes actuels \u2013 l\u2019orchestre Mascara va surprendre le public attendu tr\u00e8s nombreux en cette soir\u00e9e estivale, pour un moment inoubliable.<\/p>\n<p class=\"note\">Gratuit. Buvette et petite restauration sur place.<\/p>\n","protected":false},"excerpt":{"rendered":"Chaque ann\u00e9e, la commune offre aux habitants et estivants une soir\u00e9e le jeudi 14\u00a0ao\u00fbt \u00e0 21\u00a0heures, au th\u00e9\u00e2tre&hellip;\n","protected":false},"author":2,"featured_media":314773,"comment_status":"","ping_status":"","sticky":false,"template":"","format":"standard","meta":{"footnotes":""},"categories":[9566],"tags":[1111,11,2430,1687,12002,3827,1777,674,1011,27,2731,873,12,25,45396],"class_list":{"0":"post-314772","1":"post","2":"type-post","3":"status-publish","4":"format-standard","5":"has-post-thumbnail","7":"category-grenoble","8":"tag-actu","9":"tag-actualites","10":"tag-auvergne-rhone-alpes","11":"tag-culture-loisirs","12":"tag-de-lay-au-doux","13":"tag-edition-annonay-nord-ardeche","14":"tag-eu","15":"tag-europe","16":"tag-fr","17":"tag-france","18":"tag-grenoble","19":"tag-musique","20":"tag-news","21":"tag-republique-francaise","22":"tag-vernoux-en-vivarais"},"share_on_mastodon":{"url":"https:\/\/pubeurope.com\/@fr\/115017823278442283","error":""},"_links":{"self":[{"href":"https:\/\/www.europesays.com\/fr\/wp-json\/wp\/v2\/posts\/314772","targetHints":{"allow":["GET"]}}],"collection":[{"href":"https:\/\/www.europesays.com\/fr\/wp-json\/wp\/v2\/posts"}],"about":[{"href":"https:\/\/www.europesays.com\/fr\/wp-json\/wp\/v2\/types\/post"}],"author":[{"embeddable":true,"href":"https:\/\/www.europesays.com\/fr\/wp-json\/wp\/v2\/users\/2"}],"replies":[{"embeddable":true,"href":"https:\/\/www.europesays.com\/fr\/wp-json\/wp\/v2\/comments?post=314772"}],"version-history":[{"count":0,"href":"https:\/\/www.europesays.com\/fr\/wp-json\/wp\/v2\/posts\/314772\/revisions"}],"wp:featuredmedia":[{"embeddable":true,"href":"https:\/\/www.europesays.com\/fr\/wp-json\/wp\/v2\/media\/314773"}],"wp:attachment":[{"href":"https:\/\/www.europesays.com\/fr\/wp-json\/wp\/v2\/media?parent=314772"}],"wp:term":[{"taxonomy":"category","embeddable":true,"href":"https:\/\/www.europesays.com\/fr\/wp-json\/wp\/v2\/categories?post=314772"},{"taxonomy":"post_tag","embeddable":true,"href":"https:\/\/www.europesays.com\/fr\/wp-json\/wp\/v2\/tags?post=314772"}],"curies":[{"name":"wp","href":"https:\/\/api.w.org\/{rel}","templated":true}]}}