{"id":314774,"date":"2025-08-12T21:04:35","date_gmt":"2025-08-12T21:04:35","guid":{"rendered":"https:\/\/www.europesays.com\/fr\/314774\/"},"modified":"2025-08-12T21:04:35","modified_gmt":"2025-08-12T21:04:35","slug":"face-a-lestac-le-gf38-na-pas-mis-les-bons-ingredients","status":"publish","type":"post","link":"https:\/\/www.europesays.com\/fr\/314774\/","title":{"rendered":"Face \u00e0 l\u2019ESTAC, le GF38 n\u2019a pas mis les bons ingr\u00e9dients"},"content":{"rendered":"<p style=\"font-size:20px\"><strong>Les footballeurs du GF38 sont, dans les grandes largeurs, pass\u00e9s \u00e0 c\u00f4t\u00e9 de leur sujet \u00e0 l\u2019occasion du rendez-vous troyen. Une premi\u00e8re inqui\u00e9tante au vu de la r\u00e9currence de certains maux affich\u00e9s.<\/strong><\/p>\n<p>On aurait pr\u00e9f\u00e9r\u00e9 titrer sur les Promesses de l\u2019Aube. Il n\u2019y a malheureusement pas eu grand-chose de prometteur \u00e0 se mettre sous la dent c\u00f4t\u00e9 grenoblois lors du match face \u00e0 l\u2019ESTAC. Tout n\u2019a pas \u00e9t\u00e9 non plus \u00e0 jeter, nous y reviendrons, et l\u2019inf\u00e9riorit\u00e9 num\u00e9rique doit forc\u00e9ment rentrer en compte dans l\u2019analyse du match. Mais la prestation d\u2019ensemble a \u00e9t\u00e9 loin des attentes collectives et individuelles.<\/p>\n<p>Une entame \u00ab\u00a0indigne de la Ligue 2\u00a0\u00bb<\/p>\n<p>Les mots sont dans l\u2019entra\u00eeneur grenoblois. Difficile de penser autrement. Mang\u00e9s dans tous les duels, impr\u00e9cis dans les relances, coupables d\u2019une nonchalance qui ne serait d\u00e9j\u00e0 pas tol\u00e9rable lors d\u2019un match de pr\u00e9paration, les Grenoblois ont livr\u00e9 une prestation indigeste pendant le premier tiers de la rencontre et ont continu\u00e9 \u00e0 \u00eatre p\u00e9nalis\u00e9s sur des erreurs individuelles lors du reste de la partie.<\/p>\n<p>On pourrait avancer la th\u00e8se de joueurs encore en \u00ab\u00a0pr\u00e9paration\u00a0\u00bb dans leur approche du match et qui n\u2019ont pas mis l\u2019intensit\u00e9 et la concentration ad\u00e9quate \u00e0 la comp\u00e9tition, au contraire d\u2019une formation troyenne qui est entr\u00e9e sur la pelouse avec la volont\u00e9 de bousculer son adversaire. C\u2019est une possibilit\u00e9, mais ce serait oublier qu\u2019une des marques de fabrique de ce groupe grenoblois la saison pass\u00e9e \u00e9tait d\u00e9j\u00e0 des entames de match tr\u00e8s, trop souvent rat\u00e9es.<\/p>\n<p>Le questionnement sur le niveau global du GF38 est \u00e9galement entendable mais les erreurs d\u2019appr\u00e9ciation, les contr\u00f4les manqu\u00e9s ne peuvent pas s\u2019expliquer uniquement via ce prisme. Ces aspects techniques sont aussi le reflet d\u2019une approche mentale d\u00e9faillante. D\u2019autant que les erreurs individuelles ont \u00e9t\u00e9 nombreuses d\u00e8s les premi\u00e8res minutes de la partie et pas uniquement apr\u00e8s que la chaleur ait pu faire son \u0153uvre et faire perdre de la lucidit\u00e9 aux acteurs du match.<\/p>\n<p>15 bonnes minutes avant le rouge<\/p>\n<p>Capable du pire pendant 30 minutes, l\u2019\u00e9quipe de Rizzetto a en outre bri\u00e8vement montr\u00e9 qu\u2019elle pouvait faire mieux. Deux phases offensives distinctes ont \u00e9t\u00e9 plus particuli\u00e8rement int\u00e9ressantes. Sur la premi\u00e8re, en allant presser haut Delos a permis via sa r\u00e9cup\u00e9ration de se projeter tr\u00e8s rapidement vers le but. La remise de Diaby pour Valls refl\u00e8te une bonne compr\u00e9hension de son poste d\u2019attaquant axial qui n\u2019est pas le sien de base. En trois passes, Grenoble le GF38 s\u2019est montr\u00e9 dangereux.<\/p>\n<p>Le but a offert un panel assez pu vu la saison derni\u00e8re sur les phases de possessions avec une bonne utilisation de la largeur (Benet -&gt; Valls -&gt; Xantippe) qui a permis de d\u00e9border le bloc troyen et a offert au piston gauche le temps d\u2019ajuster son centre. Les Grenoblois \u00e9taient nombreux dans la surface \u00e0 la r\u00e9ception du ballon. Si la finition de Bangr\u00e9 est vraiment parfaitement (timing et t\u00eate), les Dauphinois se sont mis en situation d\u2019\u00eatre dangereux.<\/p>\n<p>Ce petit quart d\u2019heure est bien \u00e9videmment trop peu \u00e0 l\u2019\u00e9chelle d\u2019un match mais il d\u00e9montre que Grenoble est \u00ab\u00a0capable\u00a0\u00bb. On ne tombera pas dans le \u00ab\u00a0what if\u00a0\u00bb autour de l\u2019exclusion de Bangr\u00e9. Grenoble aurait pu en prendre 4 \u00e0 11 contre 11 comme montrer un visage plus s\u00e9duisant au retour des vestiaires. La d\u00e9faite est logique. Aucune \u00e9quipe de Ligue 2 ne peut se permettre d\u2019entamer une rencontre comme Grenoble l\u2019a fait ce samedi au Stade de l\u2019Aube. Le GF38 sans doute moins que d\u2019autres dans la mesure o\u00f9 sa marge est moindre\/inexistante au vu de son rendement offensif et de la qualit\u00e9\/profondeur de son effectif \u00e0 ce jour.<\/p>\n<p>Ce match face \u00e0 l\u2019ESTAC est assur\u00e9ment une le\u00e7on. Malheureusement pas la premi\u00e8re du genre pour ce Grenoble l\u00e0 qui va devoir en tirer des enseignements rapidement pour ne pas se mettre dans le rouge \u00e0 l\u2019issue d\u2019un mois d\u2019ao\u00fbt qui s\u2019annonce compliqu\u00e9 sur le papier.<\/p>\n","protected":false},"excerpt":{"rendered":"Les footballeurs du GF38 sont, dans les grandes largeurs, pass\u00e9s \u00e0 c\u00f4t\u00e9 de leur sujet \u00e0 l\u2019occasion du&hellip;\n","protected":false},"author":2,"featured_media":314775,"comment_status":"","ping_status":"","sticky":false,"template":"","format":"standard","meta":{"footnotes":""},"categories":[9566],"tags":[1111,11,2430,1777,674,1011,27,2731,12,25],"class_list":{"0":"post-314774","1":"post","2":"type-post","3":"status-publish","4":"format-standard","5":"has-post-thumbnail","7":"category-grenoble","8":"tag-actu","9":"tag-actualites","10":"tag-auvergne-rhone-alpes","11":"tag-eu","12":"tag-europe","13":"tag-fr","14":"tag-france","15":"tag-grenoble","16":"tag-news","17":"tag-republique-francaise"},"share_on_mastodon":{"url":"https:\/\/pubeurope.com\/@fr\/115017827225550617","error":""},"_links":{"self":[{"href":"https:\/\/www.europesays.com\/fr\/wp-json\/wp\/v2\/posts\/314774","targetHints":{"allow":["GET"]}}],"collection":[{"href":"https:\/\/www.europesays.com\/fr\/wp-json\/wp\/v2\/posts"}],"about":[{"href":"https:\/\/www.europesays.com\/fr\/wp-json\/wp\/v2\/types\/post"}],"author":[{"embeddable":true,"href":"https:\/\/www.europesays.com\/fr\/wp-json\/wp\/v2\/users\/2"}],"replies":[{"embeddable":true,"href":"https:\/\/www.europesays.com\/fr\/wp-json\/wp\/v2\/comments?post=314774"}],"version-history":[{"count":0,"href":"https:\/\/www.europesays.com\/fr\/wp-json\/wp\/v2\/posts\/314774\/revisions"}],"wp:featuredmedia":[{"embeddable":true,"href":"https:\/\/www.europesays.com\/fr\/wp-json\/wp\/v2\/media\/314775"}],"wp:attachment":[{"href":"https:\/\/www.europesays.com\/fr\/wp-json\/wp\/v2\/media?parent=314774"}],"wp:term":[{"taxonomy":"category","embeddable":true,"href":"https:\/\/www.europesays.com\/fr\/wp-json\/wp\/v2\/categories?post=314774"},{"taxonomy":"post_tag","embeddable":true,"href":"https:\/\/www.europesays.com\/fr\/wp-json\/wp\/v2\/tags?post=314774"}],"curies":[{"name":"wp","href":"https:\/\/api.w.org\/{rel}","templated":true}]}}