{"id":314776,"date":"2025-08-12T21:05:25","date_gmt":"2025-08-12T21:05:25","guid":{"rendered":"https:\/\/www.europesays.com\/fr\/314776\/"},"modified":"2025-08-12T21:05:25","modified_gmt":"2025-08-12T21:05:25","slug":"meteo-france-place-le-departement-en-vigilance-2","status":"publish","type":"post","link":"https:\/\/www.europesays.com\/fr\/314776\/","title":{"rendered":"M\u00e9t\u00e9o France place le d\u00e9partement en vigilance"},"content":{"rendered":"<p>            Par<br \/>\n        <strong><br \/>\n            <a href=\"https:\/\/actu.fr\/auteur\/lou-batteux\" title=\"Consulter tous les articles de Lou Batteux\" rel=\"nofollow noopener\" target=\"_blank\">Lou Batteux<\/a><br \/>\n        <\/strong><\/p>\n<p>        Publi\u00e9 le<\/p>\n<p>            12 ao\u00fbt 2025 \u00e0 17h10        <\/p>\n<p>Alors que la <a href=\"https:\/\/actu.fr\/bretagne\/rennes_35238\/pic-de-chaleur-a-rennes-et-en-ille-et-vilaine-meteo-france-declenche-la-vigilance-canicule_63020678.html\" rel=\"nofollow noopener\" target=\"_blank\">vigilance canicule a \u00e9t\u00e9 d\u00e9clench\u00e9e en Ille-et-Vilaine lundi 11\u00a0ao\u00fbt<\/a>, M\u00e9t\u00e9o France lance une nouvelle alerte pour <strong>mercredi 13\u00a0ao\u00fbt<\/strong>. Le d\u00e9partement est plac\u00e9 <strong>en vigilance jaune<\/strong> pour risque d\u2019orages d\u00e8s<strong> 6h<\/strong>.<\/p>\n<p class=\" wall-content\">\n<p class=\" wall-content\">Dans une publication sur X, le pr\u00e9fet de Bretagne et d\u2019Ille-et-Vilaine pr\u00e9vient que \u00ab\u2009cette situation devrait durer jusqu\u2019\u00e0 <strong>17h\u2009\u00bb<\/strong>.<\/p>\n<p class=\" wall-content\">Par ce temps orageux, les temp\u00e9ratures ne d\u00e9passeront pas les <strong>23\u00b0C sur la c\u00f4te<\/strong>. Toutefois, elles pourront atteindre les <strong>29\u00b0C<\/strong> au sud-est de l\u2019Ille-et-Vilaine mercredi 13\u00a0ao\u00fbt.<\/p>\n<p>Soyez prudents<\/p>\n<p class=\" wall-content\">En cons\u00e9quence, la pr\u00e9fecture vous invite \u00e0 <strong>rester \u00ab\u2009attentifs<\/strong> si vous pratiquez des activit\u00e9s sensibles au risque m\u00e9t\u00e9orologique\u2009\u00bb.<\/p>\n<ul class=\" wall-content\">\n<li>\u00c9vitez les sorties en for\u00eat ou pr\u00e8s des cours d\u2019eau\u2009;<\/li>\n<li>si vous vous trouvez sous un arbre, la toile de tente n\u2019est pas une protection efficace\u2009;<\/li>\n<li>soyez vigilants lors des manifestations de plein air, notamment aupr\u00e8s de structures et d\u2019\u00e9quipements sensibles au vent.<\/li>\n<\/ul>\n<p class=\" wall-content\">Suivez toute l\u2019actualit\u00e9 de vos villes et m\u00e9dias favoris en vous inscrivant \u00e0 <a href=\"https:\/\/moncompte.actu.fr\" title=\"D\u00e9couvez Mon Actu\" rel=\"nofollow noopener\" data-trk=\"{&quot;cta&quot;:{&quot;action&quot;:&quot;https:\\\/\\\/moncompte.actu.fr&quot;,&quot;category&quot;:&quot;mon compte&quot;,&quot;from&quot;:&quot;article footer&quot;,&quot;name&quot;:&quot;Mon actu&quot;,&quot;type&quot;:&quot;cta&quot;}}\" target=\"_blank\">Mon Actu<\/a>.<\/p>\n","protected":false},"excerpt":{"rendered":"Par Lou Batteux Publi\u00e9 le 12 ao\u00fbt 2025 \u00e0 17h10 Alors que la vigilance canicule a \u00e9t\u00e9 d\u00e9clench\u00e9e&hellip;\n","protected":false},"author":2,"featured_media":314777,"comment_status":"","ping_status":"","sticky":false,"template":"","format":"standard","meta":{"footnotes":""},"categories":[2821],"tags":[1111,11,829,1777,674,1011,27,2487,2357,12,4594,584,25],"class_list":{"0":"post-314776","1":"post","2":"type-post","3":"status-publish","4":"format-standard","5":"has-post-thumbnail","7":"category-rennes","8":"tag-actu","9":"tag-actualites","10":"tag-bretagne","11":"tag-eu","12":"tag-europe","13":"tag-fr","14":"tag-france","15":"tag-meteo","16":"tag-meteo-france","17":"tag-news","18":"tag-orages","19":"tag-rennes","20":"tag-republique-francaise"},"share_on_mastodon":{"url":"https:\/\/pubeurope.com\/@fr\/115017831264766765","error":""},"_links":{"self":[{"href":"https:\/\/www.europesays.com\/fr\/wp-json\/wp\/v2\/posts\/314776","targetHints":{"allow":["GET"]}}],"collection":[{"href":"https:\/\/www.europesays.com\/fr\/wp-json\/wp\/v2\/posts"}],"about":[{"href":"https:\/\/www.europesays.com\/fr\/wp-json\/wp\/v2\/types\/post"}],"author":[{"embeddable":true,"href":"https:\/\/www.europesays.com\/fr\/wp-json\/wp\/v2\/users\/2"}],"replies":[{"embeddable":true,"href":"https:\/\/www.europesays.com\/fr\/wp-json\/wp\/v2\/comments?post=314776"}],"version-history":[{"count":0,"href":"https:\/\/www.europesays.com\/fr\/wp-json\/wp\/v2\/posts\/314776\/revisions"}],"wp:featuredmedia":[{"embeddable":true,"href":"https:\/\/www.europesays.com\/fr\/wp-json\/wp\/v2\/media\/314777"}],"wp:attachment":[{"href":"https:\/\/www.europesays.com\/fr\/wp-json\/wp\/v2\/media?parent=314776"}],"wp:term":[{"taxonomy":"category","embeddable":true,"href":"https:\/\/www.europesays.com\/fr\/wp-json\/wp\/v2\/categories?post=314776"},{"taxonomy":"post_tag","embeddable":true,"href":"https:\/\/www.europesays.com\/fr\/wp-json\/wp\/v2\/tags?post=314776"}],"curies":[{"name":"wp","href":"https:\/\/api.w.org\/{rel}","templated":true}]}}