{"id":314778,"date":"2025-08-12T21:06:14","date_gmt":"2025-08-12T21:06:14","guid":{"rendered":"https:\/\/www.europesays.com\/fr\/314778\/"},"modified":"2025-08-12T21:06:14","modified_gmt":"2025-08-12T21:06:14","slug":"rennes-om-les-compos-probables","status":"publish","type":"post","link":"https:\/\/www.europesays.com\/fr\/314778\/","title":{"rendered":"Rennes-OM : les compos probables"},"content":{"rendered":"<p>        <a href=\"https:\/\/www.marseillemercato.fr\/wp-content\/uploads\/2023\/03\/rennes-om.jpg\" data-caption=\"Rennes-OM\" rel=\"nofollow noopener\" target=\"_blank\"><img loading=\"lazy\" decoding=\"async\" width=\"696\" height=\"464\" class=\"entry-thumb td-modal-image\" src=\"https:\/\/www.europesays.com\/fr\/wp-content\/uploads\/2025\/08\/rennes-om-696x464.jpg\"   alt=\"Rennes-OM\" title=\"rennes-om\"\/><\/a>Rennes-OM<\/p>\n<p><strong>D\u00e9couvrez les compos probables d\u2019Habib Beye et Roberto De Zerbi pour le match Rennes-OM de ce vendredi soir qui va lancer la saison de Ligue 1.<\/strong><\/p>\n<p>Notre ch\u00e8re et tendre Ligue 1 fait son grand retour cette semaine avec en match d\u2019ouverture un app\u00e9tissant Rennes-OM au Roazhon Park ce vendredi 15 ao\u00fbt \u00e0 partir de 20h45. Un match qui sera diffus\u00e9 sur la nouvelle <a href=\"https:\/\/dazn.prf.hn\/click\/camref:1101l3WRYV\/adref:marseillemercato\" rel=\"nofollow noopener\" target=\"_blank\">cha\u00eene Ligue 1 +, disponible ici via DAZN<\/a>.<\/p>\n<p><a href=\"https:\/\/dazn.prf.hn\/click\/camref:1101l3WRYV\/adref:marseillemercato\" rel=\"nofollow noopener\" target=\"_blank\"><img loading=\"lazy\" decoding=\"async\" class=\"size-full wp-image-10071\" src=\"https:\/\/www.europesays.com\/fr\/wp-content\/uploads\/2025\/08\/dazn_ligue1_plus.jpeg\" alt=\"La Ligue 1 disponible encore su DAZN\" width=\"1920\" height=\"1080\"  \/><\/a><\/p>\n<p>Concernant la composition probable de l\u2019OM, Roberto De Zerbi devra faire pour ce match sans son nouveau d\u00e9fenseur argentin Facundo <strong>Medina<\/strong>, suspendu pour une accumulation de cartons jaunes en fin de saison derni\u00e8re avec Lens.<\/p>\n<p>Qui pour remplacer Medina face \u00e0 Rennes ?<\/p>\n<p>Pour le remplacer dans l\u2019axe gauche de la d\u00e9fense \u00e0 quatre de l\u2019OM, deux options s\u2019offrent \u00e0 De Zerbi : soit donner sa chance \u00e0 la recrue anglaise CJ <strong>Egan-Riley<\/strong>, soit aligner Geoffrey <strong>Kondogbia<\/strong> en d\u00e9fense centrale, comme la saison pass\u00e9e. Apr\u00e8s <a href=\"https:\/\/www.marseillemercato.fr\/match\/om-aston-villa-3-1-le-resume-video-et-les-buts-de-greenwood-et-aubameyang\/\" rel=\"nofollow noopener\" target=\"_blank\">OM-Aston Villa (3-1) samedi dernier<\/a>, l\u2019entra\u00eeneur italien avait laiss\u00e9 entendre en conf\u00e9rence de presse qu\u2019il opterait plut\u00f4t pour l\u2019Anglais.<\/p>\n<blockquote class=\"wp-embedded-content\" data-secret=\"PaDrhU9CZV\">\n<p><a href=\"https:\/\/www.marseillemercato.fr\/match\/deja-3-absents-pour-rennes-om-probablement-plus\/\" rel=\"nofollow noopener\" target=\"_blank\">D\u00e9j\u00e0 3 absents pour Rennes-OM, probablement plus<\/a><\/p>\n<\/blockquote>\n<p>Sur les c\u00f4t\u00e9s de la d\u00e9fense, pas de doute, ce sera Amir <strong>Murillo<\/strong> \u00e0 droite et Ulisses <strong>Garcia<\/strong> \u00e0 gauche. Au milieu, pas de surprise non plus normalement, on devrait retrouver Pierre-Emile <strong>Hojbjerg<\/strong> devant la d\u00e9fense avec Angel <strong>Gomes<\/strong> en relayeur droit et Adrien <strong>Rabiot<\/strong> en relayeur gauche.<\/p>\n<p>Enfin en attaque, Amine <strong>Gouiri<\/strong> devrait d\u00e9marrer en pointe malgr\u00e9 la tr\u00e8s bonne entr\u00e9e de Pierre-Emerick <strong>Aubameyang<\/strong> contre Aston Villa. Sur le c\u00f4t\u00e9 droit, on retrouvera Mason <strong>Greenwood<\/strong> avec Jonathan <strong>Rowe<\/strong> \u00e0 gauche en l\u2019absence d\u2019Igor <strong>Paix\u00e3o,<\/strong> bless\u00e9.<\/p>\n<p><strong>La compo probable de l\u2019OM face \u00e0 Rennes :<\/strong> Rulli \u2013 Murillo, Balerdi (c), Egan-Riley, Garcia \u2013 Gomes, Hojbjerg, Rabiot \u2013 Greenwood, Gouiri, Rowe<\/p>\n<p>Rennes sans Brassier, mais avec plusieurs anciens de l\u2019OM<\/p>\n<p>Du c\u00f4t\u00e9 rennais, Habib Beye sera priv\u00e9 de Lilian <strong>Brassier<\/strong>, bless\u00e9, tandis que\u00a0Carlos Andr\u00e9s <strong>Gomez <\/strong>et\u00a0Arnaud <strong>Kalimuendo<\/strong> sont sur le d\u00e9part et ne devraient pas jouer contre l\u2019OM ce vendredi soir.<\/p>\n<p>Rennes a jou\u00e9 en 3-5-2 durant sa pr\u00e9paration estivale et on devrait notamment retrouver au coup d\u2019envoi les trois anciens Marseillais Brice <strong>Samba<\/strong>, Valentin <strong>Rongier<\/strong> et Quentin <strong>Merlin<\/strong>.<\/p>\n<p><strong>La compo probable de Rennes face \u00e0 l\u2019OM :<\/strong> Samba (c) \u2013 Rouault, Jacquet, Faye \u2013 Frankowski, Fofana, Ciss\u00e9, Rongier, Merlin \u2013 Al-Tamari ou Blas, Me\u00eft\u00e9<\/p>\n","protected":false},"excerpt":{"rendered":"Rennes-OM D\u00e9couvrez les compos probables d\u2019Habib Beye et Roberto De Zerbi pour le match Rennes-OM de ce vendredi&hellip;\n","protected":false},"author":2,"featured_media":312468,"comment_status":"","ping_status":"","sticky":false,"template":"","format":"standard","meta":{"footnotes":""},"categories":[2821],"tags":[1111,11,829,1777,674,1011,27,12,584,25],"class_list":{"0":"post-314778","1":"post","2":"type-post","3":"status-publish","4":"format-standard","5":"has-post-thumbnail","7":"category-rennes","8":"tag-actu","9":"tag-actualites","10":"tag-bretagne","11":"tag-eu","12":"tag-europe","13":"tag-fr","14":"tag-france","15":"tag-news","16":"tag-rennes","17":"tag-republique-francaise"},"share_on_mastodon":{"url":"https:\/\/pubeurope.com\/@fr\/115017835236933483","error":""},"_links":{"self":[{"href":"https:\/\/www.europesays.com\/fr\/wp-json\/wp\/v2\/posts\/314778","targetHints":{"allow":["GET"]}}],"collection":[{"href":"https:\/\/www.europesays.com\/fr\/wp-json\/wp\/v2\/posts"}],"about":[{"href":"https:\/\/www.europesays.com\/fr\/wp-json\/wp\/v2\/types\/post"}],"author":[{"embeddable":true,"href":"https:\/\/www.europesays.com\/fr\/wp-json\/wp\/v2\/users\/2"}],"replies":[{"embeddable":true,"href":"https:\/\/www.europesays.com\/fr\/wp-json\/wp\/v2\/comments?post=314778"}],"version-history":[{"count":0,"href":"https:\/\/www.europesays.com\/fr\/wp-json\/wp\/v2\/posts\/314778\/revisions"}],"wp:featuredmedia":[{"embeddable":true,"href":"https:\/\/www.europesays.com\/fr\/wp-json\/wp\/v2\/media\/312468"}],"wp:attachment":[{"href":"https:\/\/www.europesays.com\/fr\/wp-json\/wp\/v2\/media?parent=314778"}],"wp:term":[{"taxonomy":"category","embeddable":true,"href":"https:\/\/www.europesays.com\/fr\/wp-json\/wp\/v2\/categories?post=314778"},{"taxonomy":"post_tag","embeddable":true,"href":"https:\/\/www.europesays.com\/fr\/wp-json\/wp\/v2\/tags?post=314778"}],"curies":[{"name":"wp","href":"https:\/\/api.w.org\/{rel}","templated":true}]}}