{"id":314783,"date":"2025-08-12T21:09:11","date_gmt":"2025-08-12T21:09:11","guid":{"rendered":"https:\/\/www.europesays.com\/fr\/314783\/"},"modified":"2025-08-12T21:09:11","modified_gmt":"2025-08-12T21:09:11","slug":"de-leau-sale-sest-encore-deversee-dans-la-mer-entre-cagnes-et-saint-laurent","status":"publish","type":"post","link":"https:\/\/www.europesays.com\/fr\/314783\/","title":{"rendered":"De l\u2019eau sale s\u2019est (encore) d\u00e9vers\u00e9e dans la mer entre Cagnes et Saint-Laurent"},"content":{"rendered":"<p>Encore des rejets sauvages? La couleur de l\u2019eau du vallon des Espartes, qui se jette dans la mer entre Cagnes-sur-Mer et Saint-Laurent-du-Var, avait pris des teintes saum\u00e2tres ce lundi 11 ao\u00fbt.<\/p>\n<p>Alors qu\u2019en temps normal, l\u2019eau est parfaitement limpide.<\/p>\n<p>Et pour cause: le liquide qui s\u2019y \u00e9coule en continu depuis des dizaines d\u2019ann\u00e9es provient de la <a href=\"https:\/\/www.nicematin.com\/environnement\/des-millions-de-m3-d-eau-potable-sont-jetes-a-la-mer-entre-saint-laurent-du-var-et-cagnes-sur-mer-la-vetuste-du-canal-est-mise-en-cause-989097\" rel=\"nofollow noopener\" target=\"_blank\">surverse du v\u00e9tuste Canal de la rive droite du Var,<\/a> qui doit \u00eatre <a href=\"https:\/\/www.nicematin.com\/vie-locale\/des-millions-de-m3-d-eau-potable-gaspilles-depuis-des-decennies-bientot-un-nouveau-canal-pour-la-rive-droite-du-var-on-vous-detaille-ce-titanesque-chantier-994106\" rel=\"nofollow noopener\" target=\"_blank\">remplac\u00e9 d\u2019ici 2030<\/a>. Autrement dit, c\u2019est de l\u2019eau potable.<\/p>\n<p>Aucune plage ferm\u00e9e<\/p>\n<p>Mais d\u00e8s ce mardi 12 ao\u00fbt, l\u2019eau semblait avoir repris sa couleur d\u2019origine. \u00ab\u00a0Les services de la commune et R\u00e9gie Eau d\u2019Azur sont all\u00e9s constat\u00e9s ce matin sur place que l\u2019eau \u00e9tait propre\u00a0\u00bb, explique la ville de Cagnes-sur-Mer, sans avoir pour l\u2019instant d\u2019explications sur le pourquoi du comment.<\/p>\n<p>Aucune plage n\u2019a \u00e9t\u00e9 ferm\u00e9e.<\/p>\n<p>Les ph\u00e9nom\u00e8nes de pollution de l\u2019eau <a href=\"https:\/\/www.nicematin.com\/environnement\/la-plage-du-port-a-cagnes-sur-mer-est-fermee-996118\" rel=\"nofollow noopener\" target=\"_blank\">se multiplient cette ann\u00e9e<\/a> du c\u00f4t\u00e9 de Cagnes-sur-Mer et Saint-Laurent-du-Var.<\/p>\n<p><a href=\"https:\/\/www.nicematin.com\/environnement\/station-d-epuration-un-plus-vaste-scandale--989472\" rel=\"nofollow noopener\" target=\"_blank\">Outre les probl\u00e8mes li\u00e9s \u00e0 la station d\u2019\u00e9puration,<\/a> plusieurs plages ont \u00e9t\u00e9 ferm\u00e9es temporairement cette ann\u00e9e 2025 \u00e0 cause de pr\u00e9sum\u00e9s rejets sauvages d\u2019eaux sales dans les vallons, qui rejoignent ensuite naturellement la mer par gravit\u00e9.<\/p>\n<p>\u00ab\u00a0C\u2019\u00e9tait pas aussi fr\u00e9quent les ann\u00e9es pass\u00e9es, l\u00e0, c\u2019est quand m\u00eame bizarre\u00a0\u00bb, s\u2019inqui\u00e8te un Laurentin.<\/p><\/p>\n","protected":false},"excerpt":{"rendered":"Encore des rejets sauvages? La couleur de l\u2019eau du vallon des Espartes, qui se jette dans la mer&hellip;\n","protected":false},"author":2,"featured_media":314784,"comment_status":"","ping_status":"","sticky":false,"template":"","format":"standard","meta":{"footnotes":""},"categories":[2819],"tags":[1111,11,1777,674,1011,27,12,2401,882,25,3366],"class_list":{"0":"post-314783","1":"post","2":"type-post","3":"status-publish","4":"format-standard","5":"has-post-thumbnail","7":"category-nice","8":"tag-actu","9":"tag-actualites","10":"tag-eu","11":"tag-europe","12":"tag-fr","13":"tag-france","14":"tag-news","15":"tag-nice","16":"tag-provence-alpes-cote-dazur","17":"tag-republique-francaise","18":"tag-vie-locale"},"share_on_mastodon":{"url":"https:\/\/pubeurope.com\/@fr\/115017846943332315","error":""},"_links":{"self":[{"href":"https:\/\/www.europesays.com\/fr\/wp-json\/wp\/v2\/posts\/314783","targetHints":{"allow":["GET"]}}],"collection":[{"href":"https:\/\/www.europesays.com\/fr\/wp-json\/wp\/v2\/posts"}],"about":[{"href":"https:\/\/www.europesays.com\/fr\/wp-json\/wp\/v2\/types\/post"}],"author":[{"embeddable":true,"href":"https:\/\/www.europesays.com\/fr\/wp-json\/wp\/v2\/users\/2"}],"replies":[{"embeddable":true,"href":"https:\/\/www.europesays.com\/fr\/wp-json\/wp\/v2\/comments?post=314783"}],"version-history":[{"count":0,"href":"https:\/\/www.europesays.com\/fr\/wp-json\/wp\/v2\/posts\/314783\/revisions"}],"wp:featuredmedia":[{"embeddable":true,"href":"https:\/\/www.europesays.com\/fr\/wp-json\/wp\/v2\/media\/314784"}],"wp:attachment":[{"href":"https:\/\/www.europesays.com\/fr\/wp-json\/wp\/v2\/media?parent=314783"}],"wp:term":[{"taxonomy":"category","embeddable":true,"href":"https:\/\/www.europesays.com\/fr\/wp-json\/wp\/v2\/categories?post=314783"},{"taxonomy":"post_tag","embeddable":true,"href":"https:\/\/www.europesays.com\/fr\/wp-json\/wp\/v2\/tags?post=314783"}],"curies":[{"name":"wp","href":"https:\/\/api.w.org\/{rel}","templated":true}]}}