{"id":314803,"date":"2025-08-12T21:20:12","date_gmt":"2025-08-12T21:20:12","guid":{"rendered":"https:\/\/www.europesays.com\/fr\/314803\/"},"modified":"2025-08-12T21:20:12","modified_gmt":"2025-08-12T21:20:12","slug":"a-marseille-les-mairies-de-secteur-dans-le-flou","status":"publish","type":"post","link":"https:\/\/www.europesays.com\/fr\/314803\/","title":{"rendered":"\u00e0 Marseille, les mairies de secteur dans le flou"},"content":{"rendered":"<p><strong>D\u00c9CRYPTAGE <\/strong>&#8211; Avec la r\u00e9forme du scrutin municipal, les maires de secteur, en particulier ceux de droite, craignent d\u2019\u00eatre d\u00e9sormais rel\u00e9gu\u00e9s au second plan. D\u2019autant que la question de la r\u00e9partition des comp\u00e9tences reste sans r\u00e9ponse, ou du moins sans calendrier.<\/p>\n<p class=\"fig-paragraph\">En ce d\u00e9but de mois d\u2019ao\u00fbt\u00a0<a href=\"http:\/\/www.lefigaro.fr\/actualite-france\/canicule-en-france-comment-les-villes-s-organisent-face-a-la-vague-de-chaleur-20250812\" data-fig-type=\"Article\" data-gtm-custom-categorie=\"navigation\" data-gtm-custom-action=\"crossclick\" data-gtm-custom-label=\"Contextuel\" data-gtm-event=\"customEventSPE\" data-fig-domain=\"LEFIGARO\" target=\"_blank\" rel=\"noopener\">caniculaire<\/a>, le ciel marseillais est d\u00e9gag\u00e9, sans aucun nuage \u00e0 l\u2019horizon. Et pourtant, le brouillard s\u2019est abattu sur la vie politique de la Cit\u00e9 phoc\u00e9enne, apr\u00e8s l\u2019adoption d\u00e9finitive de la r\u00e9forme de la\u00a0<a href=\"http:\/\/www.lefigaro.fr\/politique\/reforme-de-la-loi-plm-la-droite-parisienne-alerte-francois-bayrou-sur-l-absence-de-consensus-20250307\" data-fig-type=\"Article\" data-gtm-custom-categorie=\"navigation\" data-gtm-custom-action=\"crossclick\" data-gtm-custom-label=\"Contextuel\" data-gtm-event=\"customEventSPE\" data-fig-domain=\"LEFIGARO\" target=\"_blank\" rel=\"noopener\">loi PLM<\/a>. Jusqu\u2019ici, l\u2019\u00e9lection du maire se faisait dans huit secteurs diff\u00e9rents, r\u00e9unissant chacun deux arrondissements. Pourvoyeurs d\u2019\u00e9lus pour le conseil municipal, ces mairies de secteur \u00e9taient au c\u0153ur du jeu politique marseillais \u00e0 chaque scrutin municipal.<\/p>\n<p class=\"fig-paragraph\">Mais, d\u00e9sormais, l\u2019\u00e9lection du maire se retrouve d\u00e9corr\u00e9l\u00e9e de cette logique, laissant certains maires de secteur, souvent proches de la\u00a0<a href=\"http:\/\/www.lefigaro.fr\/politique\/loi-duplomb-la-droite-cherche-la-replique-apres-la-censure-du-conseil-constitutionnel-20250808\" data-fig-type=\"Article\" data-gtm-custom-categorie=\"navigation\" data-gtm-custom-action=\"crossclick\" data-gtm-custom-label=\"Contextuel\" data-gtm-event=\"customEventSPE\" data-fig-domain=\"LEFIGARO\" target=\"_blank\" rel=\"noopener\">droite\u00a0<\/a>locale, fort d\u00e9pourvus. \u00ab\u00a0Moi, j\u2019attends avec impatience la parution du d\u00e9cret, confie le maire LR des 11e et 12e\u00a0arrondissements de Marseille, Sylvain Souvestre. Aujourd\u2019hui, par exemple, on ne conna\u00eet pas les r\u00e8gles de repr\u00e9sentativit\u00e9 des secteurs sur la liste pour l\u2019\u00e9lection du maire. On pourrait donc avoir th\u00e9oriquement une liste sans aucun \u00e9lu, par exemple\u2026<\/p>\n<p class=\"fig-premium-paywall__infos\">\n        Cet article est r\u00e9serv\u00e9 aux abonn\u00e9s.        Il vous reste 79% \u00e0 d\u00e9couvrir.\n    <\/p>\n<p>                <img  data- alt=\"Le Figaro\" class=\"fig-img--complete fig-img\"\/><\/p>\n<p class=\"fig-premium-paywall__title\">Vous avez envie de lire la suite ?<\/p>\n<p class=\"fig-premium-paywall__subtitle\">D\u00e9bloquez tous les articles imm\u00e9diatement.<\/p>\n<p class=\"fig-premium-paywall__connect\">\n                D\u00e9j\u00e0 abonn\u00e9\u00a0?                <a class=\"fig-premium-paywall__connect-link\" href=\"https:\/\/connect.lefigaro.fr\/login?client=horizon_web&amp;type=main&amp;redirect_uri=https%3A%2F%2Fwww.lefigaro.fr%2Fmarseille%2Freforme-du-mode-de-scrutin-des-municipales-a-marseille-les-mairies-de-secteur-dans-le-flou-20250812\" data-js-gtm=\"{&quot;customCategorie&quot;: &quot;conversion&quot;, &quot;customAction&quot;: &quot;before_Landing_Connexion_paywall_auto&quot;, &quot;customLabel&quot;: &quot;bGVmaWdhcm8uZnJfXzFmMDc3NTI0LTAwYWUtNjEwNC1iZGNlLWY1ZGFlZTZiMzEyY19fTmV3c0ZsYXNo_R\u00e9forme du mode de scrutin des municipales\u00a0: \u00e0 Marseille, les mairies de secteur dans le flou_504&quot;, &quot;customIDSPE&quot;: &quot;bGVmaWdhcm8uZnJfXzFmMDc3NTI0LTAwYWUtNjEwNC1iZGNlLWY1ZGFlZTZiMzEyY19fTmV3c0ZsYXNo&quot;, &quot;event&quot;: &quot;customEventSPE&quot;}\" target=\"_blank\" rel=\"noopener\"><br \/>\n                    Connectez-vous<br \/>\n                <\/a>\n            <\/p>\n","protected":false},"excerpt":{"rendered":"D\u00c9CRYPTAGE &#8211; Avec la r\u00e9forme du scrutin municipal, les maires de secteur, en particulier ceux de droite, craignent&hellip;\n","protected":false},"author":2,"featured_media":314804,"comment_status":"","ping_status":"","sticky":false,"template":"","format":"standard","meta":{"footnotes":""},"categories":[2814],"tags":[1111,11,6469,1777,674,1011,27,6793,884,3554,12,882,25],"class_list":{"0":"post-314803","1":"post","2":"type-post","3":"status-publish","4":"format-standard","5":"has-post-thumbnail","7":"category-marseille","8":"tag-actu","9":"tag-actualites","10":"tag-benoit-payan","11":"tag-eu","12":"tag-europe","13":"tag-fr","14":"tag-france","15":"tag-maires","16":"tag-marseille","17":"tag-municipales","18":"tag-news","19":"tag-provence-alpes-cote-dazur","20":"tag-republique-francaise"},"share_on_mastodon":{"url":"https:\/\/pubeurope.com\/@fr\/115017890184292372","error":""},"_links":{"self":[{"href":"https:\/\/www.europesays.com\/fr\/wp-json\/wp\/v2\/posts\/314803","targetHints":{"allow":["GET"]}}],"collection":[{"href":"https:\/\/www.europesays.com\/fr\/wp-json\/wp\/v2\/posts"}],"about":[{"href":"https:\/\/www.europesays.com\/fr\/wp-json\/wp\/v2\/types\/post"}],"author":[{"embeddable":true,"href":"https:\/\/www.europesays.com\/fr\/wp-json\/wp\/v2\/users\/2"}],"replies":[{"embeddable":true,"href":"https:\/\/www.europesays.com\/fr\/wp-json\/wp\/v2\/comments?post=314803"}],"version-history":[{"count":0,"href":"https:\/\/www.europesays.com\/fr\/wp-json\/wp\/v2\/posts\/314803\/revisions"}],"wp:featuredmedia":[{"embeddable":true,"href":"https:\/\/www.europesays.com\/fr\/wp-json\/wp\/v2\/media\/314804"}],"wp:attachment":[{"href":"https:\/\/www.europesays.com\/fr\/wp-json\/wp\/v2\/media?parent=314803"}],"wp:term":[{"taxonomy":"category","embeddable":true,"href":"https:\/\/www.europesays.com\/fr\/wp-json\/wp\/v2\/categories?post=314803"},{"taxonomy":"post_tag","embeddable":true,"href":"https:\/\/www.europesays.com\/fr\/wp-json\/wp\/v2\/tags?post=314803"}],"curies":[{"name":"wp","href":"https:\/\/api.w.org\/{rel}","templated":true}]}}