{"id":314805,"date":"2025-08-12T21:21:15","date_gmt":"2025-08-12T21:21:15","guid":{"rendered":"https:\/\/www.europesays.com\/fr\/314805\/"},"modified":"2025-08-12T21:21:15","modified_gmt":"2025-08-12T21:21:15","slug":"un-gymnase-requisitionne-pour-accueillir-les-sdf","status":"publish","type":"post","link":"https:\/\/www.europesays.com\/fr\/314805\/","title":{"rendered":"un gymnase r\u00e9quisitionn\u00e9 pour accueillir les SDF"},"content":{"rendered":"<p itemprop=\"description\"><strong>Face au froid ou la chaleur, les personnes sans domicile fixe luttent pour leur survie.<\/strong><\/p>\n<p>Alors que la canicule s&rsquo;aggrave \u00e0 Lyon, la pr\u00e9fecture du Rh\u00f4ne a annonc\u00e9 mettre en place un dispositif d&rsquo;accueil temporaire dans le cadre du plan ORSEC-Canicule.<\/p>\n<p>Le gymnase Enghien situ\u00e9 rue de Cond\u00e9 dans le 2e arrondissement a \u00e9t\u00e9 r\u00e9quisitionn\u00e9 pour la cr\u00e9ation de 50 places d&rsquo;h\u00e9bergement d&rsquo;urgence. D\u00e8s ce mardi soir, les SDF et les adultes les plus vuln\u00e9rables seront orient\u00e9es par le 115 vers ce lieu frais o\u00f9 ils pourront rester un moment voire passer la nuit.<\/p>\n<blockquote class=\"twitter-tweet\"><p>&#13;<\/p>\n<p dir=\"ltr\" lang=\"fr\">\ud83c\udf21\ud83c\udf1e \ud83d\udd34 <a href=\"https:\/\/twitter.com\/hashtag\/Vigilance?src=hash&amp;ref_src=twsrc%5Etfw\" target=\"_blank\" rel=\"noopener\">#Vigilance<\/a> <a href=\"https:\/\/twitter.com\/hashtag\/Canicule?src=hash&amp;ref_src=twsrc%5Etfw\" target=\"_blank\" rel=\"noopener\">#Canicule<\/a> <\/p>\n<p>Dans le cadre du plan ORSEC-Canicule, l\u2019\u00c9tat se mobilise en mettant en place des dispositifs d\u2019accueil social temporaires. <\/p>\n<p>Orient\u00e9s par le 1\ufe0f\u20e31\ufe0f\u20e35\ufe0f\u20e3 \ud83d\udcde, d\u00e8s ce soir au gymnase Enghien \u00e0 <a href=\"https:\/\/twitter.com\/hashtag\/Lyon2?src=hash&amp;ref_src=twsrc%5Etfw\" target=\"_blank\" rel=\"noopener\">#Lyon2<\/a>, 50 places sont d\u00e9di\u00e9es aux personnes majeures les plus\u2026 <a href=\"https:\/\/t.co\/q9GI7y2JLU\">https:\/\/t.co\/q9GI7y2JLU<\/a> <a href=\"https:\/\/t.co\/EaAvByN3Uz\">pic.twitter.com\/EaAvByN3Uz<\/a><\/p>\n<p>&#13;<br \/>\n\u2014 Pr\u00e9f\u00e8te de r\u00e9gion Auvergne-Rh\u00f4ne-Alpes et du Rh\u00f4ne (@prefetrhone) <a href=\"https:\/\/twitter.com\/prefetrhone\/status\/1955320637880250628?ref_src=twsrc%5Etfw\" target=\"_blank\" rel=\"noopener\">August 12, 2025<\/a><\/p><\/blockquote>\n<p>\t\t  <script async src=\"https:\/\/platform.twitter.com\/widgets.js\" charset=\"utf-8\"><\/script><\/p>\n","protected":false},"excerpt":{"rendered":"Face au froid ou la chaleur, les personnes sans domicile fixe luttent pour leur survie. Alors que la&hellip;\n","protected":false},"author":2,"featured_media":314806,"comment_status":"","ping_status":"","sticky":false,"template":"","format":"standard","meta":{"footnotes":""},"categories":[1889],"tags":[1111,11,2813,2190,2430,1109,251,1112,2811,1777,674,118,1011,27,1922,1110,1114,2428,2810,12,241,316,25,2812,517,800],"class_list":{"0":"post-314805","1":"post","2":"type-post","3":"status-publish","4":"format-standard","5":"has-post-thumbnail","7":"category-lyon","8":"tag-actu","9":"tag-actualites","10":"tag-article","11":"tag-asvel","12":"tag-auvergne-rhone-alpes","13":"tag-breves","14":"tag-culture","15":"tag-depeches","16":"tag-economique","17":"tag-eu","18":"tag-europe","19":"tag-faits-divers","20":"tag-fr","21":"tag-france","22":"tag-info","23":"tag-informations","24":"tag-infos","25":"tag-lyon","26":"tag-lyonmag","27":"tag-news","28":"tag-ol","29":"tag-politique","30":"tag-republique-francaise","31":"tag-sociale","32":"tag-sport","33":"tag-transports"},"share_on_mastodon":{"url":"https:\/\/pubeurope.com\/@fr\/115017894057271761","error":""},"_links":{"self":[{"href":"https:\/\/www.europesays.com\/fr\/wp-json\/wp\/v2\/posts\/314805","targetHints":{"allow":["GET"]}}],"collection":[{"href":"https:\/\/www.europesays.com\/fr\/wp-json\/wp\/v2\/posts"}],"about":[{"href":"https:\/\/www.europesays.com\/fr\/wp-json\/wp\/v2\/types\/post"}],"author":[{"embeddable":true,"href":"https:\/\/www.europesays.com\/fr\/wp-json\/wp\/v2\/users\/2"}],"replies":[{"embeddable":true,"href":"https:\/\/www.europesays.com\/fr\/wp-json\/wp\/v2\/comments?post=314805"}],"version-history":[{"count":0,"href":"https:\/\/www.europesays.com\/fr\/wp-json\/wp\/v2\/posts\/314805\/revisions"}],"wp:featuredmedia":[{"embeddable":true,"href":"https:\/\/www.europesays.com\/fr\/wp-json\/wp\/v2\/media\/314806"}],"wp:attachment":[{"href":"https:\/\/www.europesays.com\/fr\/wp-json\/wp\/v2\/media?parent=314805"}],"wp:term":[{"taxonomy":"category","embeddable":true,"href":"https:\/\/www.europesays.com\/fr\/wp-json\/wp\/v2\/categories?post=314805"},{"taxonomy":"post_tag","embeddable":true,"href":"https:\/\/www.europesays.com\/fr\/wp-json\/wp\/v2\/tags?post=314805"}],"curies":[{"name":"wp","href":"https:\/\/api.w.org\/{rel}","templated":true}]}}