{"id":314811,"date":"2025-08-12T21:25:12","date_gmt":"2025-08-12T21:25:12","guid":{"rendered":"https:\/\/www.europesays.com\/fr\/314811\/"},"modified":"2025-08-12T21:25:12","modified_gmt":"2025-08-12T21:25:12","slug":"quelquun-a-decide-que-je-ne-pouvais-plus-faire-partie-du-groupe-donnarumma-fait-ses-adieux-au-psg","status":"publish","type":"post","link":"https:\/\/www.europesays.com\/fr\/314811\/","title":{"rendered":"\u00ab\u00a0Quelqu\u2019un a d\u00e9cid\u00e9 que je ne pouvais plus faire partie du groupe\u00a0\u00bb\u00a0: Donnarumma fait ses adieux au PSG"},"content":{"rendered":"<p class=\"paragraph text_align_left lp-f-body-02\">\u00ab Depuis le premier jour o\u00f9 je suis arriv\u00e9, j\u2019ai tout donn\u00e9, sur le terrain et en dehors, pour gagner ma place et d\u00e9fendre fi\u00e8rement les cages du Paris Saint-Germain. \u00bb. Ce sont les premiers mots du post de Gianluigi Donnarumma sur Instagram. Ce mardi 12 ao\u00fbt, le portier de 26 ans a annonc\u00e9 son d\u00e9part du <a href=\"https:\/\/www.leparisien.fr\/sports\/football\/psg\/\" target=\"_self\" rel=\"nofollow noopener\">Paris-Saint-Germain<\/a>, vainqueur de la <a href=\"https:\/\/www.leparisien.fr\/sports\/football\/ligue-des-champions\/\" target=\"_self\" rel=\"nofollow noopener\">Ligue des champions<\/a> et finaliste de la <a href=\"https:\/\/www.leparisien.fr\/sports\/football\/coupe-du-monde-des-clubs\/chelsea-psg-3-0-le-feu-dartifice-est-annule-13-07-2025-BFTKWORG65BRRDAYCCLB4PO7PA.php\" target=\"_self\" rel=\"nofollow noopener\">Coupe du monde des clubs<\/a>.<\/p>\n<p class=\"paragraph text_align_left lp-f-body-02\">Remplac\u00e9 par le Fran\u00e7ais <a href=\"https:\/\/www.leparisien.fr\/sports\/football\/lucas-chevalier\/\" target=\"_self\" rel=\"nofollow noopener\">Lucas Chevalier<\/a>, officiellement parisien depuis vendredi soir, le gardien italien explique : \u00ab Malheureusement, quelqu\u2019un a d\u00e9cid\u00e9 que je ne pouvais plus faire partie de ce groupe et contribuer aux succ\u00e8s de l\u2019\u00e9quipe. \u00bb<\/p>\n<p class=\"paragraph text_align_left lp-f-body-02\">L\u2019Italien se dit \u00ab d\u00e9\u00e7u et attrist\u00e9 \u00bb. Mais il attend un ultime rendez-vous pour saleur le Parc des Princes. \u00ab J\u2019esp\u00e8re avoir l\u2019occasion de regarder une derni\u00e8re fois les supporters du Parc des Princes dans les yeux et de vous dire au revoir comme il se doit. \u00bb<\/p>\n<p class=\"paragraph text_align_left lp-f-body-02\">La page se tourne donc d\u00e9finitivement. Chevalier va s\u2019installer dans la cage parisienne sans l\u2019ombre du g\u00e9ant italien.<\/p>\n<p>Luis Enrique \u00ab cherchait un profil de gardien diff\u00e9rent \u00bb<\/p>\n<p class=\"paragraph text_align_left lp-f-body-02\">Plus t\u00f4t dans la soir\u00e9e, donc, Luis Enrique avait expliqu\u00e9 de fa\u00e7on aussi br\u00e8ve que claire ce choix. \u00ab Ce sont toujours des d\u00e9cisions difficiles \u00e0 prendre, admet Luis Enrique. Gigio est l\u2019un des meilleurs joueurs \u00e0 son poste, et il est encore mieux comme personne. Mais on cherchait un profil de gardien diff\u00e9rent \u00bb. Le coach parisien assume pleinement un choix dict\u00e9 selon lui uniquement par l\u2019aspect sportif. \u00ab C\u2019est ma d\u00e9cision, c\u2019est la d\u00e9cision du club qui me soutient. Nous avons cherch\u00e9 la meilleure solution (\u2026) Compte tenu du niveau de Gigio, c\u2019est normal d\u2019avoir des doutes. Mais mon but est toujours d\u2019am\u00e9liorer l\u2019\u00e9quipe \u00bb. Pass\u00e9 juste avant son coach, Marquinhos a donn\u00e9 son avis la situation du gardien italien, avec recul et une certaine dose d\u2019\u00e9motion, aussi. \u00ab Je suis l\u00e0 depuis 12-13 ans et j\u2019ai vu des joueurs vivre la m\u00eame chose. Des joueurs cadres qui ont d\u00fb partir. Notre vie est comme \u00e7a, le foot est comme \u00e7a. Nous en tant que joueur, la seule chose qu\u2019on peut faire, c\u2019est donner le maximum tant qu\u2019on est l\u00e0. Moi aussi un jour je vais partir. Les joueurs ils passent, le club reste. Gigio et d\u2019autres ont marqu\u00e9 l\u2019histoire du club. S\u2019il reste on l\u2019accueillera les bras ouverts. C\u2019est gr\u00e2ce \u00e0 lui qu\u2019on est arriv\u00e9 en finale. Et s\u2019il part, on le remercie du fond du c\u0153ur. C\u2019est un grand ami, un grand leader. S\u2019il part \u00e7a va me faire mal, mais d\u2019autres sont arriv\u00e9s. C\u2019est le foot. \u00bb<\/p>\n","protected":false},"excerpt":{"rendered":"\u00ab Depuis le premier jour o\u00f9 je suis arriv\u00e9, j\u2019ai tout donn\u00e9, sur le terrain et en dehors,&hellip;\n","protected":false},"author":2,"featured_media":314812,"comment_status":"","ping_status":"","sticky":false,"template":"","format":"standard","meta":{"footnotes":""},"categories":[1888],"tags":[1111,1928,11,1927,1777,674,63,1011,27,12,1926,626,1925,25,60],"class_list":{"0":"post-314811","1":"post","2":"type-post","3":"status-publish","4":"format-standard","5":"has-post-thumbnail","7":"category-paris","8":"tag-actu","9":"tag-actu-paris","10":"tag-actualites","11":"tag-actualites-paris","12":"tag-eu","13":"tag-europe","14":"tag-football","15":"tag-fr","16":"tag-france","17":"tag-news","18":"tag-news-paris","19":"tag-paris","20":"tag-paris-news","21":"tag-republique-francaise","22":"tag-sports"},"share_on_mastodon":{"url":"https:\/\/pubeurope.com\/@fr\/115017909762371357","error":""},"_links":{"self":[{"href":"https:\/\/www.europesays.com\/fr\/wp-json\/wp\/v2\/posts\/314811","targetHints":{"allow":["GET"]}}],"collection":[{"href":"https:\/\/www.europesays.com\/fr\/wp-json\/wp\/v2\/posts"}],"about":[{"href":"https:\/\/www.europesays.com\/fr\/wp-json\/wp\/v2\/types\/post"}],"author":[{"embeddable":true,"href":"https:\/\/www.europesays.com\/fr\/wp-json\/wp\/v2\/users\/2"}],"replies":[{"embeddable":true,"href":"https:\/\/www.europesays.com\/fr\/wp-json\/wp\/v2\/comments?post=314811"}],"version-history":[{"count":0,"href":"https:\/\/www.europesays.com\/fr\/wp-json\/wp\/v2\/posts\/314811\/revisions"}],"wp:featuredmedia":[{"embeddable":true,"href":"https:\/\/www.europesays.com\/fr\/wp-json\/wp\/v2\/media\/314812"}],"wp:attachment":[{"href":"https:\/\/www.europesays.com\/fr\/wp-json\/wp\/v2\/media?parent=314811"}],"wp:term":[{"taxonomy":"category","embeddable":true,"href":"https:\/\/www.europesays.com\/fr\/wp-json\/wp\/v2\/categories?post=314811"},{"taxonomy":"post_tag","embeddable":true,"href":"https:\/\/www.europesays.com\/fr\/wp-json\/wp\/v2\/tags?post=314811"}],"curies":[{"name":"wp","href":"https:\/\/api.w.org\/{rel}","templated":true}]}}