{"id":314813,"date":"2025-08-12T21:26:13","date_gmt":"2025-08-12T21:26:13","guid":{"rendered":"https:\/\/www.europesays.com\/fr\/314813\/"},"modified":"2025-08-12T21:26:13","modified_gmt":"2025-08-12T21:26:13","slug":"les-touristes-et-les-parisiens-se-baignent-dans-la-seine-en-pleine-canicule","status":"publish","type":"post","link":"https:\/\/www.europesays.com\/fr\/314813\/","title":{"rendered":"Les touristes et les Parisiens se baignent dans la Seine en pleine canicule"},"content":{"rendered":"<p>La baignade dans la Seine est une attraction touristique de plus en plus populaire dans la capitale fran\u00e7aise et un incontournable pour les Parisiens. Des milliers de personnes ont pris d\u2019assaut le fleuve depuis l&rsquo;ouverture de trois zones publiques le mois dernier, une premi\u00e8re depuis plus d&rsquo;un si\u00e8cle.<\/p>\n<p>La fr\u00e9quentation des zones de baignade devrait augmenter avec l&rsquo;arriv\u00e9e d&rsquo;une vague de chaleur dans la r\u00e9gion mardi. Paris a \u00e9t\u00e9 plac\u00e9e en \u00abhaute vigilance\u00bb par M\u00e9t\u00e9o France, avec des temp\u00e9ratures attendues jusqu&rsquo;\u00e0 38 degr\u00e9s Celsius.<\/p>\n<p>Sur le site de Grenelle, \u00e0 l&rsquo;ouest de Paris, les visiteurs peuvent se baigner avec une vue unique sur la tour Eiffel.<\/p>\n<p>La qualit\u00e9 de l&rsquo;eau est contr\u00f4l\u00e9e quotidiennement pour se conformer \u00e0 la r\u00e9glementation europ\u00e9enne.<\/p>\n<p>La baignade dans la Seine \u00e9tait interdite depuis 1923, \u00e0 quelques exceptions pr\u00e8s, en raison de la pollution et des risques li\u00e9s \u00e0 la navigation fluviale. L&rsquo;ouverture de ces nouvelles zones de baignade est possible gr\u00e2ce \u00e0 un programme de nettoyage de 1,6 milliard $ US qui a permis d&rsquo;accueillir les comp\u00e9titions olympiques l&rsquo;ann\u00e9e derni\u00e8re.<\/p>\n<p>\u00abNager en regardant la tour Eiffel, dans une eau pure, naturelle et propre, c\u2019est extraordinaire\u00bb, s\u2019exclame Constanze Martens, une touriste mexicaine.<\/p>\n<p>Lundi, la temp\u00e9rature de l&rsquo;eau de la Seine \u00e9tait de 22 degr\u00e9s Celsius.<\/p>\n<p>\u00abC\u2019est m\u00eame plus chaud que la mer, ce qui est assez surprenant. C\u2019est tr\u00e8s agr\u00e9able\u00bb, confie \u00c9lisabeth Lorin, une r\u00e9sidente de Montreuil, dans la banlieue est de Paris.<\/p>\n<p>Jusqu&rsquo;\u00e0 la fin ao\u00fbt, les baignades sont ouvertes gratuitement \u00e0 des horaires fixes \u00e0 toute personne de 10 ans ou 14 ans et plus, selon l&rsquo;endroit.<\/p>\n<p>Chaque nageur doit \u00eatre \u00e9quip\u00e9 d&rsquo;une bou\u00e9e jaune attach\u00e9e \u00e0 la taille pour des raisons de s\u00e9curit\u00e9.<\/p>\n<p>Le site accueille entre 800 et 1200 visiteurs par jour, avec une limite de 200 visiteurs simultan\u00e9s, indique Yann For\u00eat, directeur du site de Grenelle.<\/p>\n<p>Pierre Rabadan, adjoint au maire de Paris, a d\u00e9clar\u00e9 la semaine derni\u00e8re que plus de 40 000 personnes s&rsquo;\u00e9taient baign\u00e9es sur les sites depuis leur ouverture le 5 juillet, malgr\u00e9 pr\u00e8s de deux semaines de fermeture, principalement due aux pluies, qui augmentent la pollution des eaux en amont.<\/p>\n<p>\u00abActuellement, la qualit\u00e9 de l&rsquo;eau est excellente et nous b\u00e9n\u00e9ficions de conditions optimales avec un temps chaud\u00bb, a affirm\u00e9 M. Rabadan \u00e0 l&rsquo;Associated Press lundi. Il a pr\u00e9cis\u00e9 que la d\u00e9cision quotidienne d&rsquo;ouverture des sites d\u00e9pend des conditions m\u00e9t\u00e9orologiques et de plusieurs facteurs, dont le d\u00e9bit de l&rsquo;eau et le niveau de pollution.<\/p>\n<p>Des sauveteurs surveillent les sites, utilisant parfois leurs sifflets pour rappeler aux nageurs de ne pas sauter ou de ne pas quitter le p\u00e9rim\u00e8tre. Aucun incident majeur n&rsquo;a \u00e9t\u00e9 signal\u00e9 jusqu\u2019\u00e0 maintenant.<\/p>\n<p>Marina Gicquel, sauveteuse \u00e0 Grenelle, explique que la principale diff\u00e9rence avec une piscine r\u00e9side dans le courant et l&rsquo;eau trouble. \u00abOn ne voit que les t\u00eates des gens qui d\u00e9passent. C&rsquo;est pourquoi les bou\u00e9es sont utiles. C\u2019est aussi assez profond, de trois \u00e0 cinq m\u00e8tres de profondeur, donc personne ne trouve d&rsquo;appui.\u00bb<\/p>\n<p>Certains visiteurs, comme l&rsquo;Australienne Thurkka Jeyakumar, \u00e9taient sceptiques quant \u00e0 la baignade dans la Seine, invoquant la couleur trouble du fleuve et des probl\u00e8mes de bact\u00e9ries.<\/p>\n<p>Des niveaux dangereux d&rsquo;E. coli ou d&rsquo;autres bact\u00e9ries apparaissent lors de pluies prolong\u00e9es, ce qui surcharge les canalisations, entra\u00eenant le d\u00e9versement d&rsquo;eaux us\u00e9es non trait\u00e9es dans le fleuve au lieu d&rsquo;une station d&rsquo;\u00e9puration. L&rsquo;ann\u00e9e derni\u00e8re, certaines comp\u00e9titions olympiques ont d\u2019ailleurs \u00e9t\u00e9 report\u00e9es pour cette raison.<\/p>\n<p>Finalement, Mme Jeyakumar a tent\u00e9 l&rsquo;exp\u00e9rience apr\u00e8s avoir perdu un pari.<\/p>\n<p>\u00abJe dois admettre que c&rsquo;\u00e9tait bien plus beau et plus propre que je ne l&rsquo;aurais cru. Le pari a donc \u00e9t\u00e9 gagnant!\u00bb<\/p>\n<p>Sylvie Corbet, The Associated Press<\/p>\n","protected":false},"excerpt":{"rendered":"La baignade dans la Seine est une attraction touristique de plus en plus populaire dans la capitale fran\u00e7aise&hellip;\n","protected":false},"author":2,"featured_media":314814,"comment_status":"","ping_status":"","sticky":false,"template":"","format":"standard","meta":{"footnotes":""},"categories":[1888],"tags":[1111,1928,11,1927,1777,674,1011,27,5353,30635,38010,12,1926,626,1925,43801,18674,25],"class_list":{"0":"post-314813","1":"post","2":"type-post","3":"status-publish","4":"format-standard","5":"has-post-thumbnail","7":"category-paris","8":"tag-actu","9":"tag-actu-paris","10":"tag-actualites","11":"tag-actualites-paris","12":"tag-eu","13":"tag-europe","14":"tag-fr","15":"tag-france","16":"tag-la-seine","17":"tag-la-tour-eiffel","18":"tag-les-visiteurs","19":"tag-news","20":"tag-news-paris","21":"tag-paris","22":"tag-paris-news","23":"tag-pierre-rabadan","24":"tag-qualite-de-leau","25":"tag-republique-francaise"},"share_on_mastodon":{"url":"https:\/\/pubeurope.com\/@fr\/115017913723829036","error":""},"_links":{"self":[{"href":"https:\/\/www.europesays.com\/fr\/wp-json\/wp\/v2\/posts\/314813","targetHints":{"allow":["GET"]}}],"collection":[{"href":"https:\/\/www.europesays.com\/fr\/wp-json\/wp\/v2\/posts"}],"about":[{"href":"https:\/\/www.europesays.com\/fr\/wp-json\/wp\/v2\/types\/post"}],"author":[{"embeddable":true,"href":"https:\/\/www.europesays.com\/fr\/wp-json\/wp\/v2\/users\/2"}],"replies":[{"embeddable":true,"href":"https:\/\/www.europesays.com\/fr\/wp-json\/wp\/v2\/comments?post=314813"}],"version-history":[{"count":0,"href":"https:\/\/www.europesays.com\/fr\/wp-json\/wp\/v2\/posts\/314813\/revisions"}],"wp:featuredmedia":[{"embeddable":true,"href":"https:\/\/www.europesays.com\/fr\/wp-json\/wp\/v2\/media\/314814"}],"wp:attachment":[{"href":"https:\/\/www.europesays.com\/fr\/wp-json\/wp\/v2\/media?parent=314813"}],"wp:term":[{"taxonomy":"category","embeddable":true,"href":"https:\/\/www.europesays.com\/fr\/wp-json\/wp\/v2\/categories?post=314813"},{"taxonomy":"post_tag","embeddable":true,"href":"https:\/\/www.europesays.com\/fr\/wp-json\/wp\/v2\/tags?post=314813"}],"curies":[{"name":"wp","href":"https:\/\/api.w.org\/{rel}","templated":true}]}}