{"id":314817,"date":"2025-08-12T21:28:11","date_gmt":"2025-08-12T21:28:11","guid":{"rendered":"https:\/\/www.europesays.com\/fr\/314817\/"},"modified":"2025-08-12T21:28:11","modified_gmt":"2025-08-12T21:28:11","slug":"mercato-psg-cest-une-triste-fin-entre-gianluigi-donnarumma-et-paris-lhistoire-est-definitivement-terminee","status":"publish","type":"post","link":"https:\/\/www.europesays.com\/fr\/314817\/","title":{"rendered":"Mercato PSG\u00a0: \u00ab\u00a0C\u2019est une triste fin\u00a0\u00bb, entre Gianluigi Donnarumma et Paris, l\u2019histoire est d\u00e9finitivement termin\u00e9e"},"content":{"rendered":"<p class=\"paragraph text_align_left lp-f-body-02\">La petite bombe a \u00e9t\u00e9 l\u00e2ch\u00e9e sur les coups de 21 heures. Alors que la conf\u00e9rence de presse du PSG venait de se terminer \u00e0 Udine, \u00e0 la veille de la Supercoupe d\u2019Europe, un rendez-vous m\u00e9diatique o\u00f9 il avait \u00e9t\u00e9 beaucoup question de lui, \u00e0 plus de 1 000 kilom\u00e8tres de l\u00e0, <a href=\"https:\/\/www.leparisien.fr\/sports\/football\/quelquun-a-decide-que-je-ne-pouvais-plus-faire-partie-du-groupe-donnarumma-fait-ses-adieux-au-psg-12-08-2025-76HM2U4JVZEE3JJB6BJKKHJNYQ.php\" target=\"_self\" rel=\"nofollow noopener\">Gianluigi Donnarumma s\u2019est charg\u00e9 d\u2019acter<\/a>, d\u00e9finitivement, son divorce avec le PSG.<\/p>\n<p class=\"paragraph text_align_left lp-f-body-02\">Celui-ci \u00e9tait fortement pressenti apr\u00e8s la d\u00e9cision de <a href=\"https:\/\/www.leparisien.fr\/sports\/football\/luis-enrique\/\" target=\"_self\" rel=\"nofollow noopener\">Luis Enrique<\/a> de se passer de ses services pour la rencontre contre Tottenham. Un peu plus de 24 heures plus tard, le gardien italien n\u2019a pas souhait\u00e9 \u00e9tirer ce faux suspens et a pris le taureau par les cornes en annon\u00e7ant qu\u2019il quitterait le club champion d\u2019Europe.<\/p>\n","protected":false},"excerpt":{"rendered":"La petite bombe a \u00e9t\u00e9 l\u00e2ch\u00e9e sur les coups de 21 heures. Alors que la conf\u00e9rence de presse&hellip;\n","protected":false},"author":2,"featured_media":314818,"comment_status":"","ping_status":"","sticky":false,"template":"","format":"standard","meta":{"footnotes":""},"categories":[1888],"tags":[11,1777,674,63,1011,27,12,626,93,25,60],"class_list":{"0":"post-314817","1":"post","2":"type-post","3":"status-publish","4":"format-standard","5":"has-post-thumbnail","7":"category-paris","8":"tag-actualites","9":"tag-eu","10":"tag-europe","11":"tag-football","12":"tag-fr","13":"tag-france","14":"tag-news","15":"tag-paris","16":"tag-psg","17":"tag-republique-francaise","18":"tag-sports"},"share_on_mastodon":{"url":"https:\/\/pubeurope.com\/@fr\/115017921628059213","error":""},"_links":{"self":[{"href":"https:\/\/www.europesays.com\/fr\/wp-json\/wp\/v2\/posts\/314817","targetHints":{"allow":["GET"]}}],"collection":[{"href":"https:\/\/www.europesays.com\/fr\/wp-json\/wp\/v2\/posts"}],"about":[{"href":"https:\/\/www.europesays.com\/fr\/wp-json\/wp\/v2\/types\/post"}],"author":[{"embeddable":true,"href":"https:\/\/www.europesays.com\/fr\/wp-json\/wp\/v2\/users\/2"}],"replies":[{"embeddable":true,"href":"https:\/\/www.europesays.com\/fr\/wp-json\/wp\/v2\/comments?post=314817"}],"version-history":[{"count":0,"href":"https:\/\/www.europesays.com\/fr\/wp-json\/wp\/v2\/posts\/314817\/revisions"}],"wp:featuredmedia":[{"embeddable":true,"href":"https:\/\/www.europesays.com\/fr\/wp-json\/wp\/v2\/media\/314818"}],"wp:attachment":[{"href":"https:\/\/www.europesays.com\/fr\/wp-json\/wp\/v2\/media?parent=314817"}],"wp:term":[{"taxonomy":"category","embeddable":true,"href":"https:\/\/www.europesays.com\/fr\/wp-json\/wp\/v2\/categories?post=314817"},{"taxonomy":"post_tag","embeddable":true,"href":"https:\/\/www.europesays.com\/fr\/wp-json\/wp\/v2\/tags?post=314817"}],"curies":[{"name":"wp","href":"https:\/\/api.w.org\/{rel}","templated":true}]}}