{"id":314819,"date":"2025-08-12T21:29:18","date_gmt":"2025-08-12T21:29:18","guid":{"rendered":"https:\/\/www.europesays.com\/fr\/314819\/"},"modified":"2025-08-12T21:29:18","modified_gmt":"2025-08-12T21:29:18","slug":"direct-ukraine-berne-vise-le-petrole-russe-avec-de-nouvelles-sanctions","status":"publish","type":"post","link":"https:\/\/www.europesays.com\/fr\/314819\/","title":{"rendered":"DIRECT \u2013 Ukraine: Berne vise le p\u00e9trole russe avec de nouvelles sanctions"},"content":{"rendered":"<p>14h06<\/p>\n<p class=\"ArticleParagraph_root__lhFZo ArticleContainer_content-width__FRl7F link_focus__0ZMwx link_externalicon-big__ZdPgo link_externalicon__qcwXs ArticleParagraph_-ticker__Dbjmy ArticleElement_article-element__q93eL\">L\u2019Europe a encore accru son aide militaire \u00e0 l\u2019Ukraine en mai et juin, contrairement aux \u00c9tats-Unis, et s\u2019appuie de plus en plus sur son industrie de d\u00e9fense plut\u00f4t que sur les stocks existants d\u2019armement, a indiqu\u00e9 mardi l\u2019institut de recherche allemand Kiel Institute.<\/p>\n<p class=\"ArticleParagraph_root__lhFZo ArticleContainer_content-width__FRl7F link_focus__0ZMwx link_externalicon-big__ZdPgo link_externalicon__qcwXs ArticleParagraph_-ticker__Dbjmy ArticleElement_article-element__q93eL\">Les Europ\u00e9ens, Royaume-Uni compris, ont donn\u00e9 ou allou\u00e9 \u00e0 l\u2019Ukraine 80,5 milliards d\u2019euros au total d\u2019aide militaire entre le d\u00e9but de la guerre et fin juin, contre 64,6 milliards pour les \u00c9tats-Unis. Selon l\u2019institut, le cumul de l\u2019aide militaire europ\u00e9enne avait d\u00e9pass\u00e9 les \u00c9tats-Unis au printemps, pour la premi\u00e8re fois depuis juin 2022.<\/p>\n<p><img decoding=\"async\" loading=\"lazy\" src=\"https:\/\/www.europesays.com\/fr\/wp-content\/uploads\/2025\/08\/4eQn81KkaJ59T-yN9B1kO9.jpg\" alt=\"Des militaires ukrainiens tirent un lance-roquettes multiple BM-21 Grad vers des positions russes.\" title=\"Des militaires ukrainiens tirent un lance-roquettes multiple BM-21 Grad vers des positions russes.\" class=\"ResponsiveImage_root__ZDz10 responsive-image\" style=\"background-color:#726B60\"\/><\/p>\n<p>Des militaires ukrainiens tirent un lance-roquettes multiple BM-21 Grad vers des positions russes.<\/p>\n<p>AFP\/Roman PILIPEY <\/p>\n<p class=\"ArticleParagraph_root__lhFZo ArticleContainer_content-width__FRl7F link_focus__0ZMwx link_externalicon-big__ZdPgo link_externalicon__qcwXs ArticleParagraph_-ticker__Dbjmy ArticleElement_article-element__q93eL\">\u00abUne importante part des armes fournies ne provient plus des stocks mais directement de l\u2019industrie de d\u00e9fense\u00bb, note le Kiel Institute.<\/p>\n<p>\u00abLes Europ\u00e9ens d\u00e9passent les \u00c9tats-Unis\u00bb<\/p>\n<p class=\"ArticleParagraph_root__lhFZo ArticleContainer_content-width__FRl7F link_focus__0ZMwx link_externalicon-big__ZdPgo link_externalicon__qcwXs ArticleParagraph_-ticker__Dbjmy ArticleElement_article-element__q93eL\">D\u00e9sormais, les contrats pass\u00e9s par les Europ\u00e9ens \u00e0 l\u2019industrie d\u00e9passent les commandes des \u00c9tats-Unis, \u00abmarquant un net basculement du recours aux arsenaux vers la production industrielle\u00bb, explique Taro Nishikawa, responsable du \u00abUkraine Support Tracker\u00bb du centre de recherche.<\/p>\n<p><img decoding=\"async\" loading=\"lazy\" src=\"https:\/\/www.europesays.com\/fr\/wp-content\/uploads\/2025\/08\/1_nAHINDqVsA6kzGeywmv_.jpg\" alt=\"Un soldat ukrainien s\u2019entra\u00eene avec un missile antichar MILAN au camp militaire de Mourmelon-le-Grand, le 14 novembre 2024.\" title=\"Un soldat ukrainien s\u2019entra\u00eene avec un missile antichar MILAN au camp militaire de Mourmelon-le-Grand, le 14 novembre 2024.\" class=\"ResponsiveImage_root__ZDz10 responsive-image\" style=\"background-color:#8C9284\"\/><\/p>\n<p>Un soldat ukrainien s\u2019entra\u00eene avec un missile antichar MILAN.<\/p>\n<p>AFP\/FRANCOIS NASCIMBENI<\/p>\n<p class=\"ArticleParagraph_root__lhFZo ArticleContainer_content-width__FRl7F link_focus__0ZMwx link_externalicon-big__ZdPgo link_externalicon__qcwXs ArticleParagraph_-ticker__Dbjmy ArticleElement_article-element__q93eL\">En mai et juin, l\u2019Europe a allou\u00e9 10,5 milliards d\u2019euros d\u2019aide militaire \u00e0 l\u2019Ukraine: l\u2019Allemagne y a consacr\u00e9 un paquet d\u2019aide de 5 milliards d\u2019euros, suivie par la Norv\u00e8ge avec 1,5 milliard et la Belgique avec 1,2 milliard. Les Pays-Bas, le Royaume-Uni et le Danemark ont chacun allou\u00e9 entre 500 et 600 millions d\u2019euros.<\/p>\n<p>Les \u00c9tats-Unis \u00e9taient les principaux pourvoyeurs d\u2019aide<\/p>\n<p class=\"ArticleParagraph_root__lhFZo ArticleContainer_content-width__FRl7F link_focus__0ZMwx link_externalicon-big__ZdPgo link_externalicon__qcwXs ArticleParagraph_-ticker__Dbjmy ArticleElement_article-element__q93eL\">Les \u00c9tats-Unis \u00e9taient les principaux pourvoyeurs d\u2019aide \u00e0 l\u2019Ukraine avant le retour \u00e0 la Maison Blanche, le 20 janvier, de Donald Trump, qui a rompu avec la strat\u00e9gie de soutien de Joe Biden. \u00abJe pense que (\u2026) nous en avons fini avec le financement de cette guerre en Ukraine\u00bb a  d\u00e9clar\u00e9 le vice-pr\u00e9sident am\u00e9ricain JD Vance dans une interview diffus\u00e9e dimanche sur la cha\u00eene conservatrice Fox News.<\/p>\n<p class=\"ArticleParagraph_root__lhFZo ArticleContainer_content-width__FRl7F link_focus__0ZMwx link_externalicon-big__ZdPgo link_externalicon__qcwXs ArticleParagraph_-ticker__Dbjmy ArticleElement_article-element__q93eL\">\u00abSi les Europ\u00e9ens veulent prendre le relais et acheter les armes aux fabricants am\u00e9ricains, nous n\u2019y voyons pas d\u2019inconv\u00e9nient\u00bb, a-t-il ajout\u00e9.<\/p>\n","protected":false},"excerpt":{"rendered":"14h06 L\u2019Europe a encore accru son aide militaire \u00e0 l\u2019Ukraine en mai et juin, contrairement aux \u00c9tats-Unis, et&hellip;\n","protected":false},"author":2,"featured_media":314820,"comment_status":"","ping_status":"","sticky":false,"template":"","format":"standard","meta":{"footnotes":""},"categories":[1591],"tags":[11,1887,12,1885,1886,132],"class_list":{"0":"post-314819","1":"post","2":"type-post","3":"status-publish","4":"format-standard","5":"has-post-thumbnail","7":"category-russie","8":"tag-actualites","9":"tag-federation-de-russie","10":"tag-news","11":"tag-russia","12":"tag-russian-federation","13":"tag-russie"},"share_on_mastodon":{"url":"https:\/\/pubeurope.com\/@fr\/115017925631840053","error":""},"_links":{"self":[{"href":"https:\/\/www.europesays.com\/fr\/wp-json\/wp\/v2\/posts\/314819","targetHints":{"allow":["GET"]}}],"collection":[{"href":"https:\/\/www.europesays.com\/fr\/wp-json\/wp\/v2\/posts"}],"about":[{"href":"https:\/\/www.europesays.com\/fr\/wp-json\/wp\/v2\/types\/post"}],"author":[{"embeddable":true,"href":"https:\/\/www.europesays.com\/fr\/wp-json\/wp\/v2\/users\/2"}],"replies":[{"embeddable":true,"href":"https:\/\/www.europesays.com\/fr\/wp-json\/wp\/v2\/comments?post=314819"}],"version-history":[{"count":0,"href":"https:\/\/www.europesays.com\/fr\/wp-json\/wp\/v2\/posts\/314819\/revisions"}],"wp:featuredmedia":[{"embeddable":true,"href":"https:\/\/www.europesays.com\/fr\/wp-json\/wp\/v2\/media\/314820"}],"wp:attachment":[{"href":"https:\/\/www.europesays.com\/fr\/wp-json\/wp\/v2\/media?parent=314819"}],"wp:term":[{"taxonomy":"category","embeddable":true,"href":"https:\/\/www.europesays.com\/fr\/wp-json\/wp\/v2\/categories?post=314819"},{"taxonomy":"post_tag","embeddable":true,"href":"https:\/\/www.europesays.com\/fr\/wp-json\/wp\/v2\/tags?post=314819"}],"curies":[{"name":"wp","href":"https:\/\/api.w.org\/{rel}","templated":true}]}}