{"id":314823,"date":"2025-08-12T21:31:16","date_gmt":"2025-08-12T21:31:16","guid":{"rendered":"https:\/\/www.europesays.com\/fr\/314823\/"},"modified":"2025-08-12T21:31:16","modified_gmt":"2025-08-12T21:31:16","slug":"opposant-assume-a-donald-trump-jimmy-kimmel-sest-trouve-un-pays-daccueil-pour-fuir-les-etats-unis","status":"publish","type":"post","link":"https:\/\/www.europesays.com\/fr\/314823\/","title":{"rendered":"Opposant assum\u00e9 \u00e0 Donald Trump, Jimmy Kimmel s\u2019est trouv\u00e9 un pays d\u2019accueil pour fuir les \u00c9tats-Unis"},"content":{"rendered":"<p>        <img decoding=\"async\" loading=\"lazy\" src=\"https:\/\/www.europesays.com\/fr\/wp-content\/uploads\/2025\/08\/d78dffb_1710115743088-063-2074347701.jpg\"  width=\"728\" height=\"409\" alt=\"Face \u00e0 Donald Trump, Jimmy Kimmel (ici le 10\u00a0mars 2024) a pris la nationalit\u00e9 italienne pour pouvoir fuir les \u00c9tats-Unis si besoin.\"\/>  <\/p>\n<p>KEVIN WINTER \/ Getty Images via AFP<\/p>\n<p>Face \u00e0 Donald Trump, Jimmy Kimmel (ici le 10\u00a0mars 2024) a pris la nationalit\u00e9 italienne pour pouvoir fuir les \u00c9tats-Unis si besoin.<\/p>\n<p class=\"asset asset-text\">\u00c9TATS-UNIS &#8211; Mieux vaut pr\u00e9venir que gu\u00e9rir. <a href=\"https:\/\/www.huffingtonpost.fr\/medias\/article\/donald-trump-menace-jimmy-fallon-et-jimmy-kimmel-du-meme-sort-que-stephen-colbert-et-son-late-show_253106.html\" target=\"_blank\" rel=\"noopener\" title=\"Nouvelle fen\u00eatre\">Jimmy Kimmel<\/a> a annonc\u00e9 avoir demand\u00e9 et obtenu la nationalit\u00e9 italienne apr\u00e8s l\u2019arriv\u00e9e au pouvoir de <a href=\"https:\/\/www.huffingtonpost.fr\/international\/article\/trump-va-remettre-les-ados-au-sport-mais-sa-methode-ravive-deja-de-mauvais-souvenirs_253474.html\" target=\"_blank\" rel=\"noopener\" title=\"Nouvelle fen\u00eatre\">Donald Trump<\/a>. Le pr\u00e9sentateur am\u00e9ricain ne pr\u00e9voit pas de quitter les \u00c9tats-Unis pour le moment, mais il s\u2019est confi\u00e9 dans un \u00e9pisode du \u00ab\u00a0<a href=\"https:\/\/podcasts.apple.com\/us\/podcast\/jimmy-kimmel-skipping-buttholes\/id1533130572?i=1000721011196\" target=\"_blank\" rel=\"noopener\" title=\"Nouvelle fen\u00eatre\">Sarah Silverman Podcast<\/a>\u00a0\u00bb publi\u00e9 le 7\u00a0ao\u00fbt sur son plan s\u2019il devait un jour fuir l\u2019administration r\u00e9publicaine.<\/p>\n<p class=\"asset asset-text\">\u00ab\u00a0Beaucoup de gens que je connais se demandent de quel pays ils vont obtenir la nationalit\u00e9\u00a0\u00bb, a lanc\u00e9 Sarah Silverman. Et Jimmy Kimmel de r\u00e9pliquer\u00a0: \u00ab\u00a0J\u2019ai bien obtenu la nationalit\u00e9 italienne.\u00a0\u00bb Le pr\u00e9sentateur du Jimmy Kimmel Live\u00a0! a ensuite dit tout le mal qu\u2019il pense de la politique de Donald Trump. \u00ab\u00a0Ce qui se passe est aussi terrible qu\u2019on le pensait. C\u2019est m\u00eame bien pire, c\u2019est tout simplement incroyable. J\u2019ai l\u2019impression que c\u2019est sans doute encore pire que ce qu\u2019il aurait lui-m\u00eame souhait\u00e9.\u00a0\u00bb<\/p>\n<p class=\"asset asset-text\">Ce n\u2019est pas la premi\u00e8re fois que Jimmy Kimmel assume son opposition \u00e0 Donald Trump. En plus de ses chroniques souvent acides dans son \u00e9mission, il avait partag\u00e9 sur son compte Instagram une photo avec sa famille dans une manifestation contre le locataire de la Maison Blanche. \u00ab\u00a0Vacances d\u2019\u00e9t\u00e9 en famille\u00a0! Que chaque jour soit encore un merveilleux secret\u00a0\u00bb, avait-il \u00e9crit, citant in extenso la <a href=\"https:\/\/www.huffingtonpost.fr\/international\/article\/trump-enrage-contre-le-wall-street-journal-qui-a-publie-une-lettre-salace-censee-venir-de-lui-et-destinee-a-epstein_252729.html\" target=\"_blank\" rel=\"noopener\">lettre d\u2019anniversaire salace<\/a> que Donald Trump aurait adress\u00e9e en 2003 \u00e0 Jeffrey Epstein, selon des r\u00e9v\u00e9lations du Wall Street Journal.<\/p>\n<p> La lecture de ce contenu est susceptible d\u2019entra\u00eener un d\u00e9p\u00f4t de cookies de la part de l\u2019op\u00e9rateur tiers qui l\u2019h\u00e9berge. Compte-tenu des choix que vous avez exprim\u00e9s en mati\u00e8re de d\u00e9p\u00f4t de cookies, nous avons bloqu\u00e9 l\u2019affichage de ce contenu. Si vous souhaitez y acc\u00e9der, vous devez accepter la cat\u00e9gorie de cookies \u201cContenus tiers\u201d en cliquant sur le bouton ci-dessous. <\/p>\n<p> Lire la Vid\u00e9o        Des clashs avec Trump sur les r\u00e9seaux sociaux    <\/p>\n<p class=\"asset asset-text\">Sans surprise, le pr\u00e9sident am\u00e9ricain n\u2019appr\u00e9cie pas particuli\u00e8rement les prises de position de Jimmy Kimmel, qu\u2019il a vertement critiqu\u00e9 \u00e0 plusieurs reprises, affirmant notamment que son \u00e9mission serait annul\u00e9e dans le sillage de celle de <a href=\"https:\/\/www.huffingtonpost.fr\/international\/article\/donald-trump-se-delecte-de-la-mort-programmee-de-the-late-show-with-stephen-colbert_252755.html\" target=\"_blank\" rel=\"noopener\">Stephen Colbert<\/a>. \u00ab\u00a0Le bruit court, et c\u2019est un GROS bruit, que Jimmy Kimmel sera le PROCHAIN \u00e9vinc\u00e9 dans le concours des \u201clate night shows\u201d sans int\u00e9r\u00eat, et peu de temps apr\u00e8s, [Jimmy] Fallon [du Tonight Show, NDLR] partira \u00e9galement\u00a0\u00bb, affirmait-il sur sa plateforme Truth Social. \u00ab\u00a0Ce sont des gens qui n\u2019ont absolument AUCUN TALENT\u00a0\u00bb, poursuivait-il.<\/p>\n<p class=\"asset asset-text\">Loin de se laisser intimider, Jimmy Kimmel avait r\u00e9pondu \u00e0 Donald Trump dans une publication Instagram lik\u00e9e plus de 207\u00a0408\u00a0fois. \u00ab\u00a0J\u2019ai entendu dire que vous serez le prochain\u00a0[\u00e0 partir], ou peut-\u00eatre que c\u2019est seulement un autre merveilleux secret\u00a0\u00bb, plaisantait-il, faisant une nouvelle fois r\u00e9f\u00e9rence aux pol\u00e9miques autour de l\u2019affaire Epstein dont le pr\u00e9sident am\u00e9ricain <a href=\"https:\/\/www.huffingtonpost.fr\/international\/article\/donald-trump-a-ete-poursuivi-jusqu-en-ecosse-par-les-polemiques-brulantes-sur-l-affaire-epstein_253097.html\" target=\"_blank\" rel=\"noopener\">peine \u00e0 se d\u00e9p\u00eatrer<\/a> depuis plusieurs semaines.<\/p>\n<p> La lecture de ce contenu est susceptible d\u2019entra\u00eener un d\u00e9p\u00f4t de cookies de la part de l\u2019op\u00e9rateur tiers qui l\u2019h\u00e9berge. Compte-tenu des choix que vous avez exprim\u00e9s en mati\u00e8re de d\u00e9p\u00f4t de cookies, nous avons bloqu\u00e9 l\u2019affichage de ce contenu. Si vous souhaitez y acc\u00e9der, vous devez accepter la cat\u00e9gorie de cookies \u201cContenus tiers\u201d en cliquant sur le bouton ci-dessous. <\/p>\n<p> Lire la Vid\u00e9o        <\/p>\n<p class=\"asset asset-text\">S\u2019il quittait effectivement les \u00c9tats-Unis pour l\u2019Italie, Jimmy Kimmel ne serait pas la premi\u00e8re c\u00e9l\u00e9brit\u00e9 \u00e0 prendre la fuite apr\u00e8s le retour de Donald Trump aux affaires. La pr\u00e9sentatrice Ellen DeGeneres a par exemple confirm\u00e9 en juillet \u00e0 la <a href=\"https:\/\/www.bbc.com\/news\/articles\/c8d638rrndzo\" target=\"_blank\" rel=\"noopener\" title=\"Nouvelle fen\u00eatre\">BBC<\/a> qu\u2019elle avait d\u00e9m\u00e9nag\u00e9 au Royaume-Uni. \u00ab\u00a0Nous sommes arriv\u00e9s ici la veille des \u00e9lections, nous nous sommes r\u00e9veill\u00e9s avec plein de SMS de nos amis avec des \u00e9mojis en pleurs, a-t-elle racont\u00e9. Et puis nous nous sommes dit\u00a0: \u201cNous restons ici\u201d.\u00a0\u00bb<\/p>\n","protected":false},"excerpt":{"rendered":"KEVIN WINTER \/ Getty Images via AFP Face \u00e0 Donald Trump, Jimmy Kimmel (ici le 10\u00a0mars 2024) a&hellip;\n","protected":false},"author":2,"featured_media":314824,"comment_status":"","ping_status":"","sticky":false,"template":"","format":"standard","meta":{"footnotes":""},"categories":[1589],"tags":[11,251,75,73,1866,14,39997,12,1864,1865,1863,308],"class_list":{"0":"post-314823","1":"post","2":"type-post","3":"status-publish","4":"format-standard","5":"has-post-thumbnail","7":"category-etats-unis","8":"tag-actualites","9":"tag-culture","10":"tag-donald-trump","11":"tag-etats-unis","12":"tag-etats-unis-damerique","13":"tag-international","14":"tag-jimmy-kimmel","15":"tag-news","16":"tag-united-states","17":"tag-united-states-of-america","18":"tag-us","19":"tag-usa"},"share_on_mastodon":{"url":"https:\/\/pubeurope.com\/@fr\/115017933592988542","error":""},"_links":{"self":[{"href":"https:\/\/www.europesays.com\/fr\/wp-json\/wp\/v2\/posts\/314823","targetHints":{"allow":["GET"]}}],"collection":[{"href":"https:\/\/www.europesays.com\/fr\/wp-json\/wp\/v2\/posts"}],"about":[{"href":"https:\/\/www.europesays.com\/fr\/wp-json\/wp\/v2\/types\/post"}],"author":[{"embeddable":true,"href":"https:\/\/www.europesays.com\/fr\/wp-json\/wp\/v2\/users\/2"}],"replies":[{"embeddable":true,"href":"https:\/\/www.europesays.com\/fr\/wp-json\/wp\/v2\/comments?post=314823"}],"version-history":[{"count":0,"href":"https:\/\/www.europesays.com\/fr\/wp-json\/wp\/v2\/posts\/314823\/revisions"}],"wp:featuredmedia":[{"embeddable":true,"href":"https:\/\/www.europesays.com\/fr\/wp-json\/wp\/v2\/media\/314824"}],"wp:attachment":[{"href":"https:\/\/www.europesays.com\/fr\/wp-json\/wp\/v2\/media?parent=314823"}],"wp:term":[{"taxonomy":"category","embeddable":true,"href":"https:\/\/www.europesays.com\/fr\/wp-json\/wp\/v2\/categories?post=314823"},{"taxonomy":"post_tag","embeddable":true,"href":"https:\/\/www.europesays.com\/fr\/wp-json\/wp\/v2\/tags?post=314823"}],"curies":[{"name":"wp","href":"https:\/\/api.w.org\/{rel}","templated":true}]}}