{"id":314827,"date":"2025-08-12T21:33:12","date_gmt":"2025-08-12T21:33:12","guid":{"rendered":"https:\/\/www.europesays.com\/fr\/314827\/"},"modified":"2025-08-12T21:33:12","modified_gmt":"2025-08-12T21:33:12","slug":"droits-de-douane-le-lobby-automobile-allemand-exhorte-lue-et-berlin-a-collaborer-avec-trump","status":"publish","type":"post","link":"https:\/\/www.europesays.com\/fr\/314827\/","title":{"rendered":"Droits de douane &#8211; Le lobby automobile allemand exhorte l&rsquo;UE et Berlin \u00e0 collaborer avec Trump"},"content":{"rendered":"<p class=\"ap-StoryElement ap-StoryElement--mb ap-StoryText\">Mais le gouvernement am\u00e9ricain n&rsquo;a pas encore supprim\u00e9 ses droits de douane sectoriels sur les voitures, et Mme M\u00fcller a affirm\u00e9 que rien n&rsquo;avait chang\u00e9 pour les constructeurs automobiles sur le terrain.<\/p>\n<p class=\"ap-StoryElement ap-StoryElement--mb ap-StoryText\">\u00ab\u00a0L&rsquo;accord entre l&rsquo;UE et les \u00c9tats-Unis n&rsquo;a jusqu&rsquo;\u00e0 pr\u00e9sent apport\u00e9 aucune clart\u00e9 ni aucune am\u00e9lioration pour l&rsquo;industrie automobile allemande\u00a0\u00bb, a-t-elle regrett\u00e9.<\/p>\n<p class=\"ap-StoryElement ap-StoryElement--mb ap-StoryText\">\u00ab\u00a0Les co\u00fbts se chiffrent d\u00e9j\u00e0 en milliards et continuent d&rsquo;augmenter\u00a0\u00bb, a-t-elle ajout\u00e9.<\/p>\n<p class=\"ap-StoryElement ap-StoryElement--mb ap-StoryText\">S&rsquo;exprimant lors d&rsquo;un point de presse habituel mardi, le porte-parole de l&rsquo;UE pour le commerce, Olof Gill, a indiqu\u00e9 qu&rsquo;il ne pouvait pas fixer de date pr\u00e9cise pour la mise en \u0153uvre compl\u00e8te de l&rsquo;accord UE-\u00c9tats-Unis.<\/p>\n<p class=\"ap-StoryElement ap-StoryElement--mb ap-StoryText\">\u00ab\u00a0Les \u00c9tats-Unis se sont engag\u00e9s \u00e0 ce que le droit de douane g\u00e9n\u00e9ral de 15% s&rsquo;applique aux voitures\u00a0\u00bb, a-t-il comment\u00e9. \u00ab\u00a0Nous ne savons pas pr\u00e9cis\u00e9ment quand cela se produira. Nous savons que cela se produira\u00a0\u00bb.<\/p>\n","protected":false},"excerpt":{"rendered":"Mais le gouvernement am\u00e9ricain n&rsquo;a pas encore supprim\u00e9 ses droits de douane sectoriels sur les voitures, et Mme&hellip;\n","protected":false},"author":2,"featured_media":2837,"comment_status":"","ping_status":"","sticky":false,"template":"","format":"standard","meta":{"footnotes":""},"categories":[1587],"tags":[11,672,646,1804,215,1805,1803,1777,674,1801,12,32226,1802,1778],"class_list":{"0":"post-314827","1":"post","2":"type-post","3":"status-publish","4":"format-standard","5":"has-post-thumbnail","7":"category-allemagne","8":"tag-actualites","9":"tag-allemagne","10":"tag-automobile","11":"tag-bundesrepublik-deutschland","12":"tag-commerce","13":"tag-de","14":"tag-deutschland","15":"tag-eu","16":"tag-europe","17":"tag-germany","18":"tag-news","19":"tag-patronat","20":"tag-republique-federale-dallemagne","21":"tag-ue"},"share_on_mastodon":{"url":"https:\/\/pubeurope.com\/@fr\/115017941281696631","error":""},"_links":{"self":[{"href":"https:\/\/www.europesays.com\/fr\/wp-json\/wp\/v2\/posts\/314827","targetHints":{"allow":["GET"]}}],"collection":[{"href":"https:\/\/www.europesays.com\/fr\/wp-json\/wp\/v2\/posts"}],"about":[{"href":"https:\/\/www.europesays.com\/fr\/wp-json\/wp\/v2\/types\/post"}],"author":[{"embeddable":true,"href":"https:\/\/www.europesays.com\/fr\/wp-json\/wp\/v2\/users\/2"}],"replies":[{"embeddable":true,"href":"https:\/\/www.europesays.com\/fr\/wp-json\/wp\/v2\/comments?post=314827"}],"version-history":[{"count":0,"href":"https:\/\/www.europesays.com\/fr\/wp-json\/wp\/v2\/posts\/314827\/revisions"}],"wp:featuredmedia":[{"embeddable":true,"href":"https:\/\/www.europesays.com\/fr\/wp-json\/wp\/v2\/media\/2837"}],"wp:attachment":[{"href":"https:\/\/www.europesays.com\/fr\/wp-json\/wp\/v2\/media?parent=314827"}],"wp:term":[{"taxonomy":"category","embeddable":true,"href":"https:\/\/www.europesays.com\/fr\/wp-json\/wp\/v2\/categories?post=314827"},{"taxonomy":"post_tag","embeddable":true,"href":"https:\/\/www.europesays.com\/fr\/wp-json\/wp\/v2\/tags?post=314827"}],"curies":[{"name":"wp","href":"https:\/\/api.w.org\/{rel}","templated":true}]}}