{"id":314836,"date":"2025-08-12T21:38:12","date_gmt":"2025-08-12T21:38:12","guid":{"rendered":"https:\/\/www.europesays.com\/fr\/314836\/"},"modified":"2025-08-12T21:38:12","modified_gmt":"2025-08-12T21:38:12","slug":"emmanuel-macron-brise-un-tabou-en-reconnaissant-la-guerre-de-la-france-au-cameroun-pendant-la-decolonisation","status":"publish","type":"post","link":"https:\/\/www.europesays.com\/fr\/314836\/","title":{"rendered":"Emmanuel Macron brise un tabou en reconnaissant la \u00ab\u00a0guerre\u00a0\u00bb de la France au Cameroun pendant la d\u00e9colonisation"},"content":{"rendered":"<p>Il s\u2019agit d\u2019une \u00e9tape importante. Le pr\u00e9sident <a target=\"_self\" href=\"https:\/\/www.lanouvellerepublique.fr\/a-la-une\/macron-promulgue-loi-duplomb-partiellement-censuree-par-le-conseil-constitutionnel-1754979520\" rel=\"nofollow noopener\">Emmanuel Macron<\/a> a officiellement reconnu que la France avait men\u00e9 \u00ab\u00a0une guerre\u00a0\u00bb au Cameroun contre des mouvements insurrectionnels avant et apr\u00e8s l\u2019ind\u00e9pendance de 1960, dans un courrier \u00e0 son homologue camerounais, Paul Biya, rendu public mardi 12\u00a0ao\u00fbt. Un mot jusqu\u2019ici absent des discours officiels, signalant \u00e0 nouveau la volont\u00e9 du chef de l\u2019\u00c9tat d\u2019introduire plus de transparence dans l\u2019histoire coloniale fran\u00e7aise.<\/p>\n<p>\u00ab\u00a0Il me revient d\u2019assumer aujourd\u2019hui le r\u00f4le et la responsabilit\u00e9 de la France dans ces \u00e9v\u00e9nements\u00a0\u00bb, souligne Emmanuel Macron dans le courrier, actant ainsi un tournant m\u00e9moriel entre les deux pays. Le pr\u00e9sident fran\u00e7ais endosse ainsi les conclusions d\u2019un rapport d\u2019historiens qui lui avait \u00e9t\u00e9 remis en janvier et qui a \u00ab\u00a0clairement fait ressortir qu\u2019une guerre avait eu lieu au Cameroun, au cours de laquelle les autorit\u00e9s coloniales et l\u2019arm\u00e9e fran\u00e7aise ont exerc\u00e9 des violences r\u00e9pressives de nature multiple\u00a0\u00bb.<\/p>\n<p>\u00ab\u00a0Renforcer la relation\u00a0\u00bb<\/p>\n<p>En juillet\u00a02022, Emmanuel Macron avait annonc\u00e9 au Cameroun le lancement de travaux d\u2019une commission mixte franco-camerounaise visant \u00e0 faire la lumi\u00e8re sur la lutte de la France contre les mouvements ind\u00e9pendantistes et d\u2019opposition au Cameroun entre\u00a01945 et\u00a01971. Le rapport de cette commission, pr\u00e9sid\u00e9e par l\u2019historienne Karine Ramondy, s\u2019inscrit dans la politique m\u00e9morielle du pr\u00e9sident fran\u00e7ais vis-\u00e0-vis de l\u2019Afrique.<\/p>\n<p>Le rapport sur le Cameroun et les recherches appel\u00e9es \u00e0 le prolonger \u00ab\u00a0vont nous permettre de continuer \u00e0 b\u00e2tir l\u2019avenir ensemble, de renforcer la relation \u00e9troite qui unit la France et le Cameroun, avec ses liens humains entre nos soci\u00e9t\u00e9s civiles et nos jeunesses\u00a0\u00bb, a-t-il d\u00e9clar\u00e9.\u00a0Ce document de plus de mille pages \u00e9tudie notamment le glissement de la r\u00e9pression des autorit\u00e9s coloniales fran\u00e7aises vers une v\u00e9ritable \u00ab\u00a0guerre\u00a0\u00bb. Se d\u00e9roulant dans le sud et l\u2019ouest du pays entre\u00a01956 et\u00a01961, elle a sans doute fait \u00ab\u00a0des dizaines de milliers de victimes\u00a0\u00bb, selon les historiens.<\/p>\n<p>Une ind\u00e9pendance sans \u00ab\u00a0rupture nette\u00a0\u00bb<\/p>\n<p>Le rapport souligne que \u00ab\u00a0l\u2019ind\u00e9pendance formelle (du Cameroun en janvier\u00a01960) ne constitue absolument pas une rupture nette avec la p\u00e9riode coloniale\u00a0\u00bb. Ahmadou Ahidjo, premier ministre puis pr\u00e9sident en 1960, mit alors en place \u00ab\u00a0un r\u00e9gime autocratique et autoritaire avec le soutien des autorit\u00e9s fran\u00e7aises, repr\u00e9sent\u00e9es par des conseillers et administrateurs, qui accordent leur blanc-seing aux mesures r\u00e9pressives adopt\u00e9es\u00a0\u00bb, selon les historiens.<\/p>\n<p>L\u2019actuel pr\u00e9sident, Paul Biya, \u00e2g\u00e9 de 92\u00a0ans et au pouvoir depuis quarante-deux\u00a0ans, a \u00e9t\u00e9 un proche collaborateur d\u2019Ahmadou Ahidjo dans les ann\u00e9es 1960, jusqu\u2019\u00e0 devenir premier ministre en 1975, avant d\u2019acc\u00e9der \u00e0 la pr\u00e9sidence \u00e0 partir de 1982. Emmanuel Macron, qui sugg\u00e8re la cr\u00e9ation d\u2019un groupe de travail d\u00e9di\u00e9 entre le Cameroun et la France, \u00ab\u00a0s\u2019engage \u00e0 ce que les archives fran\u00e7aises soient rendues facilement accessibles pour permettre la poursuite des travaux de recherche\u00a0\u00bb.<\/p>\n","protected":false},"excerpt":{"rendered":"Il s\u2019agit d\u2019une \u00e9tape importante. Le pr\u00e9sident Emmanuel Macron a officiellement reconnu que la France avait men\u00e9 \u00ab\u00a0une&hellip;\n","protected":false},"author":2,"featured_media":314837,"comment_status":"","ping_status":"","sticky":false,"template":"","format":"standard","meta":{"footnotes":""},"categories":[4],"tags":[328,11,17337,1073,1011,27,329,74,12,25],"class_list":{"0":"post-314836","1":"post","2":"type-post","3":"status-publish","4":"format-standard","5":"has-post-thumbnail","7":"category-france","8":"tag-a-la-une","9":"tag-actualites","10":"tag-commemoration","11":"tag-emmanuel-macron","12":"tag-fr","13":"tag-france","14":"tag-france-monde","15":"tag-monde","16":"tag-news","17":"tag-republique-francaise"},"share_on_mastodon":{"url":"https:\/\/pubeurope.com\/@fr\/115017960829597777","error":""},"_links":{"self":[{"href":"https:\/\/www.europesays.com\/fr\/wp-json\/wp\/v2\/posts\/314836","targetHints":{"allow":["GET"]}}],"collection":[{"href":"https:\/\/www.europesays.com\/fr\/wp-json\/wp\/v2\/posts"}],"about":[{"href":"https:\/\/www.europesays.com\/fr\/wp-json\/wp\/v2\/types\/post"}],"author":[{"embeddable":true,"href":"https:\/\/www.europesays.com\/fr\/wp-json\/wp\/v2\/users\/2"}],"replies":[{"embeddable":true,"href":"https:\/\/www.europesays.com\/fr\/wp-json\/wp\/v2\/comments?post=314836"}],"version-history":[{"count":0,"href":"https:\/\/www.europesays.com\/fr\/wp-json\/wp\/v2\/posts\/314836\/revisions"}],"wp:featuredmedia":[{"embeddable":true,"href":"https:\/\/www.europesays.com\/fr\/wp-json\/wp\/v2\/media\/314837"}],"wp:attachment":[{"href":"https:\/\/www.europesays.com\/fr\/wp-json\/wp\/v2\/media?parent=314836"}],"wp:term":[{"taxonomy":"category","embeddable":true,"href":"https:\/\/www.europesays.com\/fr\/wp-json\/wp\/v2\/categories?post=314836"},{"taxonomy":"post_tag","embeddable":true,"href":"https:\/\/www.europesays.com\/fr\/wp-json\/wp\/v2\/tags?post=314836"}],"curies":[{"name":"wp","href":"https:\/\/api.w.org\/{rel}","templated":true}]}}