{"id":314838,"date":"2025-08-12T21:40:11","date_gmt":"2025-08-12T21:40:11","guid":{"rendered":"https:\/\/www.europesays.com\/fr\/314838\/"},"modified":"2025-08-12T21:40:11","modified_gmt":"2025-08-12T21:40:11","slug":"ball-ligue-b-masculine-lucas-soldner-lalsacien-miracule-dun-avc-en-plein-echauffement","status":"publish","type":"post","link":"https:\/\/www.europesays.com\/fr\/314838\/","title":{"rendered":"ball &#8211; Ligue B masculine. Lucas Soldner, l&rsquo;Alsacien miracul\u00e9 d&rsquo;un AVC en plein \u00e9chauffement"},"content":{"rendered":"<p>\u00ab\u00a0Quand je suis pass\u00e9 en phase \u00e0 deux, avec \u201cK\u00e9k\u00e9\u201d (K\u00e9vin Fran\u00e7ois, son pote de toujours form\u00e9 comme lui \u00e0 Kingersheim) , juste apr\u00e8s l\u2019\u00e9chauffement physique, j\u2019ai senti ma l\u00e8vre se crisper. Je n\u2019arrivais plus \u00e0 parler. J\u2019en avais beaucoup discut\u00e9 avec J\u00e9r\u00f4me Cl\u00e8re, mon ancien partenaire \u00e0 Fr\u00e9jus \u00e0 qui il \u00e9tait arriv\u00e9 la m\u00eame chose. Je savais que je faisais un AVC\u2026\u00a0\u00bb<\/p>\n<p>\u00ab\u00a0Il a sauv\u00e9 ma vie, mon m\u00e9tier, ma passion\u00a0!\u00a0\u00bb<\/p>\n<p><a href=\"https:\/\/www.dna.fr\/sport\/2024\/12\/09\/l-alsacien-lucas-soldner-victime-d-un-avc-avant-un-match-avec-martigues\" target=\"_blank\" rel=\"noopener\">Lucas Soldner n\u2019oubliera jamais ce samedi 7\u00a0d\u00e9cembre 2024<\/a>. \u00ab\u00a0Je suis en vie et je le suis car j\u2019ai \u00e9t\u00e9 vraiment tr\u00e8s bien pris en charge. D\u2019abord par l\u2019entra\u00eeneur d\u2019Ajaccio Fr\u00e9d\u00e9ric Ferrandez, qui est pompier volontaire et qui est intervenu tout de suite. Puis par les secours, qui sont arriv\u00e9s sept minutes plus tard, par les&#8230;<\/p>\n","protected":false},"excerpt":{"rendered":"\u00ab\u00a0Quand je suis pass\u00e9 en phase \u00e0 deux, avec \u201cK\u00e9k\u00e9\u201d (K\u00e9vin Fran\u00e7ois, son pote de toujours form\u00e9 comme&hellip;\n","protected":false},"author":2,"featured_media":314839,"comment_status":"","ping_status":"","sticky":false,"template":"","format":"standard","meta":{"footnotes":""},"categories":[1417],"tags":[2389,1636,107,1701,1011,27,329,1637,1634,1635,4604,517,60,1470,1632,1469],"class_list":{"0":"post-314838","1":"post","2":"type-post","3":"status-publish","4":"format-standard","5":"has-post-thumbnail","7":"category-volley","8":"tag-alsace","9":"tag-edition-mulhouse-thann","10":"tag-fil-info","11":"tag-fil-info-sport","12":"tag-fr","13":"tag-france","14":"tag-france-monde","15":"tag-haut-rhin","16":"tag-mulhouse","17":"tag-secteur-de-mulhouse","18":"tag-selection-abonne","19":"tag-sport","20":"tag-sports","21":"tag-volley","22":"tag-volley-ball","23":"tag-volleyball"},"share_on_mastodon":{"url":"https:\/\/pubeurope.com\/@fr\/115017968845749856","error":""},"_links":{"self":[{"href":"https:\/\/www.europesays.com\/fr\/wp-json\/wp\/v2\/posts\/314838","targetHints":{"allow":["GET"]}}],"collection":[{"href":"https:\/\/www.europesays.com\/fr\/wp-json\/wp\/v2\/posts"}],"about":[{"href":"https:\/\/www.europesays.com\/fr\/wp-json\/wp\/v2\/types\/post"}],"author":[{"embeddable":true,"href":"https:\/\/www.europesays.com\/fr\/wp-json\/wp\/v2\/users\/2"}],"replies":[{"embeddable":true,"href":"https:\/\/www.europesays.com\/fr\/wp-json\/wp\/v2\/comments?post=314838"}],"version-history":[{"count":0,"href":"https:\/\/www.europesays.com\/fr\/wp-json\/wp\/v2\/posts\/314838\/revisions"}],"wp:featuredmedia":[{"embeddable":true,"href":"https:\/\/www.europesays.com\/fr\/wp-json\/wp\/v2\/media\/314839"}],"wp:attachment":[{"href":"https:\/\/www.europesays.com\/fr\/wp-json\/wp\/v2\/media?parent=314838"}],"wp:term":[{"taxonomy":"category","embeddable":true,"href":"https:\/\/www.europesays.com\/fr\/wp-json\/wp\/v2\/categories?post=314838"},{"taxonomy":"post_tag","embeddable":true,"href":"https:\/\/www.europesays.com\/fr\/wp-json\/wp\/v2\/tags?post=314838"}],"curies":[{"name":"wp","href":"https:\/\/api.w.org\/{rel}","templated":true}]}}