{"id":314857,"date":"2025-08-12T21:51:25","date_gmt":"2025-08-12T21:51:25","guid":{"rendered":"https:\/\/www.europesays.com\/fr\/314857\/"},"modified":"2025-08-12T21:51:25","modified_gmt":"2025-08-12T21:51:25","slug":"face-aux-reactions-des-fans-jenna-ortega-revele-pourquoi-on-ne-voit-pas-tyler-la-pousser-par-la-fenetre-dans-le-final-de-la-partie-1","status":"publish","type":"post","link":"https:\/\/www.europesays.com\/fr\/314857\/","title":{"rendered":"Face aux r\u00e9actions des fans, Jenna Ortega r\u00e9v\u00e8le pourquoi on ne voit pas Tyler la pousser par la fen\u00eatre dans le final de la partie 1"},"content":{"rendered":"<p><b>Attention, spoilers. <\/b>Alors que la partie 1 de la saison 2 de Mercredi est enti\u00e8rement disponible sur Netflix, il y a un d\u00e9tail qui a chiffonn\u00e9 l&rsquo;ensemble des fans de la s\u00e9rie : alors que Tyler, transform\u00e9 en B\u00eate, se jette sur son ancien flirt, on ne voit pas vraiment le moment o\u00f9 il la passe par la fen\u00eatre. De quoi alimenter de nombreuses sp\u00e9culations&#8230;<\/p>\n<p>Le moins que l&rsquo;on puisse dire, c&rsquo;est que <a href=\"https:\/\/www.programme-tv.net\/news\/series-tv\/384686-mercredi-saison-2-on-a-enfin-vu-les-4-premiers-episodes-et\/\" data-api-deeplink=\"teleloisirs:\/\/news\/384686\" target=\"_blank\" rel=\"noopener\">le retour de Mercredi a su cr\u00e9er l&rsquo;\u00e9v\u00e9nement<\/a> chez les abonn\u00e9s Netflix. Apr\u00e8s \u00eatre devenue <a href=\"https:\/\/www.programme-tv.net\/news\/series-tv\/384459-mercredi-pour-les-nuls-le-recap-de-tout-ce-dont-il-faut-se-rappeler-avant-de-lancer-la-saison-2-sur-netflix\/\" data-api-deeplink=\"teleloisirs:\/\/news\/384459\" target=\"_blank\" rel=\"noopener\">un ph\u00e9nom\u00e8ne en saison 1<\/a>, la fille de la famille Addams a fait sa rentr\u00e9e \u00e0 l&rsquo;acad\u00e9mie Nevermore le 6 ao\u00fbt dernier. Une rentr\u00e9e compos\u00e9e de quatre premiers \u00e9pisodes, compl\u00e9t\u00e9s le 3 septembre prochain par les quatre derniers de la saison 2. Et si T\u00e9l\u00e9-Loisirs a d\u00e9j\u00e0 <a href=\"https:\/\/www.programme-tv.net\/news\/series-tv\/385197-mercredi-saison-2-on-a-debusque-les-premieres-images-cachees-de-la-partie-2-et-on-ne-sait-toujours-pas-ou-est-passe-le-personnage-le-plus-attendu-de-la-serie\/\" data-api-deeplink=\"teleloisirs:\/\/news\/385197\" target=\"_blank\" rel=\"noopener\">d\u00e9nich\u00e9 les premi\u00e8res images attendues de la partie 2<\/a>, c&rsquo;est encore le final de l&rsquo;\u00e9pisode 4 qui fait vivement r\u00e9agir les fans. Alors que Mercredi (Jenna Ortega) et son oncle ont r\u00e9ussi \u00e0 retrouver Lois \u00e0 Willow Hill, d\u00e9couvrant qu&rsquo;il ne s&rsquo;agit pas d&rsquo;une personne mais d&rsquo;un laboratoire clandestin, ils se sont \u00e9galement retrouv\u00e9s nez \u00e0 nez avec la coupable derri\u00e8re les meurtres aux corbeaux.<a href=\"https:\/\/www.programme-tv.net\/news\/series-tv\/385014-mercredi-saison-2-et-si-spoiler-n-etait-pas-seule-derriere-les-meurtres-des-corbeaux-nos-deux-theories-les-plus-fortes\/\" data-api-deeplink=\"teleloisirs:\/\/news\/385014\" target=\"_blank\" rel=\"noopener\"> Et si certaines th\u00e9ories veulent qu&rsquo;elle n&rsquo;ait pas agi seule,<\/a> c&rsquo;est la toute fin de l&rsquo;\u00e9pisode qui laisse la porte ouverte aux plus grandes sp\u00e9culations&#8230;<\/p>\n<p>                        Mercredi saison 2, partie 1 : Tyler (Hunter Doohan) a-t-il vraiment d\u00e9fenestr\u00e9 la fille Addams lui-m\u00eame ?<\/p>\n<p>\u00c0 la fin de l&rsquo;\u00e9pisode, alors que Tyler s&rsquo;est transform\u00e9 en B\u00eate pour mettre fin aux jours de son ma\u00eetre, Marilyn Thornhill (<a href=\"https:\/\/www.programme-tv.net\/biographie\/7759-ricci-christina\/\" data-link-people=\"75fb6b8a-133b-4541-8bf0-05db46721339\" target=\"_blank\" rel=\"noopener\">Christina Ricci<\/a>), il erre dans les couloirs de Willow Hill, jusqu&rsquo;\u00e0 se retrouver face \u00e0 face avec Mercredi. Il y a alors un moment de flottement o\u00f9 les deux anciens amis\/flirts se regardent dans les yeux sans bouger, ni dire un mot. On entend alors au loin les sir\u00e8nes de police. L&rsquo;image d&rsquo;apr\u00e8s est une vue de l&rsquo;ext\u00e9rieur du b\u00e2timent, avec Mercredi qui est \u00e9ject\u00e9e de la fen\u00eatre \u00e0 l&rsquo;\u00e9tage et s&rsquo;\u00e9crase violemment sur le parvis, inconsciente et le visage en sang. La succession des \u00e9v\u00e9nements voudrait que Tyler ait donc attaqu\u00e9 Mercredi. Mais on ne voit pas le moment exact de l&rsquo;impact. De quoi laisser les fans penser que Tyler, leur grand chouchou, n&rsquo;est peut-\u00eatre pas le seul coupable. Une th\u00e9orie qu&rsquo;on lit beaucoup sur X (anciennement Twitter) : \u00ab\u00a0Ma th\u00e9orie est que Tyler n&rsquo;est pas celui qui a pouss\u00e9 Mercredi par la fen\u00eatre. a) On ne voit pas la sc\u00e8ne se d\u00e9rouler. b) Euh&#8230; Je continue discr\u00e8tement \u00e0 les soutenir, m\u00eame si je sais qu&rsquo;ils sont maudits.\u00a0\u00bb<\/p>\n<p>            Mercredi : Jenna Ortega explique pourquoi on ne voit pas le moment o\u00f9 Tyler pousse son personnage<\/p>\n<p>Des soup\u00e7ons de la part des fans qui n&rsquo;ont pas \u00e9chapp\u00e9 \u00e0 l&rsquo;\u00e9quipe de la s\u00e9rie. Dans une interview accord\u00e9e au site am\u00e9ricain Entertainment Weekly, <a href=\"https:\/\/www.programme-tv.net\/biographie\/11472-burton-tim\/\" data-link-people=\"981232bf-cbe2-42d6-851d-c14463302d5e\" target=\"_blank\" rel=\"noopener\">Tim Burton<\/a> et Jenna Ortega ont r\u00e9pondu \u00e0 ces interrogations. Le r\u00e9alisateur a expliqu\u00e9 qu&rsquo;il s&rsquo;agissait avant tout d&rsquo;un choix esth\u00e9tique et cr\u00e9atif : \u00ab\u00a0Cela semblait plus po\u00e9tique, dramatique et surprenant [de ne pas voir la sc\u00e8ne concr\u00e8tement]\u00a0\u00bb.<\/p>\n<p>Jenna Ortega a \u00e9galement compl\u00e9t\u00e9 la prise de parole du r\u00e9alisateur : \u00ab\u00a0Nous n&rsquo;avons pas besoin de tout voir. Parfois, il vaut mieux laisser libre cours \u00e0 l&rsquo;imagination du public.\u00a0\u00bb De quoi confirmer que Tyler a bien attaqu\u00e9 Mercredi mais que Tim Burton aime toujours autant jouer avec les nerfs des fans de la s\u00e9rie Netflix.<\/p>\n<blockquote class=\"twitter-tweet\">\n<p lang=\"en\" dir=\"ltr\">my theory is tyler wasn\u2019t the one who pushed wednesday out of the window a) they didn\u2019t show it happening b) ehh I lowkey still ship them even tho I know they\u2019re doomed <a href=\"https:\/\/twitter.com\/hashtag\/wednesdayspoilers?src=hash&amp;ref_src=twsrc%5Etfw\" target=\"_blank\" rel=\"noopener\">#wednesdayspoilers<\/a> <a href=\"https:\/\/twitter.com\/hashtag\/wednesday?src=hash&amp;ref_src=twsrc%5Etfw\" target=\"_blank\" rel=\"noopener\">#wednesday<\/a> <a href=\"https:\/\/t.co\/Bzm5Y0vVae\">pic.twitter.com\/Bzm5Y0vVae<\/a><\/p>\n<p>\u2014 Merve (@bordeauxxx_) <a href=\"https:\/\/twitter.com\/bordeauxxx_\/status\/1953122221590770057?ref_src=twsrc%5Etfw\" target=\"_blank\" rel=\"noopener\">August 6, 2025<\/a><\/p><\/blockquote>\n<p>        <script async src=\"https:\/\/platform.twitter.com\/widgets.js\" charset=\"utf-8\"><\/script><\/p>\n","protected":false},"excerpt":{"rendered":"Attention, spoilers. Alors que la partie 1 de la saison 2 de Mercredi est enti\u00e8rement disponible sur Netflix,&hellip;\n","protected":false},"author":2,"featured_media":314858,"comment_status":"","ping_status":"","sticky":false,"template":"","format":"standard","meta":{"footnotes":""},"categories":[1356],"tags":[1409,244,58,59,1011,27,5878,41745,41744,127,1722,1721,129,252,1364],"class_list":{"0":"post-314857","1":"post","2":"type-post","3":"status-publish","4":"format-standard","5":"has-post-thumbnail","7":"category-television","8":"tag-bande-annonce","9":"tag-commentaire","10":"tag-divertissement","11":"tag-entertainment","12":"tag-fr","13":"tag-france","14":"tag-jenna-ortega","15":"tag-mercredi-saison-2-52190861","16":"tag-mercredi-52118434","17":"tag-netflix","18":"tag-pub-streaming-netflix","19":"tag-su00e9rie-netflix","20":"tag-svod","21":"tag-television","22":"tag-tv"},"share_on_mastodon":{"url":"https:\/\/pubeurope.com\/@fr\/115018012073767370","error":""},"_links":{"self":[{"href":"https:\/\/www.europesays.com\/fr\/wp-json\/wp\/v2\/posts\/314857","targetHints":{"allow":["GET"]}}],"collection":[{"href":"https:\/\/www.europesays.com\/fr\/wp-json\/wp\/v2\/posts"}],"about":[{"href":"https:\/\/www.europesays.com\/fr\/wp-json\/wp\/v2\/types\/post"}],"author":[{"embeddable":true,"href":"https:\/\/www.europesays.com\/fr\/wp-json\/wp\/v2\/users\/2"}],"replies":[{"embeddable":true,"href":"https:\/\/www.europesays.com\/fr\/wp-json\/wp\/v2\/comments?post=314857"}],"version-history":[{"count":0,"href":"https:\/\/www.europesays.com\/fr\/wp-json\/wp\/v2\/posts\/314857\/revisions"}],"wp:featuredmedia":[{"embeddable":true,"href":"https:\/\/www.europesays.com\/fr\/wp-json\/wp\/v2\/media\/314858"}],"wp:attachment":[{"href":"https:\/\/www.europesays.com\/fr\/wp-json\/wp\/v2\/media?parent=314857"}],"wp:term":[{"taxonomy":"category","embeddable":true,"href":"https:\/\/www.europesays.com\/fr\/wp-json\/wp\/v2\/categories?post=314857"},{"taxonomy":"post_tag","embeddable":true,"href":"https:\/\/www.europesays.com\/fr\/wp-json\/wp\/v2\/tags?post=314857"}],"curies":[{"name":"wp","href":"https:\/\/api.w.org\/{rel}","templated":true}]}}