{"id":314859,"date":"2025-08-12T21:52:11","date_gmt":"2025-08-12T21:52:11","guid":{"rendered":"https:\/\/www.europesays.com\/fr\/314859\/"},"modified":"2025-08-12T21:52:11","modified_gmt":"2025-08-12T21:52:11","slug":"a-quoi-sattendre-avec-the-life-of-a-showgirl","status":"publish","type":"post","link":"https:\/\/www.europesays.com\/fr\/314859\/","title":{"rendered":"\u00e0 quoi s\u2019attendre avec \u00ab\u00a0The Life of a Showgirl\u00a0\u00bb\u00a0?"},"content":{"rendered":"<p>Taylor Swift a annonc\u00e9 cette nuit la sortie de son 12\u1d49 album, \u00ab\u00a0The Life of a Showgirl\u00a0\u00bb. Un projet d\u00e9j\u00e0 envelopp\u00e9 de myst\u00e8re et qui d\u00e9cha\u00eene les sp\u00e9culations des fans.<br \/>&#13;\n<\/p>\n<p class=\"Pardfaut\">\u00a0<\/p>\n<p class=\"Pardfaut\">\u00c0 12 minutes apr\u00e8s minuit, dans la nuit du 11 au 12\u00a0ao\u00fbt, Taylor Swift a d\u00e9clench\u00e9 une nouvelle vague d\u2019hyst\u00e9rie collective chez ses millions de fans en annon\u00e7ant la sortie de son prochain album. La star de 35\u00a0ans a publi\u00e9 sur Instagram et sur son site officiel un extrait du podcast \u00ab\u00a0New Heights\u00a0\u00bb, anim\u00e9 par <a href=\"https:\/\/www.parismatch.com\/people\/calins-et-fous-rires-taylor-swift-et-travis-kelce-font-le-show-lus-open-241465\" rel=\"nofollow noopener\" target=\"_blank\">son compagnon Travis Kelce<\/a> et son fr\u00e8re Jason. On y voit la pop star sortir une mallette vert menthe sigl\u00e9e de ses initiales en orange, avant de d\u00e9voiler, flout\u00e9e, la pochette de l\u2019album.<\/p>\n<p>    La suite apr\u00e8s cette publicit\u00e9<\/p>\n<p class=\"Pardfaut\">Le titre du nouvel opus, \u00ab\u00a0The Life of a Showgirl\u00a0\u00bb, laisse entrevoir une plong\u00e9e dans la vie de sc\u00e8ne et les coulisses d\u2019une artiste au sommet. La date de sortie reste inconnue, mais trois versions physiques sont d\u00e9j\u00e0 propos\u00e9es en \u00ab\u00a0pr\u00e9-pr\u00e9 commande\u00a0\u00bb\u00a0: vinyle, cassette et CD. Quant \u00e0 la pochette, elle est dissimul\u00e9e derri\u00e8re un cadenas orange paillet\u00e9, ne laissant appara\u00eetre qu\u2019un fond vert inhabituel.<\/p>\n<p>    La suite apr\u00e8s cette publicit\u00e9<\/p>\n<p class=\"Pardfaut\">Les Swifties (les fans de la pop star), toujours \u00e0 l\u2019aff\u00fbt du moindre indice, se sont imm\u00e9diatement lanc\u00e9s dans l\u2019analyse. Plusieurs indices laissent pr\u00e9sager un retour assum\u00e9 \u00e0 la pop qui a fait sa gloire. Une playlist publi\u00e9e sur Spotify il y a deux semaines et intitul\u00e9e \u00ab\u00a0And, baby, that\u2019s show business for you\u00a0\u00bb (Et b\u00e9b\u00e9, c\u2019est \u00e7a le show business pour toi) comprenant 22 titres, tous tir\u00e9s des pr\u00e9c\u00e9dents albums de Taylor Swift, regroupe exclusivement des titres produits par Max Martin et Shellback, les architectes de ses tubes sur \u00ab\u00a0Red\u00a0\u00bb, \u00ab\u00a01989\u00a0\u00bb ou encore \u00ab\u00a0Reputation\u00a0\u00bb.<\/p>\n<p class=\"Pardfaut\">De quoi esp\u00e9rer un album au son plus lumineux, apr\u00e8s l\u2019esth\u00e9tique introspective en noir et blanc de son album pr\u00e9c\u00e9dent \u00ab\u00a0The Tortured Poets Department\u00a0\u00bb. En parall\u00e8le, <a href=\"https:\/\/www.parismatch.com\/People\/10-couples-de-stars-qui-saiment-a-tout-vent-247216\" rel=\"nofollow noopener\" target=\"_blank\">sa relation amoureuse tr<\/a><a href=\"https:\/\/www.parismatch.com\/People\/10-couples-de-stars-qui-saiment-a-tout-vent-247216\" rel=\"nofollow noopener\" target=\"_blank\">\u00e8<\/a><a href=\"https:\/\/www.parismatch.com\/People\/10-couples-de-stars-qui-saiment-a-tout-vent-247216\" rel=\"nofollow noopener\" target=\"_blank\">s m\u00e9diatis\u00e9e avec Travis Kelce<\/a>, officialis\u00e9e en 2023, nourrit l\u2019id\u00e9e d\u2019un disque plus optimiste, puisant dans la romance et la complicit\u00e9 plut\u00f4t que dans les ruptures douloureuses. Les fans s\u2019attendent \u00e0 des textes c\u00e9l\u00e9brant l\u2019amour sous les projecteurs, mais aussi \u00e0 des r\u00e9flexions sur la c\u00e9l\u00e9brit\u00e9 et la pression m\u00e9diatique.<\/p>\n<p>    La suite apr\u00e8s cette publicit\u00e9<\/p>\n<p>    La suite apr\u00e8s cette publicit\u00e9<\/p>\n<p><strong>De l\u2019orange\u2026 pour se moquer de Trump ?<\/strong><strong><\/strong><\/p>\n<p class=\"Pardfaut\">La pr\u00e9sence possible de Sabrina Carpenter fait d\u00e9j\u00e0 l\u2019objet de toutes les fantasmes depuis qu\u2019elle est apparue \u00e0 deux reprises sur sc\u00e8ne avec Taylor pendant sa tourn\u00e9e. Sp\u00e9culations renforc\u00e9es lorsqu\u2019elle s\u2019est affich\u00e9e le 11 ao\u00fbt aux c\u00f4t\u00e9s de Taylor dans un post du compte Taylor Nation (compte officiel des fans).<\/p>\n<p class=\"Pardfaut\">Les panneaux publicitaires myst\u00e9rieux apparus \u00e0 New York et Nashville, et les choix vestimentaires cod\u00e9s, participent \u00e0 une strat\u00e9gie de teasing parfaitement orchestr\u00e9e. Lors de certaines dates de <a href=\"https:\/\/www.parismatch.com\/people\/taylor-swift-en-images-9-moments-forts-de-son-eras-tour-historique-244477\" rel=\"nofollow noopener\" target=\"_blank\">son \u00ab<\/a><a href=\"https:\/\/www.parismatch.com\/people\/taylor-swift-en-images-9-moments-forts-de-son-eras-tour-historique-244477\" rel=\"nofollow noopener\" target=\"_blank\">\u00a0Eras Tour\u00a0\u00bb<\/a>, Taylor Swift a troqu\u00e9 ses habituels confettis contre un orange vif, une couleur n\u2019appartenant \u00e0 aucune de ses \u00ab\u00a0eras\u00a0\u00bb connues, ce qui a ainsi nourri l\u2019id\u00e9e qu\u2019il pourrait s\u2019agir du fil rouge esth\u00e9tique de son prochain album. La th\u00e9orie s\u2019est renforc\u00e9e apr\u00e8s qu\u2019un post Instagram de\u00a0Taylor Nation, publi\u00e9 le 11\u00a0ao\u00fbt, a montr\u00e9 la chanteuse en plusieurs tenues orang\u00e9es, l\u00e9gend\u00e9\u00a0: \u00ab\u00a0En train de repenser \u00e0 ce moment o\u00f9 elle a dit\u00a0: \u00ab\u00a0On se retrouve \u00e0 la prochaine \u00e8re\u2026\u00a0\u00bb<\/p>\n<p class=\"Pardfaut\">L\u2019omnipr\u00e9sence de la couleur orange dans la promotion a donn\u00e9 naissance \u00e0 de nombreuses th\u00e9ories. La plus extravagante sugg\u00e8re que Taylor Swift ferait un clin d\u2019\u0153il \u00e0 Donald Trump, souvent moqu\u00e9 pour son teint orang\u00e9 et <a href=\"https:\/\/www.parismatch.com\/actu\/international\/taylor-swift-moins-hot-que-sydney-sweeney-quand-trump-sen-mele-255214\" rel=\"nofollow noopener\" target=\"_blank\">auteur de plusieurs attaques \u00e0 son encontre<\/a> depuis qu\u2019elle a soutenu la candidate d\u00e9mocrate Kamala Harris lors de la campagne pr\u00e9sidentielle. Si cette hypoth\u00e8se rel\u00e8ve du fantasme de fans, elle a suffi \u00e0 alimenter les r\u00e9seaux sociaux.<\/p>\n<p class=\"Pardfaut\">Avec \u00ab\u00a0The Life of a Showgirl\u00a0\u00bb, Taylor Swift semble pr\u00eate \u00e0 ouvrir un nouveau chapitre, plus flamboyant, d\u2019une carri\u00e8re d\u00e9j\u00e0 hors norme. Ce nouvel opus intervient \u00e0 un moment cl\u00e9 de la carri\u00e8re de Taylor Swift\u00a0: au printemps 2025, elle a r\u00e9cup\u00e9r\u00e9 les droits de ses six premiers albums, scellant une victoire qui a renforc\u00e9 son image d\u2019artiste ma\u00eetresse de son destin.<\/p>\n","protected":false},"excerpt":{"rendered":"Taylor Swift a annonc\u00e9 cette nuit la sortie de son 12\u1d49 album, \u00ab\u00a0The Life of a Showgirl\u00a0\u00bb. Un&hellip;\n","protected":false},"author":2,"featured_media":314860,"comment_status":"","ping_status":"","sticky":false,"template":"","format":"standard","meta":{"footnotes":""},"categories":[1355],"tags":[58,59,1011,27,1361,873],"class_list":{"0":"post-314859","1":"post","2":"type-post","3":"status-publish","4":"format-standard","5":"has-post-thumbnail","7":"category-musique","8":"tag-divertissement","9":"tag-entertainment","10":"tag-fr","11":"tag-france","12":"tag-music","13":"tag-musique"},"share_on_mastodon":{"url":"https:\/\/pubeurope.com\/@fr\/115018015907053431","error":""},"_links":{"self":[{"href":"https:\/\/www.europesays.com\/fr\/wp-json\/wp\/v2\/posts\/314859","targetHints":{"allow":["GET"]}}],"collection":[{"href":"https:\/\/www.europesays.com\/fr\/wp-json\/wp\/v2\/posts"}],"about":[{"href":"https:\/\/www.europesays.com\/fr\/wp-json\/wp\/v2\/types\/post"}],"author":[{"embeddable":true,"href":"https:\/\/www.europesays.com\/fr\/wp-json\/wp\/v2\/users\/2"}],"replies":[{"embeddable":true,"href":"https:\/\/www.europesays.com\/fr\/wp-json\/wp\/v2\/comments?post=314859"}],"version-history":[{"count":0,"href":"https:\/\/www.europesays.com\/fr\/wp-json\/wp\/v2\/posts\/314859\/revisions"}],"wp:featuredmedia":[{"embeddable":true,"href":"https:\/\/www.europesays.com\/fr\/wp-json\/wp\/v2\/media\/314860"}],"wp:attachment":[{"href":"https:\/\/www.europesays.com\/fr\/wp-json\/wp\/v2\/media?parent=314859"}],"wp:term":[{"taxonomy":"category","embeddable":true,"href":"https:\/\/www.europesays.com\/fr\/wp-json\/wp\/v2\/categories?post=314859"},{"taxonomy":"post_tag","embeddable":true,"href":"https:\/\/www.europesays.com\/fr\/wp-json\/wp\/v2\/tags?post=314859"}],"curies":[{"name":"wp","href":"https:\/\/api.w.org\/{rel}","templated":true}]}}