{"id":314861,"date":"2025-08-12T21:53:29","date_gmt":"2025-08-12T21:53:29","guid":{"rendered":"https:\/\/www.europesays.com\/fr\/314861\/"},"modified":"2025-08-12T21:53:29","modified_gmt":"2025-08-12T21:53:29","slug":"la-critique-dun-premier-film-francais-reussi","status":"publish","type":"post","link":"https:\/\/www.europesays.com\/fr\/314861\/","title":{"rendered":"la critique d\u2019un premier film fran\u00e7ais r\u00e9ussi"},"content":{"rendered":"<p class=\"intro\">F\u00e9lix Lefebvre illumine un premier film fran\u00e7ais r\u00e9ussi.<\/p>\n<p><strong>Le synopsis<\/strong><\/p>\n<p>Hugo a 19\u00a0ans. Comme chaque \u00e9t\u00e9, il passe ses vacances sur une \u00eele atlantique, dans la petite maison familiale. Mais cette ann\u00e9e est diff\u00e9rente, Hugo s\u2019est transform\u00e9 physiquement et arrive accompagn\u00e9 de sa petite amie, Queen, une esth\u00e9ticienne dont la verve et les longs ongles strass\u00e9s d\u00e9tonnent avec la sobri\u00e9t\u00e9 et la timidit\u00e9 du jeune homme. Rapidement, le couple devient l\u2019objet de tous les regards.<\/p>\n<p>    La suite apr\u00e8s cette publicit\u00e9<\/p>\n<p>La critique de Paris Match (3\/5)<\/p>\n<p>Les\u00a0\u00e9mois adolescents, l\u2019\u00e9veil au d\u00e9sir et les standards sociaux, autant de sujets que le cin\u00e9ma fran\u00e7ais a battu et rebattu, ce qui fait de ce premier long m\u00e9trage une jolie r\u00e9ussite sign\u00e9e Aur\u00e9lien Peyre qui arrive renouveler le genre et le propos. Voil\u00e0\u00a0un cin\u00e9ma plein de tendresse m\u00eal\u00e9\u00a0de duret\u00e9, qui montre plus qu\u2019il ne juge, qui observe les maux de la jeunesse d\u2019aujourd\u2019hui.<\/p>\n<p>    La suite apr\u00e8s cette publicit\u00e9<\/p>\n<p>Les maux et les complexes physiques d\u2019un jeune homme qui croient en l\u2019amour\u00a0\u00e0\u00a0d\u00e9faut de le comprendre vraiment, comme la source de ses d\u00e9sirs. Ceux aussi d\u2019un personnage f\u00e9minin plus volubile et marqu\u00e9, pour mieux illustrer une certaine lutte des classes. Avec ces deux personnages soumis\u00a0\u00e0\u00a0l\u2019acceptation ou le rejet, dans une envie de normalit\u00e9, Aur\u00e9lien Peyre r\u00e9ussit un film touchant, d\u2019une jolie finesse et port\u00e9\u00a0par deux jeunes acteurs intelligents, dont le toujours inspir\u00e9\u00a0F\u00e9lix Lefebvre. \u00c9preuve pleinement r\u00e9ussie.<\/p>\n<p>D\u2019Aur\u00e9lien Peyre<br \/>Avec F\u00e9lix Lefebvre, Anja Verderosa, Suzanne Jouannet<\/p>\n","protected":false},"excerpt":{"rendered":"F\u00e9lix Lefebvre illumine un premier film fran\u00e7ais r\u00e9ussi. Le synopsis Hugo a 19\u00a0ans. Comme chaque \u00e9t\u00e9, il passe&hellip;\n","protected":false},"author":2,"featured_media":314862,"comment_status":"","ping_status":"","sticky":false,"template":"","format":"standard","meta":{"footnotes":""},"categories":[1354],"tags":[58,59,1346,1011,27,1360],"class_list":{"0":"post-314861","1":"post","2":"type-post","3":"status-publish","4":"format-standard","5":"has-post-thumbnail","7":"category-films","8":"tag-divertissement","9":"tag-entertainment","10":"tag-films","11":"tag-fr","12":"tag-france","13":"tag-movies"},"share_on_mastodon":{"url":"https:\/\/pubeurope.com\/@fr\/115018019966240070","error":""},"_links":{"self":[{"href":"https:\/\/www.europesays.com\/fr\/wp-json\/wp\/v2\/posts\/314861","targetHints":{"allow":["GET"]}}],"collection":[{"href":"https:\/\/www.europesays.com\/fr\/wp-json\/wp\/v2\/posts"}],"about":[{"href":"https:\/\/www.europesays.com\/fr\/wp-json\/wp\/v2\/types\/post"}],"author":[{"embeddable":true,"href":"https:\/\/www.europesays.com\/fr\/wp-json\/wp\/v2\/users\/2"}],"replies":[{"embeddable":true,"href":"https:\/\/www.europesays.com\/fr\/wp-json\/wp\/v2\/comments?post=314861"}],"version-history":[{"count":0,"href":"https:\/\/www.europesays.com\/fr\/wp-json\/wp\/v2\/posts\/314861\/revisions"}],"wp:featuredmedia":[{"embeddable":true,"href":"https:\/\/www.europesays.com\/fr\/wp-json\/wp\/v2\/media\/314862"}],"wp:attachment":[{"href":"https:\/\/www.europesays.com\/fr\/wp-json\/wp\/v2\/media?parent=314861"}],"wp:term":[{"taxonomy":"category","embeddable":true,"href":"https:\/\/www.europesays.com\/fr\/wp-json\/wp\/v2\/categories?post=314861"},{"taxonomy":"post_tag","embeddable":true,"href":"https:\/\/www.europesays.com\/fr\/wp-json\/wp\/v2\/tags?post=314861"}],"curies":[{"name":"wp","href":"https:\/\/api.w.org\/{rel}","templated":true}]}}