{"id":314876,"date":"2025-08-12T22:01:11","date_gmt":"2025-08-12T22:01:11","guid":{"rendered":"https:\/\/www.europesays.com\/fr\/314876\/"},"modified":"2025-08-12T22:01:11","modified_gmt":"2025-08-12T22:01:11","slug":"somptueux-double-et-selfie-avec-un-spectateur-plaque-au-sol-mbappe-en-tres-grande-forme-avec-le-real-madrid","status":"publish","type":"post","link":"https:\/\/www.europesays.com\/fr\/314876\/","title":{"rendered":"Somptueux doubl\u00e9 et selfie avec un spectateur plaqu\u00e9 au sol, Mbapp\u00e9 en tr\u00e8s grande forme avec le Real Madrid"},"content":{"rendered":"<p>L\u2019attaquant fran\u00e7ais s\u2019est offert un doubl\u00e9, une passe d\u00e9cisive et une image insolite en match amical face au leader du championnat autrichien ce mardi.<\/p>\n<p class=\"fig-paragraph\">Le\u00a0<a href=\"http:\/\/www.lefigaro.fr\/sports\/football\/espagne\/liga-le-real-madrid-s-oppose-a-l-organisation-d-un-match-de-barcelone-aux-etats-unis-20250812\" data-fig-type=\"NewsFlash\" data-gtm-custom-categorie=\"navigation\" data-gtm-custom-action=\"crossclick\" data-gtm-custom-label=\"Contextuel\" data-gtm-event=\"customEventSPE\" data-fig-domain=\"LEFIGARO\" rel=\"nofollow noopener\" target=\"_blank\">Real Madrid<\/a>\u00a0a boucl\u00e9 sa pr\u00e9paration pour le Championnat d\u2019Espagne avec une victoire ce mardi face au club du WSG Tirol, leader de l\u2019\u00e9lite autrichienne apr\u00e8s deux journ\u00e9es. Un succ\u00e8s sign\u00e9 4-0 avec une \u00e9quipe qui pourrait ressembler \u00e0 celle qui d\u00e9butera en Liga le 19 ao\u00fbt \u00e0 Santiago Bernabeu face \u00e0 Osasuna, emmen\u00e9e par\u00a0<a href=\"http:\/\/www.lefigaro.fr\/sports\/football\/espagne\/foot-mbappe-nouveau-numero-10-du-real-madrid-20250729\" data-fig-type=\"NewsFlash\" data-gtm-custom-categorie=\"navigation\" data-gtm-custom-action=\"crossclick\" data-gtm-custom-label=\"Contextuel\" data-gtm-event=\"customEventSPE\" data-fig-domain=\"LEFIGARO\" rel=\"nofollow noopener\" target=\"_blank\">un Kylian Mbapp\u00e9<\/a>\u00a0en tr\u00e8s grande forme avec le num\u00e9ro 10 dans le dos.<\/p>\n<p class=\"fig-paragraph\">L\u2019attaquant s\u2019est offert un doubl\u00e9 avec deux tr\u00e8s belles r\u00e9alisations. La premi\u00e8re \u00e0 la 13e minute de jeu, quelques instants apr\u00e8s l\u2019ouverture du score de Militao (11e) sur un contr\u00f4le dos au but suivi d\u2019une frappe encha\u00een\u00e9e apr\u00e8s un service au millim\u00e8tre d\u2019Arda G\u00fcller.<\/p>\n<p>                                    <a class=\"fig-a11y-skip a11y-hidden\" href=\"#fig-a11y-skip-main-inarticle\"><br \/>\n        Passer la publicit\u00e9<br \/>\n    <\/a><\/p>\n<p class=\"fig-paragraph\">Le second sur une magnifique contre-attaque apr\u00e8s une passe sign\u00e9e Tchouam\u00e9ni. L\u2019ancien buteur parisien a fait parler sa vitesse avant d\u2019enrhumer le gardien adverse d\u2019un crochet bien senti et glisser le ballon au fond des filets (3-0, 59e). \u00c0 la 81e, le champion du monde 2018 a sign\u00e9 une s\u00e9rie de dribbles avant de servir Rodrygo qui a inscrit le but du 4-0.<\/p>\n<p class=\"fig-paragraph\">Une magnifique prestation, donc, agr\u00e9ment\u00e9e d\u2019une image insolite puisqu\u2019un spectateur a fait irruption sur la pelouse avant d\u2019\u00eatre plaqu\u00e9 au sol sans m\u00e9nagement. Le jeune homme, smartphone a la main, s\u2019est relev\u00e9 aux c\u00f4t\u00e9s de son idole qui s\u2019est pr\u00eat\u00e9e au jeu du selfie.<\/p>\n","protected":false},"excerpt":{"rendered":"L\u2019attaquant fran\u00e7ais s\u2019est offert un doubl\u00e9, une passe d\u00e9cisive et une image insolite en match amical face au&hellip;\n","protected":false},"author":2,"featured_media":314877,"comment_status":"","ping_status":"","sticky":false,"template":"","format":"standard","meta":{"footnotes":""},"categories":[2],"tags":[11,15007,525,3233,1981,15006,814,123,5695,15008,2257,63,1011,27,453,955,15009,12,4790,1980],"class_list":{"0":"post-314876","1":"post","2":"type-post","3":"status-publish","4":"format-standard","5":"has-post-thumbnail","7":"category-actualites","8":"tag-actualites","9":"tag-atletico","10":"tag-calendrier","11":"tag-championnat","12":"tag-classement","13":"tag-coupe-du-roi","14":"tag-direct","15":"tag-espagne","16":"tag-fc-barcelone","17":"tag-fc-valence","18":"tag-foot","19":"tag-football","20":"tag-fr","21":"tag-france","22":"tag-liga","23":"tag-match","24":"tag-messi","25":"tag-news","26":"tag-real-madrid","27":"tag-resultats"},"share_on_mastodon":{"url":"https:\/\/pubeurope.com\/@fr\/115018051292491364","error":""},"_links":{"self":[{"href":"https:\/\/www.europesays.com\/fr\/wp-json\/wp\/v2\/posts\/314876","targetHints":{"allow":["GET"]}}],"collection":[{"href":"https:\/\/www.europesays.com\/fr\/wp-json\/wp\/v2\/posts"}],"about":[{"href":"https:\/\/www.europesays.com\/fr\/wp-json\/wp\/v2\/types\/post"}],"author":[{"embeddable":true,"href":"https:\/\/www.europesays.com\/fr\/wp-json\/wp\/v2\/users\/2"}],"replies":[{"embeddable":true,"href":"https:\/\/www.europesays.com\/fr\/wp-json\/wp\/v2\/comments?post=314876"}],"version-history":[{"count":0,"href":"https:\/\/www.europesays.com\/fr\/wp-json\/wp\/v2\/posts\/314876\/revisions"}],"wp:featuredmedia":[{"embeddable":true,"href":"https:\/\/www.europesays.com\/fr\/wp-json\/wp\/v2\/media\/314877"}],"wp:attachment":[{"href":"https:\/\/www.europesays.com\/fr\/wp-json\/wp\/v2\/media?parent=314876"}],"wp:term":[{"taxonomy":"category","embeddable":true,"href":"https:\/\/www.europesays.com\/fr\/wp-json\/wp\/v2\/categories?post=314876"},{"taxonomy":"post_tag","embeddable":true,"href":"https:\/\/www.europesays.com\/fr\/wp-json\/wp\/v2\/tags?post=314876"}],"curies":[{"name":"wp","href":"https:\/\/api.w.org\/{rel}","templated":true}]}}