{"id":314878,"date":"2025-08-12T22:03:22","date_gmt":"2025-08-12T22:03:22","guid":{"rendered":"https:\/\/www.europesays.com\/fr\/314878\/"},"modified":"2025-08-12T22:03:22","modified_gmt":"2025-08-12T22:03:22","slug":"verrieres-en-forez-demantelement-dune-rave-party-et-saisie-de-drogues","status":"publish","type":"post","link":"https:\/\/www.europesays.com\/fr\/314878\/","title":{"rendered":"VERRI\u00c8RES-EN-FOREZ : D\u00c9MANT\u00c8LEMENT D&rsquo;UNE RAVE PARTY ET SAISIE DE DROGUES"},"content":{"rendered":"<p>                <a href=\"https:\/\/cadenceradio.fr\" target=\"_blank\" aria-label=\"Banni\u00e8re Cadence 2025\" rel=\"noopener\"><img loading=\"lazy\" decoding=\"async\" src=\"https:\/\/www.europesays.com\/fr\/wp-content\/uploads\/2025\/07\/Banniere-Cadence-2025-scaled.jpg\" alt=\"\"   width=\"2560\" height=\"738\"\/><\/a><\/p>\n<p>Parmi ces \u00e9v\u00e9nements ill\u00e9gaux, celui qui s\u2019est tenu sur un terrain agricole priv\u00e9 dans la commune de Verri\u00e8res-en-Forez a particuli\u00e8rement retenu l\u2019attention des autorit\u00e9s. Samedi, les forces de gendarmerie ont \u00e9t\u00e9 contraintes d\u2019intervenir pour disperser ce rassemblement festif non autoris\u00e9. L\u2019\u00e9v\u00e9nement avait attir\u00e9 environ quarante participants, transformant temporairement cette parcelle agricole en piste de danse improvis\u00e9e.<\/p>\n<p>Op\u00e9ration de d\u00e9mant\u00e8lement par les forces de l\u2019ordre<\/p>\n<p>L\u2019intervention des militaires s\u2019est sold\u00e9e par la confiscation compl\u00e8te du mat\u00e9riel utilis\u00e9 pour l\u2019organisation de la f\u00eate. Les \u00e9quipements de sonorisation, ainsi que le v\u00e9hicule ayant servi au transport et \u00e0 l\u2019installation, ont \u00e9t\u00e9 saisis par les gendarmes dans le cadre de cette op\u00e9ration de police judiciaire.<\/p>\n<p>D\u00e9couverte d\u2019un important trafic de stup\u00e9fiants<\/p>\n<p>Au-del\u00e0 de l\u2019aspect festif ill\u00e9gal, l\u2019intervention a r\u00e9v\u00e9l\u00e9 la pr\u00e9sence d\u2019un commerce de substances psychotropes particuli\u00e8rement diversifi\u00e9. Les enqu\u00eateurs ont proc\u00e9d\u00e9 \u00e0 la saisie de diff\u00e9rentes drogues : coca\u00efne, LSD, k\u00e9tamine, MDMA et ecstasy.<\/p>\n<p>Interpellations et proc\u00e9dures judiciaires<\/p>\n<p>Deux individus ont \u00e9t\u00e9 appr\u00e9hend\u00e9s et conduits dans les locaux de la gendarmerie pour \u00eatre entendus dans le cadre d\u2019une garde \u00e0 vue. Ces arrestations concernent sp\u00e9cifiquement des infractions \u00e0 la r\u00e9glementation sur les substances illicites.<\/p>\n<p>\u00c0 l\u2019issue de leur audition, les deux personnes interpell\u00e9es ont \u00e9t\u00e9 sanctionn\u00e9es par une amende forfaitaire d\u00e9lictuelle. Cette proc\u00e9dure simplifi\u00e9e permet un traitement rapide des infractions constat\u00e9es tout en \u00e9vitant l\u2019engorgement des tribunaux.<\/p>\n","protected":false},"excerpt":{"rendered":"Parmi ces \u00e9v\u00e9nements ill\u00e9gaux, celui qui s\u2019est tenu sur un terrain agricole priv\u00e9 dans la commune de Verri\u00e8res-en-Forez&hellip;\n","protected":false},"author":2,"featured_media":314879,"comment_status":"","ping_status":"","sticky":false,"template":"","format":"standard","meta":{"footnotes":""},"categories":[9653],"tags":[1111,11,2430,1777,674,118,1011,27,3367,12,25,9838,4001],"class_list":{"0":"post-314878","1":"post","2":"type-post","3":"status-publish","4":"format-standard","5":"has-post-thumbnail","7":"category-saint-etienne","8":"tag-actu","9":"tag-actualites","10":"tag-auvergne-rhone-alpes","11":"tag-eu","12":"tag-europe","13":"tag-faits-divers","14":"tag-fr","15":"tag-france","16":"tag-loire","17":"tag-news","18":"tag-republique-francaise","19":"tag-roanne","20":"tag-saint-etienne"},"share_on_mastodon":{"url":"https:\/\/pubeurope.com\/@fr\/115018059243831181","error":""},"_links":{"self":[{"href":"https:\/\/www.europesays.com\/fr\/wp-json\/wp\/v2\/posts\/314878","targetHints":{"allow":["GET"]}}],"collection":[{"href":"https:\/\/www.europesays.com\/fr\/wp-json\/wp\/v2\/posts"}],"about":[{"href":"https:\/\/www.europesays.com\/fr\/wp-json\/wp\/v2\/types\/post"}],"author":[{"embeddable":true,"href":"https:\/\/www.europesays.com\/fr\/wp-json\/wp\/v2\/users\/2"}],"replies":[{"embeddable":true,"href":"https:\/\/www.europesays.com\/fr\/wp-json\/wp\/v2\/comments?post=314878"}],"version-history":[{"count":0,"href":"https:\/\/www.europesays.com\/fr\/wp-json\/wp\/v2\/posts\/314878\/revisions"}],"wp:featuredmedia":[{"embeddable":true,"href":"https:\/\/www.europesays.com\/fr\/wp-json\/wp\/v2\/media\/314879"}],"wp:attachment":[{"href":"https:\/\/www.europesays.com\/fr\/wp-json\/wp\/v2\/media?parent=314878"}],"wp:term":[{"taxonomy":"category","embeddable":true,"href":"https:\/\/www.europesays.com\/fr\/wp-json\/wp\/v2\/categories?post=314878"},{"taxonomy":"post_tag","embeddable":true,"href":"https:\/\/www.europesays.com\/fr\/wp-json\/wp\/v2\/tags?post=314878"}],"curies":[{"name":"wp","href":"https:\/\/api.w.org\/{rel}","templated":true}]}}