{"id":314917,"date":"2025-08-12T22:30:29","date_gmt":"2025-08-12T22:30:29","guid":{"rendered":"https:\/\/www.europesays.com\/fr\/314917\/"},"modified":"2025-08-12T22:30:29","modified_gmt":"2025-08-12T22:30:29","slug":"marseille-stand-up-festival-du-04-12-2025-au-13-12-2025-marseille","status":"publish","type":"post","link":"https:\/\/www.europesays.com\/fr\/314917\/","title":{"rendered":"Marseille stand-up festival &#8211; Du 04\/12\/2025 au 13\/12\/2025 &#8211; Marseille"},"content":{"rendered":"<p>Le festival d&rsquo;humour de Marseille, pr\u00e9sent\u00e9 par le <strong>Th\u00e9\u00e2tre du Gymnase<\/strong> et <strong>Kader Aoun Production.<\/strong> Avec \u00e0 sa t\u00eate le visionnaire du stand-up \u00e0 la fran\u00e7aise, \u00e0 qui l&rsquo;on doit le Jamel Comedy Club, le Burger Quizz et le duo Omar et Fred, Kader Aoun associ\u00e9 \u00e0 Dominique Bluzet et au Th\u00e9\u00e2tre du Gymnase vous pr\u00e9sente l&rsquo;\u00e9dition 2025 du MARSEILLE STAND-UP FESTIVAL, du\u00a0 4 au 13 d\u00e9cembre prochain.<\/p>\n<p>&#13;<\/p>\n<p>L&rsquo;objectif ? Mettre en lumi\u00e8re l&rsquo;effervescence et la vitalit\u00e9 de ce genre devenu incontournable sur la sc\u00e8ne humoristique fran\u00e7aise.<\/p>\n<p>&#13;<br \/>\nEn d\u00e9cembre 2025, le Marseille Stand-Up Festival revient pour cinq soir\u00e9es o\u00f9 artistes reconnus et \u00e9mergents se partagent les plateaux des Bernardines et de l&rsquo;Od\u00e9on !&#13;<\/p>\n<p>Jason Brokerss : jeudi 4 \u00e0 20h \u00e0\u00a0l&rsquo;Od\u00e9on<br \/>B\u00e9reng\u00e8re Krief : vendredi 5\u00a0\u00e0 20h \u00e0\u00a0l&rsquo;Od\u00e9on<br \/>Djamil Le Shlag : samedi 6\u00a0\u00e0 20h \u00e0\u00a0l&rsquo;Od\u00e9on<\/p>\n<p>Alice Lombard : vendredi12 \u00e0 20h aux Bernardines<br \/>Malik Fares : samedi 13 \u00e0 20h aux Bernardines<\/p>\n<p>&gt;Infos :\u00a0<a href=\"https:\/\/www.lestheatres.net\/\" target=\"_blank\" rel=\"nofollow noopener\">www.lestheatres.net<\/a><\/p>\n<p>&#13;<\/p>\n<p>\u00a0<\/p>\n<p>&#13;<\/p>\n<p>\u00a0<\/p>\n<p>&#13;<\/p>\n<p>\u00a0<\/p>\n<p>&#13;<\/p>\n<p>\u00a0<\/p>\n<p>&#13;<\/p>\n<p>\u00a0<\/p>\n<p>&#13;<\/p>\n<p>\u00a0<\/p>\n","protected":false},"excerpt":{"rendered":"Le festival d&rsquo;humour de Marseille, pr\u00e9sent\u00e9 par le Th\u00e9\u00e2tre du Gymnase et Kader Aoun Production. Avec \u00e0 sa&hellip;\n","protected":false},"author":2,"featured_media":314918,"comment_status":"","ping_status":"","sticky":false,"template":"","format":"standard","meta":{"footnotes":""},"categories":[2814],"tags":[1111,11,1777,674,1011,27,884,12,882,25],"class_list":{"0":"post-314917","1":"post","2":"type-post","3":"status-publish","4":"format-standard","5":"has-post-thumbnail","7":"category-marseille","8":"tag-actu","9":"tag-actualites","10":"tag-eu","11":"tag-europe","12":"tag-fr","13":"tag-france","14":"tag-marseille","15":"tag-news","16":"tag-provence-alpes-cote-dazur","17":"tag-republique-francaise"},"share_on_mastodon":{"url":"https:\/\/pubeurope.com\/@fr\/115018165566280518","error":""},"_links":{"self":[{"href":"https:\/\/www.europesays.com\/fr\/wp-json\/wp\/v2\/posts\/314917","targetHints":{"allow":["GET"]}}],"collection":[{"href":"https:\/\/www.europesays.com\/fr\/wp-json\/wp\/v2\/posts"}],"about":[{"href":"https:\/\/www.europesays.com\/fr\/wp-json\/wp\/v2\/types\/post"}],"author":[{"embeddable":true,"href":"https:\/\/www.europesays.com\/fr\/wp-json\/wp\/v2\/users\/2"}],"replies":[{"embeddable":true,"href":"https:\/\/www.europesays.com\/fr\/wp-json\/wp\/v2\/comments?post=314917"}],"version-history":[{"count":0,"href":"https:\/\/www.europesays.com\/fr\/wp-json\/wp\/v2\/posts\/314917\/revisions"}],"wp:featuredmedia":[{"embeddable":true,"href":"https:\/\/www.europesays.com\/fr\/wp-json\/wp\/v2\/media\/314918"}],"wp:attachment":[{"href":"https:\/\/www.europesays.com\/fr\/wp-json\/wp\/v2\/media?parent=314917"}],"wp:term":[{"taxonomy":"category","embeddable":true,"href":"https:\/\/www.europesays.com\/fr\/wp-json\/wp\/v2\/categories?post=314917"},{"taxonomy":"post_tag","embeddable":true,"href":"https:\/\/www.europesays.com\/fr\/wp-json\/wp\/v2\/tags?post=314917"}],"curies":[{"name":"wp","href":"https:\/\/api.w.org\/{rel}","templated":true}]}}