{"id":314919,"date":"2025-08-12T22:31:15","date_gmt":"2025-08-12T22:31:15","guid":{"rendered":"https:\/\/www.europesays.com\/fr\/314919\/"},"modified":"2025-08-12T22:31:15","modified_gmt":"2025-08-12T22:31:15","slug":"pendant-la-canicule-a-marseille-seule-la-moitie-des-piscines-de-la-ville-sont-ouvertes","status":"publish","type":"post","link":"https:\/\/www.europesays.com\/fr\/314919\/","title":{"rendered":"pendant la canicule \u00e0 Marseille, seule la moiti\u00e9 des piscines de la ville sont ouvertes"},"content":{"rendered":"<p class=\"article__intro\">La ville de Marseille est depuis plusieurs jours en vigilance orange canicule. Si certains habitants cherchent la fraicheur \u00e0 la plage, d&rsquo;autres pr\u00e9f\u00e8rent, voire n&rsquo;ont pas d&rsquo;autres choix que celui de la piscine. Or, huit sur quatorze sont ferm\u00e9es durant ce mois d&rsquo;ao\u00fbt.<\/p>\n<p>\n      L\u2019actu des r\u00e9gions\n    <\/p>\n<p>\n      Chaque jour, un tour d\u2019horizon des principales infos de toutes les r\u00e9gions.\n    <\/p>\n<p>    France T\u00e9l\u00e9visions utilise votre adresse e-mail afin de vous envoyer la newsletter \u00ab\u00a0L\u2019actu des r\u00e9gions\u00a0\u00bb. Vous pouvez vous d\u00e9sinscrire \u00e0 tout moment via le lien en bas de cette newsletter. <a target=\"_blank\" href=\"https:\/\/www.francetelevisions.fr\/groupe\/confidentialite\/politique-de-confidentialite\/politique-de-confidentialite-de-france-televisions-6503\" rel=\"nofollow noopener\">Notre politique de confidentialit\u00e9<\/a><\/p>\n<p>\u00ab\u00a0Ce n&rsquo;est pas acceptable en p\u00e9riode de canicule d&rsquo;avoir des piscines ferm\u00e9es\u00a0\u00bb. Kader Benayed est membre du collectif des quartiers nord KGBS (Kallist\u00e9, Grani\u00e8re, Bourrely solidarit\u00e9). Alors que le thermom\u00e8tre affiche 34 degr\u00e9s \u00e0 Marseille ce mardi 12 ao\u00fbt, que l&rsquo;alerte orange canicule est en place dans le d\u00e9partement des Bouches-du-Rh\u00f4ne, il fait un terrible constat : 8 piscines sur les 14 existantes dans la ville sont ferm\u00e9es pour le mois d&rsquo;ao\u00fbt.<\/p>\n<p>Dans le <a href=\"https:\/\/www.marseille.fr\/sports-loisirs\/equipements-sportifs\/piscines-municipales\" target=\"_blank\" rel=\"noopener nofollow\">d\u00e9tail<\/a>, deux seulement sont ouvertes sur les deux mois d&rsquo;\u00e9t\u00e9, trois sont ferm\u00e9es tout l&rsquo;\u00e9t\u00e9 et les neuf restantes sont ouvertes sur seulement un des deux mois de vacances.<\/p>\n<p>\u00ab\u00a0On n\u2019a pas assez de piscines pour la grande ville que l&rsquo;on est, la deuxi\u00e8me de France. Et on voit que le peu de services publics que l\u2019on a. On nous l\u2019enl\u00e8ve surtout dans des p\u00e9riodes compliqu\u00e9es. On suffoque !\u00a0\u00bb, se plaint le repr\u00e9sentant qui en a marre de voir l&rsquo;argent de ses imp\u00f4ts \u00eatre mal utilis\u00e9. \u00a0<\/p>\n<p>Les habitants sont m\u00e9contents et partagent leur col\u00e8re sur les r\u00e9seaux sociaux.<\/p>\n<blockquote class=\"twitter-tweet\">\n<p dir=\"ltr\" lang=\"fr\">Dans ce monde en perp\u00e9tuel changement, il reste des choses immuables : + de la moiti\u00e9 (8 sur 14) des <a href=\"https:\/\/twitter.com\/hashtag\/piscines?src=hash&amp;ref_src=twsrc%5Etfw\" rel=\"nofollow noopener\" target=\"_blank\">#piscines<\/a> municipales de <a href=\"https:\/\/twitter.com\/hashtag\/Marseille?src=hash&amp;ref_src=twsrc%5Etfw\" rel=\"nofollow noopener\" target=\"_blank\">#Marseille<\/a> sont ferm\u00e9es au mois d&rsquo;ao\u00fbt. Et non, tout le monde ne se baigne pas dans la mer \ud83e\udd37\u200d\u2642\ufe0f <a href=\"https:\/\/twitter.com\/BenoitPayan?ref_src=twsrc%5Etfw\" rel=\"nofollow noopener\" target=\"_blank\">@BenoitPayan<\/a> ne pas faire comme Gaudin, ce serait possible ? <a href=\"https:\/\/t.co\/TIHUvO9jSE\" rel=\"nofollow\">pic.twitter.com\/TIHUvO9jSE<\/a><\/p>\n<p>\u2014 CGG (@profdocdocdoc) <a href=\"https:\/\/twitter.com\/profdocdocdoc\/status\/1953431172286930964?ref_src=twsrc%5Etfw\" rel=\"nofollow noopener\" target=\"_blank\">August 7, 2025<\/a><\/p><\/blockquote>\n<p>Dans les quartiers nord de la ville, l&rsquo;acc\u00e8s aux bassins aquatiques est primordial. \u00ab\u00a0Oui, ils peuvent aller \u00e0 la plage\u00a0\u00bb, affirme Kader Benayed, \u00ab\u00a0mais il n&rsquo;y a pas de transports\u00a0\u00bb, rench\u00e9rit le membre de l&rsquo;association. \u00ab\u00a0On est tr\u00e8s mal desservi en mati\u00e8re de transport \u00e0 Marseille\u00a0\u00bb, rench\u00e9rit-il.<\/p>\n<p>Cet \u00e9t\u00e9, les habitants devront se d\u00e9brouiller pour se rafra\u00eechir. Car sur l&rsquo;ensemble du 13\u00e8me, 14\u00e8me, 15\u00e8me et 16\u00e8me arrondissements, seule une piscine, celle de La Castellane, est r\u00e9ellement ouverte. \u00ab\u00a0Hier, on a regard\u00e9\u00a0\u00bb, explique Kader Benayed :<\/p>\n<blockquote class=\"ftvi_content_quote\">\n<p class=\"ftvi_citation_quote\">Il y en a une qui est ferm\u00e9e totalement, une deuxi\u00e8me qui est privatis\u00e9e par une association pour l\u2019apprentissage de la nage et une autre, la piscine des Micocouliers, qui est partiellement ferm\u00e9e pour des raisons de pataugeoire ferm\u00e9e.\u00a0<\/p>\n<p>Kader Benayed <\/p>\n<p class=\"ftvi_citation_source\">Membre du collectif KGBS (Kallist\u00e9, Grani\u00e8re, Bourrely solidarit\u00e9)<\/p>\n<\/blockquote>\n<p>Certains de ces \u00e9tablissements aquatiques ne sont pas ouverts au public en raison des stages d&rsquo;apprentissage de la nage, d\u2019autre par manque de personnel ou encore pour cause de travaux. Depuis septembre 2021, la ville de Marseille s&rsquo;est engag\u00e9e dans un projet de renouvellement urbain centr\u00e9 sur les mobilit\u00e9s, les \u00e9coles mais aussi les espaces de loisirs tels que les bassins aquatiques.<\/p>\n<blockquote class=\"ftvi_content_quote\">\n<p class=\"ftvi_citation_quote\">Des efforts ont \u00e9t\u00e9 d\u00e9ploy\u00e9s puisque que l\u2019on a d\u00e9sormais six piscines ouvertes, avec un recrutement assez massifs de personnels, \u00e0 la fois en terme d\u2019agent d\u2019accueil et de maitres nageurs.<\/p>\n<p>Aur\u00e9lien Uzan<\/p>\n<p class=\"ftvi_citation_source\">Directeur des services des sports de la ville de Marseille<\/p>\n<\/blockquote>\n<p>\u00ab\u00a0Et on est aussi pass\u00e9s sur des bassins mobiles [ils sont au nombre de quatre dans la ville, souvent r\u00e9serv\u00e9s pour les plus petits, ndlr] et des zones qui sont accessibles en mer pour d\u00e9velopper l\u2019apprentissage de la natation\u00a0\u00bb, rench\u00e9rit l&rsquo;\u00e9lu. Le plan Marseille en grand est aujourd&rsquo;hui en phase de consultation : des questionnaires en ligne autour de l\u2019acc\u00e8s \u00e0 l\u2019eau dans la ville sont disponibles sur son site internet.<\/p>\n<p>Toutefois, des travaux ont d\u00e9j\u00e0 \u00e9t\u00e9 entam\u00e9s dans certains \u00e9tablissements, ce qui justifie leur fermeture. \u00ab\u00a0Ces mesures sont prises pour consolider un plan piscine dans l\u2019avenir qui pourra pr\u00e9voir des ouvertures de nouvelles piscines et \u00e9tendre les ouvertures actuelles\u00a0\u00bb, conclu l&rsquo;\u00e9lu. \u00a0<\/p>\n<p>Le fait est que ces travaux interviennent en plein mois de canicule. \u201cJe ne sais pas si c\u2019est la bonne p\u00e9riode car les employ\u00e9s eux-m\u00eames vont revendiquer le droit \u00e0 terminer t\u00f4t aujourd\u2019hui. Donc on prend les paris que les travaux ne termineront pas dans les temps\u00a0\u00bb, avoue Kader Benayed. Cet habitant, d\u00e9\u00e7u par le plan Marseille en grand, a l&rsquo;impression que le pari des piscines \u00e0 Marseille est une \u00ab\u00a0mal\u00e9diction\u00a0\u00bb.<\/p>\n<p>\u00ab\u00a0Aujourd\u2019hui, si on doit entreprendre des r\u00e9novations sur une piscine, \u00e7a met du temps. D\u00e8s que l\u2019on nous annonce l\u2019ouverture d\u2019une piscine, \u00e7a met du temps. Et le peu de piscines qui ouvrent tombe comme des mouches les unes apr\u00e8s les autres\u00a0\u00bb.<\/p>\n<blockquote class=\"twitter-tweet\">\n<p dir=\"ltr\" lang=\"fr\">5 ao\u00fbt 2025 : Piscine Frais-Vallon ferm\u00e9e \u274c<br \/>5 ans apr\u00e8s les promesses, les services publics municipaux reculent partout. Au Nord, comme au Sud, \u00e7a doit changer !<br \/>On propose :<br \/>\ud83d\udee0\ufe0f R\u00e9novation piscines Nord et Luminy<br \/>\ud83c\udfca Construction de 5 piscines de proximit\u00e9<br \/>En vid\u00e9o, ici \u2935\ufe0f <a href=\"https:\/\/t.co\/0A6gJULqiH\" rel=\"nofollow\">pic.twitter.com\/0A6gJULqiH<\/a><\/p>\n<p>\u2014 Une G\u00e9n\u00e9ration pour Marseille (@GenerationMRS) <a href=\"https:\/\/twitter.com\/GenerationMRS\/status\/1952775037536133318?ref_src=twsrc%5Etfw\" rel=\"nofollow noopener\" target=\"_blank\">August 5, 2025<\/a><\/p><\/blockquote>\n<blockquote class=\"twitter-tweet\">\n<p dir=\"ltr\" lang=\"fr\">\ud83c\uddeb\ud83c\uddf7 Canicule \u00e0 Marseille : plut\u00f4t que de chercher des solutions responsables, des jeunes saccagent la rue en installant une piscine hors-sol avec l\u2019eau des bouches d\u2019incendie\u2026 \ud83d\ude33 <a href=\"https:\/\/t.co\/6XPJHolSTg\" rel=\"nofollow\">pic.twitter.com\/6XPJHolSTg<\/a><\/p>\n<p>\u2014 Wolf \ud83d\udc3a (@PsyGuy007) <a href=\"https:\/\/twitter.com\/PsyGuy007\/status\/1954611464754405663?ref_src=twsrc%5Etfw\" rel=\"nofollow noopener\" target=\"_blank\">August 10, 2025<\/a><\/p><\/blockquote>\n<p>Dans les quartiers nord, les habitants tentent de trouver des solutions pour se rafra\u00eechir. Certains profitent des bouches d&rsquo;incendie des sapeurs-pompiers pour remplir des piscines hors sol. D&rsquo;autres essaient de se rapatrier vers les piscines restantes, qui sont <a href=\"https:\/\/france3-regions.franceinfo.fr\/provence-alpes-cote-d-azur\/bouches-du-rhone\/marseille\/canicule-les-piscines-municipales-gratuites-a-marseille-3200118.html\" target=\"_blank\" rel=\"noopener nofollow\">gratuites le temps de la vigilance orange canicule<\/a>.<\/p>\n<p>  <script async src=\"https:\/\/platform.twitter.com\/widgets.js\" charset=\"utf-8\"><\/script><\/p>\n","protected":false},"excerpt":{"rendered":"La ville de Marseille est depuis plusieurs jours en vigilance orange canicule. Si certains habitants cherchent la fraicheur&hellip;\n","protected":false},"author":2,"featured_media":314920,"comment_status":"","ping_status":"","sticky":false,"template":"","format":"standard","meta":{"footnotes":""},"categories":[2814],"tags":[1111,11,1777,674,1011,27,884,12,882,25],"class_list":{"0":"post-314919","1":"post","2":"type-post","3":"status-publish","4":"format-standard","5":"has-post-thumbnail","7":"category-marseille","8":"tag-actu","9":"tag-actualites","10":"tag-eu","11":"tag-europe","12":"tag-fr","13":"tag-france","14":"tag-marseille","15":"tag-news","16":"tag-provence-alpes-cote-dazur","17":"tag-republique-francaise"},"share_on_mastodon":{"url":"https:\/\/pubeurope.com\/@fr\/115018169283022891","error":""},"_links":{"self":[{"href":"https:\/\/www.europesays.com\/fr\/wp-json\/wp\/v2\/posts\/314919","targetHints":{"allow":["GET"]}}],"collection":[{"href":"https:\/\/www.europesays.com\/fr\/wp-json\/wp\/v2\/posts"}],"about":[{"href":"https:\/\/www.europesays.com\/fr\/wp-json\/wp\/v2\/types\/post"}],"author":[{"embeddable":true,"href":"https:\/\/www.europesays.com\/fr\/wp-json\/wp\/v2\/users\/2"}],"replies":[{"embeddable":true,"href":"https:\/\/www.europesays.com\/fr\/wp-json\/wp\/v2\/comments?post=314919"}],"version-history":[{"count":0,"href":"https:\/\/www.europesays.com\/fr\/wp-json\/wp\/v2\/posts\/314919\/revisions"}],"wp:featuredmedia":[{"embeddable":true,"href":"https:\/\/www.europesays.com\/fr\/wp-json\/wp\/v2\/media\/314920"}],"wp:attachment":[{"href":"https:\/\/www.europesays.com\/fr\/wp-json\/wp\/v2\/media?parent=314919"}],"wp:term":[{"taxonomy":"category","embeddable":true,"href":"https:\/\/www.europesays.com\/fr\/wp-json\/wp\/v2\/categories?post=314919"},{"taxonomy":"post_tag","embeddable":true,"href":"https:\/\/www.europesays.com\/fr\/wp-json\/wp\/v2\/tags?post=314919"}],"curies":[{"name":"wp","href":"https:\/\/api.w.org\/{rel}","templated":true}]}}