{"id":314921,"date":"2025-08-12T22:32:18","date_gmt":"2025-08-12T22:32:18","guid":{"rendered":"https:\/\/www.europesays.com\/fr\/314921\/"},"modified":"2025-08-12T22:32:18","modified_gmt":"2025-08-12T22:32:18","slug":"quelles-pistes-pour-rafraichir-la-ville","status":"publish","type":"post","link":"https:\/\/www.europesays.com\/fr\/314921\/","title":{"rendered":"quelles pistes pour rafra\u00eechir la ville\u00a0?"},"content":{"rendered":"<p>M\u00eame aux premi\u00e8res heures de la journ\u00e9e, y compris sous le tilleul qui tr\u00f4ne sur le terrain, il fait chaud dans ce coin de Gerland. \u00c0 vue d\u2019\u0153il, l\u2019herbe est jaune, les coins d\u2019ombre plut\u00f4t rares, la pelouse d\u00e9serte.<\/p>\n<p>En ce mardi 12\u00a0ao\u00fbt, la m\u00e9tropole de Lyon choisit pourtant cette ancienne parcelle industrielle de Nexans, qu\u2019elle a rebaptis\u00e9 \u00ab\u00a0jardins du pr\u00e9 Gaudry\u00a0\u00bb pour vanter un \u00ab\u00a0\u00eelot de fra\u00eecheur\u00a0\u00bb, t\u00e9moin de sa strat\u00e9gie de v\u00e9g\u00e9talisation de son territoire. Il faut s\u2019attarder un peu pour voir ici le maillon d\u2019une renaturation \u00e0 long terme destin\u00e9e \u00e0 limiter les d\u00e9g\u00e2ts de la crise climatique.<\/p>\n<p>Course contre la montre<\/p>\n<p>Une strat\u00e9gie et une course contre la montre. La ville de Lyon est particuli\u00e8rement concern\u00e9e par le ph\u00e9nom\u00e8ne de surchauffe urbaine, rappelle Pierre Athanaze, vice-pr\u00e9sident \u00e0 l\u2019environnement de la m\u00e9tropole.<\/p>\n<p>Amoureux des arbres, farouche d\u00e9fenseur de la biodiversit\u00e9, l\u2019\u00e9lu&#8230;<\/p>\n","protected":false},"excerpt":{"rendered":"M\u00eame aux premi\u00e8res heures de la journ\u00e9e, y compris sous le tilleul qui tr\u00f4ne sur le terrain, il&hellip;\n","protected":false},"author":2,"featured_media":314922,"comment_status":"","ping_status":"","sticky":false,"template":"","format":"standard","meta":{"footnotes":""},"categories":[1889],"tags":[1111,11,2430,2757,436,1777,674,107,1011,27,2428,2756,12,5140,25,2429,12817],"class_list":{"0":"post-314921","1":"post","2":"type-post","3":"status-publish","4":"format-standard","5":"has-post-thumbnail","7":"category-lyon","8":"tag-actu","9":"tag-actualites","10":"tag-auvergne-rhone-alpes","11":"tag-edition-lyon-villeurbanne","12":"tag-environnement","13":"tag-eu","14":"tag-europe","15":"tag-fil-info","16":"tag-fr","17":"tag-france","18":"tag-lyon","19":"tag-lyon-bassin","20":"tag-news","21":"tag-rechauffement-climatique","22":"tag-republique-francaise","23":"tag-rhone","24":"tag-secheresse"},"share_on_mastodon":{"url":"https:\/\/pubeurope.com\/@fr\/115018173264415471","error":""},"_links":{"self":[{"href":"https:\/\/www.europesays.com\/fr\/wp-json\/wp\/v2\/posts\/314921","targetHints":{"allow":["GET"]}}],"collection":[{"href":"https:\/\/www.europesays.com\/fr\/wp-json\/wp\/v2\/posts"}],"about":[{"href":"https:\/\/www.europesays.com\/fr\/wp-json\/wp\/v2\/types\/post"}],"author":[{"embeddable":true,"href":"https:\/\/www.europesays.com\/fr\/wp-json\/wp\/v2\/users\/2"}],"replies":[{"embeddable":true,"href":"https:\/\/www.europesays.com\/fr\/wp-json\/wp\/v2\/comments?post=314921"}],"version-history":[{"count":0,"href":"https:\/\/www.europesays.com\/fr\/wp-json\/wp\/v2\/posts\/314921\/revisions"}],"wp:featuredmedia":[{"embeddable":true,"href":"https:\/\/www.europesays.com\/fr\/wp-json\/wp\/v2\/media\/314922"}],"wp:attachment":[{"href":"https:\/\/www.europesays.com\/fr\/wp-json\/wp\/v2\/media?parent=314921"}],"wp:term":[{"taxonomy":"category","embeddable":true,"href":"https:\/\/www.europesays.com\/fr\/wp-json\/wp\/v2\/categories?post=314921"},{"taxonomy":"post_tag","embeddable":true,"href":"https:\/\/www.europesays.com\/fr\/wp-json\/wp\/v2\/tags?post=314921"}],"curies":[{"name":"wp","href":"https:\/\/api.w.org\/{rel}","templated":true}]}}