{"id":314923,"date":"2025-08-12T22:33:18","date_gmt":"2025-08-12T22:33:18","guid":{"rendered":"https:\/\/www.europesays.com\/fr\/314923\/"},"modified":"2025-08-12T22:33:18","modified_gmt":"2025-08-12T22:33:18","slug":"vigilance-rouge-activee-le-thermometre-a-affiche-40c-a-lyon","status":"publish","type":"post","link":"https:\/\/www.europesays.com\/fr\/314923\/","title":{"rendered":"vigilance rouge activ\u00e9e, le thermom\u00e8tre a affich\u00e9 40\u00b0C \u00e0 Lyon"},"content":{"rendered":"<p>En cette semaine de canicule, les clubs de football de la r\u00e9gion ajustent leurs habitudes pour limiter l\u2019impact de la chaleur, sans chambouler totalement leurs programmes.<\/p>\n<p>\u00c0 l\u2019OL, les joueurs, revenus d\u2019un stage au frais dans le Tyrol, s\u2019entra\u00eenent toujours \u00e0 10 heures. Le d\u00e9placement \u00e0 Lens se fera vendredi soir, avant un match pr\u00e9vu samedi \u00e0 17 heures, sous environ 27 \u00b0C. Du c\u00f4t\u00e9 du FC Villefranche-Beaujolais, qui a repris vendredi dernier face \u00e0 Concarneau, les s\u00e9ances sont fix\u00e9es le matin ou en soir\u00e9e. Le club jouera ce vendredi 15 ao\u00fbt \u00e0 19 h 15 \u00e0 Aubagne, dans des conditions encore chaudes.<\/p>\n<p>En National 2, Saint-Priest, qui affrontera Hy\u00e8res vendredi, a demand\u00e9 \u00e0 repousser le coup d\u2019envoi d\u2019une heure en raison de la vigilance rouge dans le Rh\u00f4ne. Les entra\u00eenements se tiennent \u00e0 10 h 30, avec plus de pauses fra\u00eecheur, et un travail en soir\u00e9e est pr\u00e9vu jeudi pour s\u2019acclimater aux conditions de match.<\/p>\n<p>En National 3, la reprise n\u2019interviendra que dans huit jours, mais Limonest, Lyon-La Duch\u00e8re et Hauts Lyonnais s\u2019entra\u00eenent intensivement. Ce dernier a avanc\u00e9 ses s\u00e9ances en matin\u00e9e pour \u00e9viter les heures les plus chaudes.<\/p>\n<p>\u2795\u00a0Notre article\u00a0<a href=\"https:\/\/www.leprogres.fr\/sport\/2025\/08\/12\/a-l-ol-villefranche-ou-saint-priest-la-canicule-ne-freine-pas-le-footballeur\" target=\"_blank\" rel=\"noopener\">\u00e0 lire ici.<\/a><\/p>\n","protected":false},"excerpt":{"rendered":"En cette semaine de canicule, les clubs de football de la r\u00e9gion ajustent leurs habitudes pour limiter l\u2019impact&hellip;\n","protected":false},"author":2,"featured_media":314924,"comment_status":"","ping_status":"","sticky":false,"template":"","format":"standard","meta":{"footnotes":""},"categories":[1889],"tags":[1111,11,2430,6698,3152,2757,3153,3154,1777,674,107,1011,27,2428,8423,12,25,2429,71],"class_list":{"0":"post-314923","1":"post","2":"type-post","3":"status-publish","4":"format-standard","5":"has-post-thumbnail","7":"category-lyon","8":"tag-actu","9":"tag-actualites","10":"tag-auvergne-rhone-alpes","11":"tag-canicule","12":"tag-edition-est-lyonnais","13":"tag-edition-lyon-villeurbanne","14":"tag-edition-ouest-lyonnais","15":"tag-edition-sud-lyonnais","16":"tag-eu","17":"tag-europe","18":"tag-fil-info","19":"tag-fr","20":"tag-france","21":"tag-lyon","22":"tag-meteorologie-climat","23":"tag-news","24":"tag-republique-francaise","25":"tag-rhone","26":"tag-sante"},"share_on_mastodon":{"url":"https:\/\/pubeurope.com\/@fr\/115018177097235775","error":""},"_links":{"self":[{"href":"https:\/\/www.europesays.com\/fr\/wp-json\/wp\/v2\/posts\/314923","targetHints":{"allow":["GET"]}}],"collection":[{"href":"https:\/\/www.europesays.com\/fr\/wp-json\/wp\/v2\/posts"}],"about":[{"href":"https:\/\/www.europesays.com\/fr\/wp-json\/wp\/v2\/types\/post"}],"author":[{"embeddable":true,"href":"https:\/\/www.europesays.com\/fr\/wp-json\/wp\/v2\/users\/2"}],"replies":[{"embeddable":true,"href":"https:\/\/www.europesays.com\/fr\/wp-json\/wp\/v2\/comments?post=314923"}],"version-history":[{"count":0,"href":"https:\/\/www.europesays.com\/fr\/wp-json\/wp\/v2\/posts\/314923\/revisions"}],"wp:featuredmedia":[{"embeddable":true,"href":"https:\/\/www.europesays.com\/fr\/wp-json\/wp\/v2\/media\/314924"}],"wp:attachment":[{"href":"https:\/\/www.europesays.com\/fr\/wp-json\/wp\/v2\/media?parent=314923"}],"wp:term":[{"taxonomy":"category","embeddable":true,"href":"https:\/\/www.europesays.com\/fr\/wp-json\/wp\/v2\/categories?post=314923"},{"taxonomy":"post_tag","embeddable":true,"href":"https:\/\/www.europesays.com\/fr\/wp-json\/wp\/v2\/tags?post=314923"}],"curies":[{"name":"wp","href":"https:\/\/api.w.org\/{rel}","templated":true}]}}