{"id":314927,"date":"2025-08-12T22:36:16","date_gmt":"2025-08-12T22:36:16","guid":{"rendered":"https:\/\/www.europesays.com\/fr\/314927\/"},"modified":"2025-08-12T22:36:16","modified_gmt":"2025-08-12T22:36:16","slug":"surclasse-par-benfica-nice-elimine-des-le-troisieme-tour-preliminaire-et-reverse-en-ligue-europa","status":"publish","type":"post","link":"https:\/\/www.europesays.com\/fr\/314927\/","title":{"rendered":"surclass\u00e9 par Benfica, Nice \u00e9limin\u00e9 d\u00e8s le troisi\u00e8me tour pr\u00e9liminaire et revers\u00e9 en Ligue Europa"},"content":{"rendered":"\n<p class=\"c-chapo \">\n  Comme \u00e0 l&rsquo;aller, les Ni\u00e7ois ont \u00e9t\u00e9 battus 2-0 par le Benfica Lisbonne, mardi, au troisi\u00e8me tour pr\u00e9liminaire de Ligue des champions.\n<\/p>\n<p>            lire plus tard<\/p>\n<p id=\"dialog__title\" class=\"dialog__title\">Pour sauvegarder cet article, connectez-vous ou cr\u00e9ez un compte franceinfo<\/p>\n<p class=\"dialog__description\">Sans paiement. Sans abonnement.<\/p>\n<p>        Fermer la fen\u00eatre d\u2019activation des notifications France Info<\/p>\n<p>            cr\u00e9er votre compte<\/p>\n<p>            se connecter<\/p>\n<p>        Fermer la fen\u00eatre de pr\u00e9sentation<\/p>\n<p>    <img loading=\"lazy\" decoding=\"async\" class=\"signature__image lazyload\" width=\"100\" height=\"100\" data- alt=\"\" src=\"https:\/\/www.europesays.com\/fr\/wp-content\/uploads\/2025\/05\/64bfe77cf3234_adrien-rond.png\"\/><\/p>\n<p>          France T\u00e9l\u00e9visions &#8211; R\u00e9daction Sport<\/p>\n<p>    Publi\u00e9 le 12\/08\/2025 22:58<\/p>\n<p>      Mis \u00e0 jour le 12\/08\/2025 22:59<\/p>\n<p>        Temps de lecture : 2min<\/p>\n<p>    <img decoding=\"async\"  alt=\"Richard Rios et Terem Moffi lors de Benfica-Nice, le 12 ao\u00fbt 2025, \u00e0 Lisbonne. (AFP)\" width=\"432\" height=\"243\" src=\"https:\/\/www.europesays.com\/fr\/wp-content\/uploads\/2025\/08\/066-dppi-40426005-019-689ba9c920a21611786309.jpg\" fetchpriority=\"high\"\/><\/p>\n<p>      Richard Rios et Terem Moffi lors de Benfica-Nice, le 12 ao\u00fbt 2025, \u00e0 Lisbonne. (AFP)<\/p>\n<p>L&rsquo;espoir \u00e9tait mince, et il n&rsquo;aura pas dur\u00e9 longtemps. D\u00e9j\u00e0 <a href=\"https:\/\/www.franceinfo.fr\/sports\/foot\/ligue-des-champions\/ligue-des-champions-le-benfica-lisbonne-s-impose-face-a-nice-2-0_7421578.html\" rel=\"nofollow noopener\" target=\"_blank\">battu \u00e0 l&rsquo;aller sur sa pelouse par le Benfica Lisbonne (0-2)<\/a>, l&rsquo;OGC Nice \u00e9tait condamn\u00e9 \u00e0 l&rsquo;exploit, mardi 12 ao\u00fbt, au troisi\u00e8me tour pr\u00e9liminaire de la Ligue des champions. Mais d&rsquo;exploit il n&rsquo;y a pas eu \u00e0 l&rsquo;Estadio de la Luz pour les Aiglons, surclass\u00e9s par les Portugais (2-0), et donc \u00e9limin\u00e9s de la course \u00e0 la Ligue des champions. Tandis que Benfica affrontera les Turcs du Fenerbah\u00e7e en barrages, l&rsquo;OGC Nice est revers\u00e9 en Ligue Europa.<\/p>\n<p>Min\u00e9 par les blessures, et m\u00eame oblig\u00e9 de faire confiance \u00e0 Djibril Coulibaly, 16 ans \u00e0 peine, l&rsquo;OGC Nice a subi la loi des Portugais, sans jamais se montrer capable de renverser la situation. Comme si le poids de la mal\u00e9diction des clubs fran\u00e7ais dans l&rsquo;antre du Benfica (en 20 matchs, aucun club tricolore n&rsquo;y a battu les Lisbo\u00e8tes) pesait trop lourd sur les \u00e9paules ni\u00e7oises. Avant m\u00eame la demi-heure de jeu, la messe \u00e9tait dite.<\/p>\n<p>La faute au duo Fredrik Aursnes &#8211; Andreas Schjelderup. Les deux ailiers benfiquistes ont donn\u00e9 le tournis \u00e0 la d\u00e9fense ni\u00e7oise, sur deux actions d&rsquo;\u00e9coles identiques. Sur la premi\u00e8re, Andreas Schjelderup a profit\u00e9 d&rsquo;un ballon en profondeur c\u00f4t\u00e9 gauche pour ajuster un centre en retrait vers Fredrik Aursnes, auteur d&rsquo;un encha\u00eenement \u00e9clair en plein c\u0153ur de la d\u00e9fense ni\u00e7oise, pour tromper Yehvann Diouf (1-0, 18e). Les deux hommes ont ensuite invers\u00e9 les r\u00f4les, sur le flanc droit, avec Andres Schjelderup au centre, et Fredrik Aursnes \u00e0 la finition, d&rsquo;une superbe frappe enroul\u00e9e (2-0, 27e).<\/p>\n<p>Surpass\u00e9s et compl\u00e8tement \u00e0 c\u00f4t\u00e9 de leur sujet, les Ni\u00e7ois n&rsquo;ont jamais pu sortir la t\u00eate de l&rsquo;eau ensuite. Sur une inspiration, l&rsquo;international fran\u00e7ais Jonathan Clauss a cru r\u00e9duire l&rsquo;\u00e9cart d&rsquo;une belle demi-vol\u00e9e de l&rsquo;ext\u00e9rieur du pied, mais celle-ci s&rsquo;est \u00e9cras\u00e9e sur le poteau (31e). Le seul frisson d&rsquo;une triste soir\u00e9e ni\u00e7oise. En deuxi\u00e8me p\u00e9riode, Benfica, tout en gestion, a failli alourdir la note sur une frappe d&rsquo;Andreas Schjelderup &#8211; encore lui &#8211; renvoy\u00e9e par la barre transversale. Mais le sort de la rencontre \u00e9tait d\u00e9j\u00e0 scell\u00e9. L&rsquo;aventure europ\u00e9enne de l&rsquo;OGC Nice ne s&rsquo;\u00e9crira pas en Ligue des champions aux c\u00f4t\u00e9s du PSG, de l&rsquo;OM et de l&rsquo;AS Monaco, mais en Ligue Europa, avec l&rsquo;Olympique lyonnais.<\/p>\n","protected":false},"excerpt":{"rendered":"Comme \u00e0 l&rsquo;aller, les Ni\u00e7ois ont \u00e9t\u00e9 battus 2-0 par le Benfica Lisbonne, mardi, au troisi\u00e8me tour pr\u00e9liminaire&hellip;\n","protected":false},"author":2,"featured_media":314928,"comment_status":"","ping_status":"","sticky":false,"template":"","format":"standard","meta":{"footnotes":""},"categories":[1888],"tags":[1111,1928,11,1927,1777,674,1011,27,12,1926,626,1925,25],"class_list":{"0":"post-314927","1":"post","2":"type-post","3":"status-publish","4":"format-standard","5":"has-post-thumbnail","7":"category-paris","8":"tag-actu","9":"tag-actu-paris","10":"tag-actualites","11":"tag-actualites-paris","12":"tag-eu","13":"tag-europe","14":"tag-fr","15":"tag-france","16":"tag-news","17":"tag-news-paris","18":"tag-paris","19":"tag-paris-news","20":"tag-republique-francaise"},"share_on_mastodon":{"url":"https:\/\/pubeurope.com\/@fr\/115018189064798338","error":""},"_links":{"self":[{"href":"https:\/\/www.europesays.com\/fr\/wp-json\/wp\/v2\/posts\/314927","targetHints":{"allow":["GET"]}}],"collection":[{"href":"https:\/\/www.europesays.com\/fr\/wp-json\/wp\/v2\/posts"}],"about":[{"href":"https:\/\/www.europesays.com\/fr\/wp-json\/wp\/v2\/types\/post"}],"author":[{"embeddable":true,"href":"https:\/\/www.europesays.com\/fr\/wp-json\/wp\/v2\/users\/2"}],"replies":[{"embeddable":true,"href":"https:\/\/www.europesays.com\/fr\/wp-json\/wp\/v2\/comments?post=314927"}],"version-history":[{"count":0,"href":"https:\/\/www.europesays.com\/fr\/wp-json\/wp\/v2\/posts\/314927\/revisions"}],"wp:featuredmedia":[{"embeddable":true,"href":"https:\/\/www.europesays.com\/fr\/wp-json\/wp\/v2\/media\/314928"}],"wp:attachment":[{"href":"https:\/\/www.europesays.com\/fr\/wp-json\/wp\/v2\/media?parent=314927"}],"wp:term":[{"taxonomy":"category","embeddable":true,"href":"https:\/\/www.europesays.com\/fr\/wp-json\/wp\/v2\/categories?post=314927"},{"taxonomy":"post_tag","embeddable":true,"href":"https:\/\/www.europesays.com\/fr\/wp-json\/wp\/v2\/tags?post=314927"}],"curies":[{"name":"wp","href":"https:\/\/api.w.org\/{rel}","templated":true}]}}