{"id":314935,"date":"2025-08-12T22:40:21","date_gmt":"2025-08-12T22:40:21","guid":{"rendered":"https:\/\/www.europesays.com\/fr\/314935\/"},"modified":"2025-08-12T22:40:21","modified_gmt":"2025-08-12T22:40:21","slug":"le-sommet-trump-poutine-en-alaska-est-une-victoire-personnelle-pour-le-dirigeant-russe-juge-zelensky","status":"publish","type":"post","link":"https:\/\/www.europesays.com\/fr\/314935\/","title":{"rendered":"Le sommet Trump-Poutine en Alaska est une \u00ab victoire personnelle \u00bb pour le dirigeant russe, juge Zelensky"},"content":{"rendered":"<p class=\"paragraph text_align_left lp-f-body-02\">Le pr\u00e9sident ukrainien <a href=\"https:\/\/www.leparisien.fr\/international\/volodymyr-zelensky\/\" target=\"_self\" rel=\"nofollow noopener\">Volodymyr Zelensky<\/a> a estim\u00e9 mardi que la rencontre pr\u00e9vue entre<a href=\"https:\/\/www.leparisien.fr\/international\/vladimir-poutine\/\" target=\"_self\" rel=\"nofollow noopener\"> Vladimir Poutine<\/a> et <a href=\"https:\/\/www.leparisien.fr\/international\/etats-unis\/donald-trump\/\" target=\"_self\" rel=\"nofollow noopener\">Donald Trump<\/a> en<a href=\"https:\/\/www.leparisien.fr\/international\/ukraine\/guerre-en-ukraine-organisation-echanges-de-territoires-ce-que-lon-sait-de-la-rencontre-entre-trump-et-poutine-en-alaska-09-08-2025-JBPCSEDI4JBERM7SBOO5TMFUIU.php\" target=\"_self\" rel=\"nofollow noopener\"> Alaska <\/a>\u00e9tait d\u00e9j\u00e0 une \u00ab victoire personnelle \u00bb pour le dirigeant russe.<\/p>\n<p class=\"paragraph text_align_left lp-f-body-02\">Alors qu\u2019il est <a href=\"https:\/\/www.leparisien.fr\/international\/guerre-en-ukraine-poutine-seul-contre-tous-28-02-2022-RJQTY24MOJGNLM4BXUOC4J5U7M.php\" target=\"_self\" rel=\"nofollow noopener\">isol\u00e9 du monde occidental<\/a> depuis son invasion \u00e0 grande \u00e9chelle de l\u2019Ukraine en f\u00e9vrier 2022, le ma\u00eetre du Kremlin sera accueilli en Alaska, en \u00ab territoire am\u00e9ricain \u00bb, souligne le dirigeant de Kiev. Vladimir Poutine n\u2019avait plus foul\u00e9 le sol des \u00c9tats-Unis depuis 2015, sous la pr\u00e9sidence de Barack Obama.<\/p>\n<p class=\"paragraph text_align_left lp-f-body-02\">Cela pourrait aussi retarder de possibles nouvelles sanctions des \u00c9tats-Unis contre Moscou, juge Volodymyr Zelensky.<\/p>\n<p class=\"paragraph text_align_left lp-f-body-02\">Le choix de l\u2019Alaska, s\u00e9par\u00e9e de la Russie uniquement par le d\u00e9troit de B\u00e9ring, permet aussi \u00e0 Vladimir Poutine de ne pas avoir \u00e0 se poser la question de savoir quels pays l\u2019avion d\u2019un pr\u00e9sident russe pourrait survoler, alors qu\u2019il est <a href=\"https:\/\/www.leparisien.fr\/international\/guerre-en-ukraine-vladimir-poutine-vise-par-un-mandat-darret-de-la-cour-penale-internationale-17-03-2023-GLGH6JQIXZEN7K53XPHWEDWHLA.php\" target=\"_self\" rel=\"nofollow noopener\">inculp\u00e9 depuis 2023 par la Cour p\u00e9nale internationale<\/a> pour la \u00ab d\u00e9portation \u00bb d\u2019enfants ukrainiens. Jusqu\u2019ici il ne s\u2019\u00e9tait rendu qu\u2019en<a href=\"https:\/\/www.leparisien.fr\/international\/vladimir-poutine-accueilli-en-mongolie-malgre-le-mandat-darret-de-la-cour-penale-internationale-03-09-2024-VWQO73XHJVA7DCGSJPM77ZFLV4.php\" target=\"_self\" rel=\"nofollow noopener\"> Mongolie <\/a>et au <a href=\"https:\/\/www.leparisien.fr\/international\/poutine-au-kirghizistan-pour-son-premier-voyage-a-letranger-depuis-son-mandat-darret-12-10-2023-4QZEFURKKFDGPNUN4XNXSI6JSU.php\" target=\"_self\" rel=\"nofollow noopener\">Kirghizistan<\/a> et au<a href=\"https:\/\/www.leparisien.fr\/international\/xi-jinping-et-poutine-en-asie-centrale-pour-un-sommet-face-aux-tensions-avec-loccident-04-07-2024-WK25PBP4F5BKRJF55LEBZAJNYU.php\" target=\"_self\" rel=\"nofollow noopener\"> Kazakhstan<\/a>, des pays o\u00f9 il ne risquait nullement d\u2019\u00eatre arr\u00eat\u00e9.<\/p>\n<p>Diffuser \u00ab le r\u00e9cit \u00bb que \u00ab la Russie avance \u00bb<\/p>\n<p class=\"paragraph text_align_left lp-f-body-02\">S\u2019adressant \u00e0 la presse depuis l\u2019Ukraine, Volodymyr Zelensky a par ailleurs confirm\u00e9 mardi que des \u00ab groupes \u00bb de soldats russes avaient r\u00e9ussi \u00e0 avancer d\u2019environ 10 km dans certains secteurs du front, mais a assur\u00e9 qu\u2019ils seraient d\u00e9truits.<\/p>\n<p class=\"paragraph text_align_left lp-f-body-02\">Ces attaques visent \u00e0 diffuser \u00ab le r\u00e9cit \u00bb que \u00ab la Russie avance \u00bb et que \u00ab l\u2019Ukraine perd \u00bb avant la rencontre Poutine-Trump. Il a par ailleurs affirm\u00e9 que Moscou pr\u00e9parait de<a href=\"https:\/\/www.leparisien.fr\/international\/ukraine\/guerre-en-ukraine-volodymyr-zelensky-assure-que-la-russie-prepare-de-nouvelles-offensives-12-08-2025-MCNH5IDFBRFWLEKCTZHAIOXORM.php\" target=\"_self\" rel=\"nofollow noopener\"> \u00ab nouvelles op\u00e9rations offensives \u00bb<\/a> dans trois secteurs sur le front, \u00ab Zaporijjia, Pokrovsk et Novopavlivka \u00bb.<\/p>\n<p class=\"paragraph text_align_left lp-f-body-02\">L\u2019une des solutions \u00e9voqu\u00e9es par Washington, sans plus de pr\u00e9cisions, serait un <a href=\"https:\/\/www.leparisien.fr\/international\/ukraine\/guerre-en-ukraine-organisation-echanges-de-territoires-ce-que-lon-sait-de-la-rencontre-entre-trump-et-poutine-en-alaska-09-08-2025-JBPCSEDI4JBERM7SBOO5TMFUIU.php\" target=\"_self\" rel=\"nofollow noopener\">\u00e9change de territoires<\/a> entre les deux pays. Une proposition balay\u00e9e par Kiev et ses alli\u00e9s europ\u00e9ens.<\/p>\n<p>\u00ab Nous ne nous retirerons pas du Donbass \u00bb<\/p>\n<p class=\"paragraph text_align_left lp-f-body-02\">Le dirigeant ukrainien a \u00e9cart\u00e9 tout retrait de ses troupes dans l\u2019est de l\u2019Ukraine dans le cadre d\u2019un accord avec Moscou sous m\u00e9diation am\u00e9ricaine.<\/p>\n<p class=\"paragraph text_align_left lp-f-body-02\">\u00ab Nous ne nous retirerons pas du <a href=\"https:\/\/www.leparisien.fr\/international\/guerre-en-ukraine-le-donbass-est-la-priorite-numero-un-de-poutine-qui-se-dit-pret-a-negocier-avec-kiev-05-09-2024-MPLBXBHZKNAF3MO4NWEH25Y43Y.php\" target=\"_self\" rel=\"nofollow noopener\">Donbass <\/a>(qui comprend les r\u00e9gions ukrainiennes de Donetsk et Lougansk) \u00bb, a d\u00e9clar\u00e9 Volodymyr Zelensky, estimant que si ce territoire tombait sous le contr\u00f4le de Moscou, il servirait ensuite de tremplin au Kremlin pour une \u00ab offensive future \u00bb contre l\u2019Ukraine.<\/p>\n<p class=\"title-embed-dailymotion lp-color-text lp-f-subtitle-04\">Vid\u00e9oZelensky : \u00ab la voie vers la paix en Ukraine doit \u00eatre d\u00e9finie ensemble, et seulement ensemble \u00bb<\/p>\n<p class=\"paragraph text_align_left lp-f-body-02\">Le chef de l\u2019\u00c9tat ukrainien et des dirigeants europ\u00e9ens, qui ont accru leur aide militaire \u00e0 Kiev, doivent <a href=\"https:\/\/www.leparisien.fr\/international\/ukraine\/guerre-en-ukraine-berlin-annonce-des-discussions-mercredi-avec-trump-les-europeens-et-zelensky-11-08-2025-B42BVICJSBEP5JHALD42Q25I7I.php\" target=\"_self\" rel=\"nofollow noopener\">s\u2019entretenir mercredi avec Donald Trump<\/a> en vue d\u2019une paix accept\u00e9e par les deux camps.<\/p>\n","protected":false},"excerpt":{"rendered":"Le pr\u00e9sident ukrainien Volodymyr Zelensky a estim\u00e9 mardi que la rencontre pr\u00e9vue entre Vladimir Poutine et Donald Trump&hellip;\n","protected":false},"author":2,"featured_media":314936,"comment_status":"","ping_status":"","sticky":false,"template":"","format":"standard","meta":{"footnotes":""},"categories":[1591],"tags":[11,1887,14,12,1885,1886,132,220],"class_list":{"0":"post-314935","1":"post","2":"type-post","3":"status-publish","4":"format-standard","5":"has-post-thumbnail","7":"category-russie","8":"tag-actualites","9":"tag-federation-de-russie","10":"tag-international","11":"tag-news","12":"tag-russia","13":"tag-russian-federation","14":"tag-russie","15":"tag-ukraine"},"share_on_mastodon":{"url":"https:\/\/pubeurope.com\/@fr\/115018204688348378","error":""},"_links":{"self":[{"href":"https:\/\/www.europesays.com\/fr\/wp-json\/wp\/v2\/posts\/314935","targetHints":{"allow":["GET"]}}],"collection":[{"href":"https:\/\/www.europesays.com\/fr\/wp-json\/wp\/v2\/posts"}],"about":[{"href":"https:\/\/www.europesays.com\/fr\/wp-json\/wp\/v2\/types\/post"}],"author":[{"embeddable":true,"href":"https:\/\/www.europesays.com\/fr\/wp-json\/wp\/v2\/users\/2"}],"replies":[{"embeddable":true,"href":"https:\/\/www.europesays.com\/fr\/wp-json\/wp\/v2\/comments?post=314935"}],"version-history":[{"count":0,"href":"https:\/\/www.europesays.com\/fr\/wp-json\/wp\/v2\/posts\/314935\/revisions"}],"wp:featuredmedia":[{"embeddable":true,"href":"https:\/\/www.europesays.com\/fr\/wp-json\/wp\/v2\/media\/314936"}],"wp:attachment":[{"href":"https:\/\/www.europesays.com\/fr\/wp-json\/wp\/v2\/media?parent=314935"}],"wp:term":[{"taxonomy":"category","embeddable":true,"href":"https:\/\/www.europesays.com\/fr\/wp-json\/wp\/v2\/categories?post=314935"},{"taxonomy":"post_tag","embeddable":true,"href":"https:\/\/www.europesays.com\/fr\/wp-json\/wp\/v2\/tags?post=314935"}],"curies":[{"name":"wp","href":"https:\/\/api.w.org\/{rel}","templated":true}]}}