{"id":314938,"date":"2025-08-12T22:42:15","date_gmt":"2025-08-12T22:42:15","guid":{"rendered":"https:\/\/www.europesays.com\/fr\/314938\/"},"modified":"2025-08-12T22:42:15","modified_gmt":"2025-08-12T22:42:15","slug":"brigitte-macron-en-guerre-judiciaire-aux-usa-lombre-de-marion-marechal-le-pen-planerait-au-dessus-de-sa-tete","status":"publish","type":"post","link":"https:\/\/www.europesays.com\/fr\/314938\/","title":{"rendered":"\u00a0Brigitte Macron en guerre judiciaire aux USA : l\u2019ombre de Marion Mar\u00e9chal Le Pen planerait au-dessus de sa t\u00eate\u2026"},"content":{"rendered":"<p>Depuis plusieurs ann\u00e9es, Brigitte Macron n\u2019est pas \u00e9pargn\u00e9e.<br \/>\nEntre deux voyages officiels, \u00e0 Monaco ou <a class=\"qbe-widget\" href=\"https:\/\/www.closermag.fr\/people\/brigitte-et-emmanuel-macron-a-londres-ce-fastueux-diner-ou-se-cachaient-un-celebre-chanteur-francais-expatrie-et-sa-compagne-3562506\" target=\"_blank\" rel=\"noopener noreferrer nofollow\">en Angleterre<\/a>, la<br \/>\npremi\u00e8re dame a d\u00fb g\u00e9rer une affaire beaucoup moins joyeuse :<br \/>\n<a class=\"qbe-widget\" href=\"https:\/\/www.closermag.fr\/politique\/brigitte-macron-visee-par-des-rumeurs-transphobes-la-premiere-dame-muscle-son-jeu-avant-un-probable-proces-3570799\" target=\"_blank\" rel=\"noopener noreferrer nofollow\">elle est vis\u00e9e par des<br \/>\nrumeurs transphobes.<\/a> Pour la m\u00e8re de Tihpaine Auzi\u00e8re, tout<br \/>\ncommence en 2021 lors de la parution d\u2019une vid\u00e9o YouTube<br \/>\nentre\u00a0la \u00ab\u00a0m\u00e9dium\u00a0\u00bb Amandine Roy et la \u00ab\u00a0journaliste ind\u00e9pendante<br \/>\nautodidacte\u00a0\u00bb Natacha Rey, dans laquelle la femme du pr\u00e9sident est<br \/>\nsoup\u00e7onn\u00e9e d\u2019\u00eatre n\u00e9e homme. La fausse information a travers\u00e9 les<br \/>\nfronti\u00e8res et la cr\u00e9atrice Candace Owens en a rapidement fait l\u2019un<br \/>\nde ses sujets de pr\u00e9dilection. Elle a fait toute une s\u00e9rie de<br \/>\npodcasts pour appuyer sa th\u00e9orie.<\/p>\n<p>Face \u00e0 cet acharnement et \u00e0 l\u2019ampleur que prenait cette<br \/>\nhistoire, le couple pr\u00e9sidentiel est alors rentr\u00e9 en guerre<br \/>\njudiciaire. Des enqu\u00eateurs ont \u00e9t\u00e9 engag\u00e9s et des liens entre<br \/>\nl\u00a0\u00bbinfluenceuse et Marion Mar\u00e9chal Le Pen auraient vite \u00e9t\u00e9<br \/>\n\u00e9tablis.<\/p>\n<p>Candace Owens proche de l\u2019extr\u00eame droite<\/p>\n<p>Ce n\u2019est pas vraiment une grande d\u00e9couverte : <strong>Candace<br \/>\nOwens fait partie des personnalit\u00e9s am\u00e9ricaines influentes proches<br \/>\ndes R\u00e9publicains.<\/strong> Mais ce n\u2019est pas le seul parti avec<br \/>\nlequel elle entretient des liens. Comme on peut le lire dans le<br \/>\n<a class=\"qbe-widget\" href=\"https:\/\/www.ft.com\/content\/986e658e-7b52-4d8e-ac44-2b6978e462d7\" target=\"_blank\" rel=\"noopener noreferrer nofollow\">Financial<br \/>\nTimes<\/a> et <a class=\"qbe-widget\" href=\"https:\/\/www.lepoint.fr\/monde\/face-aux-accusations-de-candace-owens-le-couple-macron-passe-a-la-vitesse-superieure-12-08-2025-2596195_24.php#11\" target=\"_blank\" rel=\"noopener noreferrer nofollow\">Le Point,<\/a><br \/>\ndes rapprochements auraient \u00e9t\u00e9 faits entre la cr\u00e9atrice de contenu<br \/>\net l\u2019extr\u00eame droite fran\u00e7aise. En effet, les enqu\u00eateurs ont<br \/>\nconstat\u00e9 qu\u2019elle \u00e9tait <a class=\"qbe-widget\" href=\"https:\/\/www.closermag.fr\/politique\/marion-marechal-ce-deal-passe-avec-sa-tante-marine-le-pen-apres-des-bisbilles-publiques-3439359\" target=\"_blank\" rel=\"noopener noreferrer nofollow\">en contact avec Marion<br \/>\nMar\u00e9chal Le Pen.<\/a><\/p>\n<p>Mais cela n\u2019est pas vraiment une surprise. En effet, en 2019,<br \/>\nelle avait \u00e9t\u00e9 l\u2019une des principales organisatrices de la<br \/>\nConvention de la droite, organis\u00e9e par la femme politique. Cet<br \/>\n\u00e9v\u00e9nement rassemblait plusieurs personnalit\u00e9s qui affichaient des<br \/>\nvaleurs conservatrices.<\/p>\n<p>La plainte d\u2019Emmanuel et Brigitte<br \/>\nMacron<\/p>\n<p>En plus de cela, celle qui <a class=\"qbe-widget\" href=\"https:\/\/www.closermag.fr\/people\/brigitte-macron-ciblee-par-des-rumeurs-transphobes-tiphaine-auziere-jetee-dans-la-gueule-du-loup-3568864\" target=\"_blank\" rel=\"noopener noreferrer nofollow\">accuse Brigitte Macron de<br \/>\nmentir sur son identit\u00e9<\/a> serait \u00e9galement en lien<br \/>\navec\u00a0Nigel Farage, leader de Reform UK. Elle aurait m\u00eame \u00e9t\u00e9<br \/>\ninvit\u00e9e d\u2019honneur \u00e0 son mariage.<\/p>\n<p><a class=\"qbe-widget\" href=\"https:\/\/www.closermag.fr\/people\/brigitte-macron-cible-de-rumeurs-transphobes-coup-dur-pour-lelysee-la-cour-dappel-de-paris-a-tranche-3562894\" target=\"_blank\" rel=\"noopener noreferrer nofollow\">Le couple Macron a lanc\u00e9<br \/>\nune plainte de plus de 200 pages<\/a>, d\u00e9pos\u00e9e dans le Delaware,<br \/>\navec <strong>22 chefs d&rsquo;accusation<\/strong> pour diffamation et<br \/>\npropos mensongers. Le cabinet d\u2019avocats des Macron a indiqu\u00e9 qu\u2019ils<br \/>\n\u00e9taient <strong>pr\u00eats \u00e0 se rendre \u00e0 Delaware pour compara\u00eetre en<br \/>\npersonne<\/strong>, et qu\u2019ils cherchaient \u00e0 d\u00e9fendre la v\u00e9rit\u00e9,<br \/>\nestimant que la requ\u00e9rante a ignor\u00e9 plusieurs mises en demeure.<\/p>\n","protected":false},"excerpt":{"rendered":"Depuis plusieurs ann\u00e9es, Brigitte Macron n\u2019est pas \u00e9pargn\u00e9e. Entre deux voyages officiels, \u00e0 Monaco ou en Angleterre, la&hellip;\n","protected":false},"author":2,"featured_media":314939,"comment_status":"","ping_status":"","sticky":false,"template":"","format":"standard","meta":{"footnotes":""},"categories":[1589],"tags":[11,548,986,73,1866,12,1864,1865,1863,308],"class_list":{"0":"post-314938","1":"post","2":"type-post","3":"status-publish","4":"format-standard","5":"has-post-thumbnail","7":"category-etats-unis","8":"tag-actualites","9":"tag-article-simple","10":"tag-brigitte-macron","11":"tag-etats-unis","12":"tag-etats-unis-damerique","13":"tag-news","14":"tag-united-states","15":"tag-united-states-of-america","16":"tag-us","17":"tag-usa"},"share_on_mastodon":{"url":"https:\/\/pubeurope.com\/@fr\/115018212541137312","error":""},"_links":{"self":[{"href":"https:\/\/www.europesays.com\/fr\/wp-json\/wp\/v2\/posts\/314938","targetHints":{"allow":["GET"]}}],"collection":[{"href":"https:\/\/www.europesays.com\/fr\/wp-json\/wp\/v2\/posts"}],"about":[{"href":"https:\/\/www.europesays.com\/fr\/wp-json\/wp\/v2\/types\/post"}],"author":[{"embeddable":true,"href":"https:\/\/www.europesays.com\/fr\/wp-json\/wp\/v2\/users\/2"}],"replies":[{"embeddable":true,"href":"https:\/\/www.europesays.com\/fr\/wp-json\/wp\/v2\/comments?post=314938"}],"version-history":[{"count":0,"href":"https:\/\/www.europesays.com\/fr\/wp-json\/wp\/v2\/posts\/314938\/revisions"}],"wp:featuredmedia":[{"embeddable":true,"href":"https:\/\/www.europesays.com\/fr\/wp-json\/wp\/v2\/media\/314939"}],"wp:attachment":[{"href":"https:\/\/www.europesays.com\/fr\/wp-json\/wp\/v2\/media?parent=314938"}],"wp:term":[{"taxonomy":"category","embeddable":true,"href":"https:\/\/www.europesays.com\/fr\/wp-json\/wp\/v2\/categories?post=314938"},{"taxonomy":"post_tag","embeddable":true,"href":"https:\/\/www.europesays.com\/fr\/wp-json\/wp\/v2\/tags?post=314938"}],"curies":[{"name":"wp","href":"https:\/\/api.w.org\/{rel}","templated":true}]}}