{"id":314940,"date":"2025-08-12T22:43:13","date_gmt":"2025-08-12T22:43:13","guid":{"rendered":"https:\/\/www.europesays.com\/fr\/314940\/"},"modified":"2025-08-12T22:43:13","modified_gmt":"2025-08-12T22:43:13","slug":"le-royaume-uni-nomme-un-conseiller-pour-anticiper-une-eventuelle-faillite-de-thames-water","status":"publish","type":"post","link":"https:\/\/www.europesays.com\/fr\/314940\/","title":{"rendered":"Le Royaume-Uni nomme un conseiller pour anticiper une \u00e9ventuelle faillite de Thames Water"},"content":{"rendered":"<p>Le gouvernement britannique a d\u00e9sign\u00e9 le cabinet FTI Consulting pour l&rsquo;accompagner dans l&rsquo;\u00e9laboration de plans de secours, au cas o\u00f9 Thames Water, la plus grande compagnie d&rsquo;eau du pays, devrait \u00eatre plac\u00e9e sous r\u00e9gime d&rsquo;administration sp\u00e9ciale, a indiqu\u00e9 une source gouvernementale.<\/p>\n<p>Cette entreprise, lourdement endett\u00e9e et d\u00e9ficitaire, tente d&rsquo;\u00e9viter une nationalisation en cherchant \u00e0 obtenir 5 milliards de livres sterling (6,7 milliards de dollars) de financement aupr\u00e8s de ses principaux d\u00e9tenteurs d&rsquo;obligations.<\/p>\n<p>Thames Water, qui avait affirm\u00e9 en juillet disposer de fonds suffisants pour poursuivre ses activit\u00e9s pendant douze mois, estime qu&rsquo;un r\u00e9ajustement de la r\u00e9glementation est indispensable pour que l&rsquo;op\u00e9ration puisse aboutir.<\/p>\n<p>Le gouvernement a assur\u00e9 qu&rsquo;il agirait toujours dans l&rsquo;int\u00e9r\u00eat national.<\/p>\n<p>\u00ab\u00a0L&rsquo;entreprise demeure stable sur le plan financier, mais nous avons intensifi\u00e9 nos pr\u00e9paratifs et nous nous tenons pr\u00eats \u00e0 toutes les \u00e9ventualit\u00e9s, y compris \u00e0 solliciter un r\u00e9gime d&rsquo;administration sp\u00e9ciale si cela devenait n\u00e9cessaire\u00a0\u00bb, a d\u00e9clar\u00e9 un porte-parole du gouvernement dans un communiqu\u00e9 envoy\u00e9 par courriel.<\/p>\n<p>La nomination de FTI a d&rsquo;abord \u00e9t\u00e9 r\u00e9v\u00e9l\u00e9e par Sky News.<\/p>\n<p>(1\u00a0$ = 0,7433\u00a0livre sterling)<\/p>\n","protected":false},"excerpt":{"rendered":"Le gouvernement britannique a d\u00e9sign\u00e9 le cabinet FTI Consulting pour l&rsquo;accompagner dans l&rsquo;\u00e9laboration de plans de secours, au&hellip;\n","protected":false},"author":2,"featured_media":314941,"comment_status":"","ping_status":"","sticky":false,"template":"","format":"standard","meta":{"footnotes":""},"categories":[1588],"tags":[11,340,1777,674,12,473,1853,1851,1850,1852],"class_list":{"0":"post-314940","1":"post","2":"type-post","3":"status-publish","4":"format-standard","5":"has-post-thumbnail","7":"category-royaume-uni","8":"tag-actualites","9":"tag-bourse","10":"tag-eu","11":"tag-europe","12":"tag-news","13":"tag-royaume-uni","14":"tag-royaume-uni-de-grande-bretagne-et-dirlande-du-nord","15":"tag-uk","16":"tag-united-kingdom","17":"tag-united-kingdom-of-great-britain-and-northern-ireland"},"share_on_mastodon":{"url":"https:\/\/pubeurope.com\/@fr\/115018217011807722","error":""},"_links":{"self":[{"href":"https:\/\/www.europesays.com\/fr\/wp-json\/wp\/v2\/posts\/314940","targetHints":{"allow":["GET"]}}],"collection":[{"href":"https:\/\/www.europesays.com\/fr\/wp-json\/wp\/v2\/posts"}],"about":[{"href":"https:\/\/www.europesays.com\/fr\/wp-json\/wp\/v2\/types\/post"}],"author":[{"embeddable":true,"href":"https:\/\/www.europesays.com\/fr\/wp-json\/wp\/v2\/users\/2"}],"replies":[{"embeddable":true,"href":"https:\/\/www.europesays.com\/fr\/wp-json\/wp\/v2\/comments?post=314940"}],"version-history":[{"count":0,"href":"https:\/\/www.europesays.com\/fr\/wp-json\/wp\/v2\/posts\/314940\/revisions"}],"wp:featuredmedia":[{"embeddable":true,"href":"https:\/\/www.europesays.com\/fr\/wp-json\/wp\/v2\/media\/314941"}],"wp:attachment":[{"href":"https:\/\/www.europesays.com\/fr\/wp-json\/wp\/v2\/media?parent=314940"}],"wp:term":[{"taxonomy":"category","embeddable":true,"href":"https:\/\/www.europesays.com\/fr\/wp-json\/wp\/v2\/categories?post=314940"},{"taxonomy":"post_tag","embeddable":true,"href":"https:\/\/www.europesays.com\/fr\/wp-json\/wp\/v2\/tags?post=314940"}],"curies":[{"name":"wp","href":"https:\/\/api.w.org\/{rel}","templated":true}]}}