{"id":314942,"date":"2025-08-12T22:44:16","date_gmt":"2025-08-12T22:44:16","guid":{"rendered":"https:\/\/www.europesays.com\/fr\/314942\/"},"modified":"2025-08-12T22:44:16","modified_gmt":"2025-08-12T22:44:16","slug":"france-allemagne-royaume-uni-les-etats-unis-deplorent-la-deterioration-des-droits-humains-en-europe-2","status":"publish","type":"post","link":"https:\/\/www.europesays.com\/fr\/314942\/","title":{"rendered":"France, Allemagne, Royaume-Uni\u2026 Les Etats-Unis d\u00e9plorent la \u00ab d\u00e9t\u00e9rioration \u00bb des droits humains en Europe"},"content":{"rendered":"<p><strong>MAUVAIS \u00c9L\u00c8VE &#8211; Les Etats-Unis accusent la France, l\u2019Allemagne et le Royaume-Uni de restreindre la libert\u00e9 d\u2019expression dans un rapport sur les droits humains, marqu\u00e9 par les priorit\u00e9s de Donald Trump<\/strong><\/p>\n<p>Les <a href=\"https:\/\/www.20minutes.fr\/monde\/etats-unis\/?at_medium=RSS%20feed&amp;at_campaign=ynews&amp;utm_source=yahoo&amp;utm_medium=rss&amp;utm_campaign=news_feed&amp;utm_content=in_article_link\" rel=\"nofollow noopener\" target=\"_blank\" data-ylk=\"slk:Etats-Unis;elm:context_link;itc:0;sec:content-canvas\" class=\"link \">Etats-Unis<\/a> ont point\u00e9 du doigt, mardi, une \u00ab\u00a0d\u00e9t\u00e9rioration\u00a0\u00bb des droits humains dans plusieurs pays europ\u00e9ens, accusant notamment la France, l\u2019<a href=\"https:\/\/www.20minutes.fr\/dossier\/allemagne?at_medium=RSS%20feed&amp;at_campaign=ynews&amp;utm_source=yahoo&amp;utm_medium=rss&amp;utm_campaign=news_feed&amp;utm_content=in_article_link\" rel=\"nofollow noopener\" target=\"_blank\" data-ylk=\"slk:Allemagne;elm:context_link;itc:0;sec:content-canvas\" class=\"link \">Allemagne<\/a> et le <a href=\"https:\/\/www.20minutes.fr\/monde\/royaume-uni\/?at_medium=RSS%20feed&amp;at_campaign=ynews&amp;utm_source=yahoo&amp;utm_medium=rss&amp;utm_campaign=news_feed&amp;utm_content=in_article_link\" rel=\"nofollow noopener\" target=\"_blank\" data-ylk=\"slk:Royaume-Uni;elm:context_link;itc:0;sec:content-canvas\" class=\"link \">Royaume-Uni<\/a> de restreindre la <a href=\"https:\/\/www.20minutes.fr\/arts-stars\/web\/liberte-expression\/?at_medium=RSS%20feed&amp;at_campaign=ynews&amp;utm_source=yahoo&amp;utm_medium=rss&amp;utm_campaign=news_feed&amp;utm_content=in_article_link\" rel=\"nofollow noopener\" target=\"_blank\" data-ylk=\"slk:libert\u00e9 d\u2019expression;elm:context_link;itc:0;sec:content-canvas\" class=\"link \">libert\u00e9 d\u2019expression<\/a>. Ces constats figurent dans le rapport 2024 du d\u00e9partement d\u2019Etat am\u00e9ricain, un document de r\u00e9f\u00e9rence mais qui suscite d\u00e9j\u00e0 de vives critiques pour son alignement sur les priorit\u00e9s du pr\u00e9sident Donald Trump.<\/p>\n<p>Pour la <a href=\"https:\/\/www.20minutes.fr\/france\/?at_medium=RSS%20feed&amp;at_campaign=ynews&amp;utm_source=yahoo&amp;utm_medium=rss&amp;utm_campaign=news_feed&amp;utm_content=in_article_link\" rel=\"nofollow noopener\" target=\"_blank\" data-ylk=\"slk:France;elm:context_link;itc:0;sec:content-canvas\" class=\"link \">France<\/a>, Washington \u00e9voque \u00ab\u00a0des informations cr\u00e9dibles faisant \u00e9tat de restrictions graves \u00e0 la libert\u00e9 d\u2019expression\u00a0\u00bb et constate une recrudescence des actes <a href=\"https:\/\/www.20minutes.fr\/dossier\/antisemitisme?at_medium=RSS%20feed&amp;at_campaign=ynews&amp;utm_source=yahoo&amp;utm_medium=rss&amp;utm_campaign=news_feed&amp;utm_content=in_article_link\" rel=\"nofollow noopener\" target=\"_blank\" data-ylk=\"slk:antis\u00e9mites;elm:context_link;itc:0;sec:content-canvas\" class=\"link \">antis\u00e9mites<\/a>. Au Royaume-Uni, la <a href=\"https:\/\/www.20minutes.fr\/dossier\/maison_blanche?at_medium=RSS%20feed&amp;at_campaign=ynews&amp;utm_source=yahoo&amp;utm_medium=rss&amp;utm_campaign=news_feed&amp;utm_content=in_article_link\" rel=\"nofollow noopener\" target=\"_blank\" data-ylk=\"slk:Maison-Blanche;elm:context_link;itc:0;sec:content-canvas\" class=\"link \">Maison-Blanche<\/a> s\u2019inqui\u00e8te de la nouvelle loi sur la s\u00e9curit\u00e9 en ligne, destin\u00e9e \u00e0 prot\u00e9ger les mineurs, mais vivement critiqu\u00e9e par le r\u00e9seau social X d\u2019Elon Musk. L\u2019Allemagne est \u00e9galement vis\u00e9e, dans un contexte o\u00f9 le vice-pr\u00e9sident <a href=\"https:\/\/www.20minutes.fr\/monde\/vance\/?at_medium=RSS%20feed&amp;at_campaign=ynews&amp;utm_source=yahoo&amp;utm_medium=rss&amp;utm_campaign=news_feed&amp;utm_content=in_article_link\" rel=\"nofollow noopener\" target=\"_blank\" data-ylk=\"slk:J.D. Vance;elm:context_link;itc:0;sec:content-canvas\" class=\"link \">J.D. Vance<\/a> avait affirm\u00e9, lors d\u2019un discours \u00e0 Munich, que la libert\u00e9 d\u2019expression \u00ab\u00a0reculait\u00a0\u00bb en <a href=\"https:\/\/www.20minutes.fr\/dossier\/europe?at_medium=RSS%20feed&amp;at_campaign=ynews&amp;utm_source=yahoo&amp;utm_medium=rss&amp;utm_campaign=news_feed&amp;utm_content=in_article_link\" rel=\"nofollow noopener\" target=\"_blank\" data-ylk=\"slk:Europe;elm:context_link;itc:0;sec:content-canvas\" class=\"link \">Europe<\/a>, reprenant des arguments proches de l\u2019AfD, parti r\u00e9cemment class\u00e9 \u00ab\u00a0extr\u00e9miste de droite\u00a0\u00bb.<\/p>\n<p>Des discussions franches \u00e0 venir<\/p>\n<p>Un responsable am\u00e9ricain, s\u2019exprimant anonymement, a confirm\u00e9 que <a href=\"https:\/\/www.20minutes.fr\/dossier\/washington?at_medium=RSS%20feed&amp;at_campaign=ynews&amp;utm_source=yahoo&amp;utm_medium=rss&amp;utm_campaign=news_feed&amp;utm_content=in_article_link\" rel=\"nofollow noopener\" target=\"_blank\" data-ylk=\"slk:Washington;elm:context_link;itc:0;sec:content-canvas\" class=\"link \">Washington<\/a> entendait avoir \u00ab\u00a0des discussions franches avec nos partenaires et alli\u00e9s sur ce que nous consid\u00e9rons comme de la censure ou d\u00e9favorisant certaines voix, qu\u2019elles soient politiques ou religieuses\u00a0\u00bb. Publi\u00e9 chaque ann\u00e9e au printemps et mandat\u00e9 par le <a href=\"https:\/\/www.20minutes.fr\/dossier\/congres?at_medium=RSS%20feed&amp;at_campaign=ynews&amp;utm_source=yahoo&amp;utm_medium=rss&amp;utm_campaign=news_feed&amp;utm_content=in_article_link\" rel=\"nofollow noopener\" target=\"_blank\" data-ylk=\"slk:Congr\u00e8s;elm:context_link;itc:0;sec:content-canvas\" class=\"link \">Congr\u00e8s<\/a>, ce rapport passe en revue la situation des droits humains dans le monde.<\/p>\n<p>Ma(&#8230;)<\/p>\n<p><a href=\"https:\/\/www.20minutes.fr\/monde\/etats-unis\/4167734-20250812-france-allemagne-royaume-uni-etats-unis-deplorent-deterioration-droits-humains-europe?at_medium=RSS%20feed&amp;at_campaign=ynews&amp;utm_source=yahoo&amp;utm_medium=rss&amp;utm_campaign=news_feed&amp;utm_content=read_more_link&quot;\" rel=\"nofollow noopener\" target=\"_blank\" data-ylk=\"slk:Lire la suite sur 20minutes;elm:context_link;itc:0;sec:content-canvas\" class=\"link \">Lire la suite sur 20minutes<\/a><\/p>\n<p>\u00c0 lire aussi :<br \/><a href=\"https:\/\/www.20minutes.fr\/monde\/etats-unis\/4141495-20250303-onu-profondement-inquiete-droits-humains-face-virage-etats-unis?at_medium=RSS%20feed&amp;at_campaign=ynews&amp;utm_source=yahoo&amp;utm_medium=rss&amp;utm_campaign=news_feed&amp;utm_content=related_content_link\" rel=\"nofollow noopener\" target=\"_blank\" data-ylk=\"slk:L\u2019ONU \u00ab\u00a0profond\u00e9ment inqui\u00e8te\u00a0\u00bb pour les droits humains face au virage des Etats-Unis;elm:context_link;itc:0;sec:content-canvas\" class=\"link \">L\u2019ONU \u00ab\u00a0profond\u00e9ment inqui\u00e8te\u00a0\u00bb pour les droits humains face au virage des Etats-Unis<\/a><br \/><a href=\"https:\/\/www.20minutes.fr\/monde\/4155960-20250528-koweit-emir-retire-nationalite-plus-37-000-habitants-surtout-femmes-inquiete-onu?at_medium=RSS%20feed&amp;at_campaign=ynews&amp;utm_source=yahoo&amp;utm_medium=rss&amp;utm_campaign=news_feed&amp;utm_content=related_content_link\" rel=\"nofollow noopener\" target=\"_blank\" data-ylk=\"slk:Kowe\u00eft\u00a0: L\u2019\u00e9mir retire la nationalit\u00e9 \u00e0 plus de 37.000 habitants (surtout des femmes) et inqui\u00e8te l\u2019ONU;elm:context_link;itc:0;sec:content-canvas\" class=\"link \">Kowe\u00eft\u00a0: L\u2019\u00e9mir retire la nationalit\u00e9 \u00e0 plus de 37.000 habitants (surtout des femmes) et inqui\u00e8te l\u2019ONU<\/a><\/p>\n","protected":false},"excerpt":{"rendered":"MAUVAIS \u00c9L\u00c8VE &#8211; Les Etats-Unis accusent la France, l\u2019Allemagne et le Royaume-Uni de restreindre la libert\u00e9 d\u2019expression dans&hellip;\n","protected":false},"author":2,"featured_media":314943,"comment_status":"","ping_status":"","sticky":false,"template":"","format":"standard","meta":{"footnotes":""},"categories":[1587],"tags":[11,672,1804,1805,1803,75,4625,73,1777,674,27,1801,3442,474,12,1802,473],"class_list":{"0":"post-314942","1":"post","2":"type-post","3":"status-publish","4":"format-standard","5":"has-post-thumbnail","7":"category-allemagne","8":"tag-actualites","9":"tag-allemagne","10":"tag-bundesrepublik-deutschland","11":"tag-de","12":"tag-deutschland","13":"tag-donald-trump","14":"tag-droits-humains","15":"tag-etats-unis","16":"tag-eu","17":"tag-europe","18":"tag-france","19":"tag-germany","20":"tag-lallemagne","21":"tag-liberte-dexpression","22":"tag-news","23":"tag-republique-federale-dallemagne","24":"tag-royaume-uni"},"share_on_mastodon":{"url":"https:\/\/pubeurope.com\/@fr\/115018220459820311","error":""},"_links":{"self":[{"href":"https:\/\/www.europesays.com\/fr\/wp-json\/wp\/v2\/posts\/314942","targetHints":{"allow":["GET"]}}],"collection":[{"href":"https:\/\/www.europesays.com\/fr\/wp-json\/wp\/v2\/posts"}],"about":[{"href":"https:\/\/www.europesays.com\/fr\/wp-json\/wp\/v2\/types\/post"}],"author":[{"embeddable":true,"href":"https:\/\/www.europesays.com\/fr\/wp-json\/wp\/v2\/users\/2"}],"replies":[{"embeddable":true,"href":"https:\/\/www.europesays.com\/fr\/wp-json\/wp\/v2\/comments?post=314942"}],"version-history":[{"count":0,"href":"https:\/\/www.europesays.com\/fr\/wp-json\/wp\/v2\/posts\/314942\/revisions"}],"wp:featuredmedia":[{"embeddable":true,"href":"https:\/\/www.europesays.com\/fr\/wp-json\/wp\/v2\/media\/314943"}],"wp:attachment":[{"href":"https:\/\/www.europesays.com\/fr\/wp-json\/wp\/v2\/media?parent=314942"}],"wp:term":[{"taxonomy":"category","embeddable":true,"href":"https:\/\/www.europesays.com\/fr\/wp-json\/wp\/v2\/categories?post=314942"},{"taxonomy":"post_tag","embeddable":true,"href":"https:\/\/www.europesays.com\/fr\/wp-json\/wp\/v2\/tags?post=314942"}],"curies":[{"name":"wp","href":"https:\/\/api.w.org\/{rel}","templated":true}]}}