{"id":31495,"date":"2025-04-17T10:56:10","date_gmt":"2025-04-17T10:56:10","guid":{"rendered":"https:\/\/www.europesays.com\/fr\/31495\/"},"modified":"2025-04-17T10:56:10","modified_gmt":"2025-04-17T10:56:10","slug":"elle-pulverise-deja-un-record-de-la-premiere-saison","status":"publish","type":"post","link":"https:\/\/www.europesays.com\/fr\/31495\/","title":{"rendered":"elle pulv\u00e9rise d\u00e9j\u00e0 un record de la premi\u00e8re saison"},"content":{"rendered":"<p>La premi\u00e8re saison de la s\u00e9rie The Last of Us est un succ\u00e8s critique majeur pour HBO. Les neuf \u00e9pisodes font honneur au jeu vid\u00e9o culte de Naughty Dog tout en parvenant \u00e0 se d\u00e9marquer du mat\u00e9riau d\u2019origine. Des millions de t\u00e9l\u00e9spectateurs attendaient donc la suite de l\u2019aventure dramatique de Joel et Ellie \u00e0 travers des \u00c9tats-Unis d\u00e9vast\u00e9s.<\/p>\n<p><a href=\"https:\/\/www.journaldugeek.com\/2025\/04\/10\/the-last-of-us-saison-2-choc-tension-emotion-que-vaut-vraiment-lepisode-1\/\" target=\"_blank\" rel=\"false noopener\">La deuxi\u00e8me saison de The Last of Us<\/a> est une adaptation partielle du jeu vid\u00e9o The Last of Us Part II. Le premier \u00e9pisode a fait son arriv\u00e9e sur Max ce 15 avril. <strong>Ce lancement a-t-il \u00e9t\u00e9 couronn\u00e9 de succ\u00e8s\u00a0?<\/strong> Les premiers chiffres communiqu\u00e9s par Deadline sont particuli\u00e8rement \u00e9loquents.<\/p>\n<p> Le premier \u00e9pisode de la saison 2 de The Last of Us fait un carton aux \u00c9tats-Unis <\/p>\n<p>Le m\u00e9dia Deadline s\u2019est pench\u00e9 sur les audiences du premier \u00e9pisode de la deuxi\u00e8me saison de The Last of Us aux \u00c9tats-Unis. Cet \u00e9pisode initial a rassembl\u00e9 <strong>5,3 millions de t\u00e9l\u00e9spectateurs am\u00e9ricains en cumul\u00e9 entre HBO et Max.<\/strong> Seul le tout premier \u00e9pisode de House of the Dragon fait mieux avec 9.98 millions de t\u00e9l\u00e9spectateurs devant leur \u00e9cran le jour de sa sortie. Le lancement de la premi\u00e8re saison de TLOU avait \u00e9t\u00e9 suivi par 4,7 millions de personnes outre-Atlantique. Une preuve que la qualit\u00e9 de la premi\u00e8re saison a renforc\u00e9 l\u2019engouement autour de la s\u00e9rie.<\/p>\n<p>Deadline rappelle que la saison 1 de The Last of Us a rassembl\u00e9 au total pr\u00e8s de 32 millions de t\u00e9l\u00e9spectateurs aux \u00c9tats-Unis. Il s\u2019agit tout simplement de la meilleure audience historique d\u2019une premi\u00e8re saison d\u2019une s\u00e9rie HBO et Max.<\/p>\n<p>Notez que l\u2019audience de la premi\u00e8re saison 1 a explos\u00e9 <strong>de 150\u00a0% entre la semaine du 7 avril et la pr\u00e9c\u00e9dente. <\/strong>Un signe que des retardataires ont voulu se mettre \u00e0 la page avant la sortie la saison 2\u2026 et que des t\u00e9l\u00e9spectateurs ont souhait\u00e9 se rafra\u00eechir la m\u00e9moire.<\/p>\n<\/p>\n<p>    <a href=\"https:\/\/www.youtube.com\/user\/JournalduGeek?sub_confirmation=1\" target=\"_blank\" rel=\"nofollow noopener\"><br \/>\n        S&rsquo;abonner \u00e0 Journal du Geek<br \/>\n    <\/a> <\/p>\n<p>\u00a0<\/p>\n<p>La deuxi\u00e8me saison de The Last of Us se d\u00e9roule <strong>cinq ans apr\u00e8s les \u00e9v\u00e9nements de la pr\u00e9c\u00e9dente. <\/strong>La relation de Joel et Ellie a nettement \u00e9volu\u00e9 tandis que le monde grouille toujours d\u2019infect\u00e9s. <a href=\"https:\/\/www.journaldugeek.com\/2025\/04\/10\/the-last-of-us-saison-2-quelle-est-la-duree-de-chaque-episode\/\" target=\"_blank\" rel=\"false noopener\">Les \u00e9pisodes de la saison 2 de The Last of Us seront plus courts<\/a> que ceux de la saison pr\u00e9c\u00e9dente, mais la tension devrait \u00eatre tout aussi palpable.<\/p>\n<p>Les cr\u00e9ateurs Neil Druckmann et Craig Mazin parviendront-ils \u00e0 conqu\u00e9rir les t\u00e9l\u00e9spectateurs comme l\u2019a fait The Last of Us Part II\u00a0? R\u00e9ponse dans les prochaines semaines. Un nouvel \u00e9pisode de <a href=\"https:\/\/www.journaldugeek.com\/2025\/04\/02\/the-last-of-us-ou-et-comment-regarder-la-saison-2\/\" target=\"_blank\" rel=\"false noopener\">The Last of Us sortira tous les lundis sur Max<\/a> jusqu\u2019au 26 mai prochain.<\/p>\n<blockquote>\n<p class=\"text-base text-neutral-700 dark:text-neutral-300\">\ud83d\udfe3 Pour ne manquer aucune news sur le Journal du Geek, abonnez-vous sur <a href=\"https:\/\/news.google.com\/publications\/CAAqBwgKMNr_hAswwYyCAw?hl=fr&amp;gl=FR&amp;ceid=FR%3Afr\" target=\"_blank\" rel=\"noopener\">Google Actualit\u00e9s<\/a> et sur <a href=\"https:\/\/whatsapp.com\/channel\/0029VaClM5y4tRry12tb7D2h\" target=\"_blank\" rel=\"noopener\">notre WhatsApp<\/a>. Et si vous nous adorez, on a <a href=\"https:\/\/www.journaldugeek.com\/newsletter\/\" target=\"_blank\" rel=\"noopener\">une newsletter tous les matins<\/a>.<\/p>\n<\/blockquote>\n","protected":false},"excerpt":{"rendered":"La premi\u00e8re saison de la s\u00e9rie The Last of Us est un succ\u00e8s critique majeur pour HBO. Les&hellip;\n","protected":false},"author":2,"featured_media":31496,"comment_status":"","ping_status":"","sticky":false,"template":"","format":"standard","meta":{"footnotes":""},"categories":[8],"tags":[58,59,1011,27,5547,5549,187,179],"class_list":{"0":"post-31495","1":"post","2":"type-post","3":"status-publish","4":"format-standard","5":"has-post-thumbnail","7":"category-divertissement","8":"tag-divertissement","9":"tag-entertainment","10":"tag-fr","11":"tag-france","12":"tag-hbo","13":"tag-max","14":"tag-the-last-of-us","15":"tag-the-last-of-us-part-ii"},"share_on_mastodon":{"url":"https:\/\/pubeurope.com\/@fr\/114352946251581850","error":""},"_links":{"self":[{"href":"https:\/\/www.europesays.com\/fr\/wp-json\/wp\/v2\/posts\/31495","targetHints":{"allow":["GET"]}}],"collection":[{"href":"https:\/\/www.europesays.com\/fr\/wp-json\/wp\/v2\/posts"}],"about":[{"href":"https:\/\/www.europesays.com\/fr\/wp-json\/wp\/v2\/types\/post"}],"author":[{"embeddable":true,"href":"https:\/\/www.europesays.com\/fr\/wp-json\/wp\/v2\/users\/2"}],"replies":[{"embeddable":true,"href":"https:\/\/www.europesays.com\/fr\/wp-json\/wp\/v2\/comments?post=31495"}],"version-history":[{"count":0,"href":"https:\/\/www.europesays.com\/fr\/wp-json\/wp\/v2\/posts\/31495\/revisions"}],"wp:featuredmedia":[{"embeddable":true,"href":"https:\/\/www.europesays.com\/fr\/wp-json\/wp\/v2\/media\/31496"}],"wp:attachment":[{"href":"https:\/\/www.europesays.com\/fr\/wp-json\/wp\/v2\/media?parent=31495"}],"wp:term":[{"taxonomy":"category","embeddable":true,"href":"https:\/\/www.europesays.com\/fr\/wp-json\/wp\/v2\/categories?post=31495"},{"taxonomy":"post_tag","embeddable":true,"href":"https:\/\/www.europesays.com\/fr\/wp-json\/wp\/v2\/tags?post=31495"}],"curies":[{"name":"wp","href":"https:\/\/api.w.org\/{rel}","templated":true}]}}