{"id":314954,"date":"2025-08-12T22:51:13","date_gmt":"2025-08-12T22:51:13","guid":{"rendered":"https:\/\/www.europesays.com\/fr\/314954\/"},"modified":"2025-08-12T22:51:13","modified_gmt":"2025-08-12T22:51:13","slug":"volleyball-de-plage-le-retour-des-championnes-brandie-wilkerson-et-melissa-humana-paredes","status":"publish","type":"post","link":"https:\/\/www.europesays.com\/fr\/314954\/","title":{"rendered":"Volleyball de plage | Le retour des championnes Brandie Wilkerson et Melissa Humana-Paredes"},"content":{"rendered":"<p class=\"lead textModule textModule--type-lead \" style=\"\">Brandie Wilkerson et Melissa Humana-Paredes ont appris \u00e0 gagner au cours des deux derni\u00e8res ann\u00e9es. In\u00e9vitablement, elles ont aussi appris en perdant. Monter sur le podium olympique leur a offert plus de visibilit\u00e9 et davantage de responsabilit\u00e9s. Mais la pression, comme une canicule en plein \u00e9t\u00e9, peut aussi g\u00e2cher les plus belles journ\u00e9es.<\/p>\n<p>                    Publi\u00e9 \u00e0 16\u00a0h\u00a053<\/p>\n<p>    <a class=\"print\" href=\"https:\/\/www.lapresse.ca\/sports\/2025-08-12\/volleyball-de-plage\/javascript:window.print();\" title=\"Imprimer la page\" rel=\"nofollow noopener\" target=\"_blank\"><\/p>\n<p>        <img loading=\"lazy\" decoding=\"async\" width=\"16\" height=\"18\" src=\"https:\/\/www.europesays.com\/fr\/wp-content\/uploads\/2025\/04\/share-icon.png\" alt=\"Partager\"\/><\/p>\n<p class=\"paragraph textModule textModule--type-paragraph \" style=\"\">\u00c0 l\u2019\u00e9t\u00e9\u00a02023, lors de la premi\u00e8re \u00e9dition du tournoi Elite\u00a016 de Montr\u00e9al, du Beach Pro Tour, Wilkerson et Humana-Paredes ont remport\u00e9 leur premi\u00e8re comp\u00e9tition c\u00f4te \u00e0 c\u00f4te. Et il y a un an, presque exactement, elles ont perdu l\u2019or olympique sur le Champ-de-Mars de Paris, au pied de la tour Eiffel, devant plus de 10\u00a0000\u00a0personnes. Elles \u00e9taient \u00e0 cinq points de gravir une marche suppl\u00e9mentaire sur le podium.<\/p>\n<p class=\"paragraph textModule textModule--type-paragraph \" style=\"\">Mardi, les Ontariennes ont rencontr\u00e9 les membres des m\u00e9dias \u00e0 la veille du d\u00e9but de la deuxi\u00e8me \u00e9dition du tournoi montr\u00e9alais accueillant les 16\u00a0meilleures \u00e9quipes au monde. Ni Wilkerson ni Humana-Paredes ne portaient autour du cou la m\u00e9daille argent\u00e9e gagn\u00e9e en France.<\/p>\n<p>    <video id=\"video-689bc55cc200b\" class=\"video-js vjs-default-skin vjs-fluid vjs-big-play-centered&#10;                 vjs-16-9&#10;                \" data-article-ids=\"[\" data-video-id=\"b37639d773844b7892cc000fa0099201\" data-video-title=\"Volleyball de plage \u00e0 Montr\u00e9al (1)\" data-video-should-skip-pub=\"true\" data-video-duration=\"18\" data-video-ad-keywords=\"video0-30\" data-video-position=\"2\" data-page-type=\"article\" data-page-view=\"desktop\" data-is-header=\"false\" poster=\"https:\/\/mobile-img.lpcdn.ca\/v2\/828x\/r6b66\/91c691a19ac83a7fb89b4f1de6cfd316.jpg\" data-video-encodings=\"{&quot;application\\\/x-mpegURL&quot;:{&quot;src&quot;:&quot;https:\\\/\\\/content.uplynk.com\\\/b37639d773844b7892cc000fa0099201.m3u8?tc=1&amp;exp=1755039368&amp;rn=713112946&amp;ct=a&amp;cid=b37639d773844b7892cc000fa0099201&amp;rays=dcba&amp;sig=f282f5ac2c42e8b032221a62b52e0afa632d20081937dd2e766fa58b2062641c&quot;,&quot;type&quot;:&quot;application\\\/x-mpegURL&quot;}}\" data-controls=\"true\" data-muted=\"false\" data-autoplay-setting=\"NO_AUTOPLAY\" data-loop=\"false\" controls=\"\" width=\"654\" height=\"367\"><br \/>\n        D\u00e9sol\u00e9, votre navigateur ne supporte pas les videos<br \/>\n    <\/video>\n<\/p>\n<p class=\"paragraph textModule textModule--type-paragraph \" style=\"\">Sur le circuit, ont-elles avou\u00e9, la mani\u00e8re dont elles sont per\u00e7ues a chang\u00e9. Il y a deux ans, elles \u00e9taient les t\u00eates d\u2019affiche de la comp\u00e9tition, parce qu\u2019elles sont canadiennes. Cette fois, elles le sont parce qu\u2019elles ont rafl\u00e9 une m\u00e9daille olympique pour leur pays.<\/p>\n<p class=\"paragraph textModule textModule--type-paragraph \" style=\"\">\u00ab\u00a0J\u2019aime le changement, mais ce changement est plus comme une progression naturelle\u00a0\u00bb, a indiqu\u00e9 Wilkerson \u00e0 La\u00a0Presse, pr\u00e8s du court central.<\/p>\n<p class=\"epigraph textModule textModule--type-epigraph \" style=\"\">Leur vie n\u2019est plus la m\u00eame depuis les derniers Jeux. Or, \u00ab\u00a0la plus grande diff\u00e9rence, c\u2019est \u00e0 l\u2019ext\u00e9rieur du terrain\u00a0\u00bb, note Humana-Paredes.<\/p>\n<p class=\"paragraph textModule textModule--type-paragraph \" style=\"\">D\u2019apr\u00e8s celle qui agit encore cette ann\u00e9e comme l\u2019une des meilleures joueuses d\u00e9fensives du circuit, \u00ab\u00a0il faut s\u2019assurer de construire et vivre dans un environnement gagnant pour bien performer sur le terrain. \u00c7a nous a rendues encore plus affam\u00e9es. Et \u00e7a nous a confirm\u00e9 qu\u2019on \u00e9tait sur la bonne voie\u00a0\u00bb.<\/p>\n<p class=\"paragraph textModule textModule--type-paragraph \" style=\"\">Dans un tel contexte, Wilkerson veut aussi s\u2019assurer de paver la voie pour les g\u00e9n\u00e9rations futures. Comme aucune Canadienne n\u2019\u00e9tait d\u00e9j\u00e0 mont\u00e9e sur un podium olympique en volleyball de plage, l\u2019athl\u00e8te de 33\u00a0ans a senti la pression d\u2019un pays en entier lorsqu\u2019elle s\u2019est pench\u00e9e au moment de recevoir la m\u00e9daille. Lorsqu\u2019elle s\u2019est relev\u00e9e, la m\u00e9daille reposait sur sa poitrine et elle savait qu\u2019elle venait d\u2019h\u00e9riter d\u2019une nouvelle mission.<\/p>\n<p class=\"paragraph textModule textModule--type-paragraph \" style=\"\">\u00ab\u00a0\u00c7a nous donne aussi plus de responsabilit\u00e9s, pr\u00e9cise-t-elle. Je peux maintenant \u00eatre une ambassadrice pour le sport au Canada et ailleurs dans le monde. Il y a eu des gens avant nous et c\u2019est notre responsabilit\u00e9 de penser aux gens qui viendront apr\u00e8s nous. \u00c7a nous force \u00e0 \u00eatre plus s\u00e9rieuses.\u00a0\u00bb<\/p>\n<p>                    Reprendre le pas<\/p>\n<p class=\"paragraph textModule textModule--type-paragraph \" style=\"\">Le duo canadien n\u2019a disput\u00e9 que quatre tournois cette saison. C\u2019est pourquoi il faut faire d\u00e9filer la page du classement mondial de Volleyball World pour le trouver au 35e\u00a0rang.<\/p>\n<p class=\"paragraph textModule textModule--type-paragraph \" style=\"\">Un rang qui, m\u00eame selon les dires des joueuses et des joueurs du circuit, n\u2019a rien \u00e0 voir avec la r\u00e9alit\u00e9. Contrairement au tennis, le classement mondial ne refl\u00e8te pas r\u00e9ellement les forces en puissance.<\/p>\n<p class=\"paragraph textModule textModule--type-paragraph \" style=\"\">\u00ab\u00a0Je pense que \u00e7a se passe vraiment bien\u00a0\u00bb, estime Wilkerson \u00e0 propos de leur saison. M\u00eame si le duo n\u2019a jamais fait mieux qu\u2019une cinqui\u00e8me place, et ce, \u00e0 trois reprises.<\/p>\n<p class=\"quoteText\" style=\"\">Est-ce que tous les tournois se sont termin\u00e9s de la mani\u00e8re souhait\u00e9e\u00a0? Non.<\/p>\n<p class=\"quoteSource\" style=\"\">\n            Brandie Wilkerson\n        <\/p>\n<p class=\"paragraph textModule textModule--type-paragraph \" style=\"\">Selon elle, \u00ab\u00a0les m\u00e9daill\u00e9es d\u2019argent aux Olympiques ont un parcours plus particulier que n\u2019importe quelle autre \u00e9quipe. L\u2019exp\u00e9rience est diff\u00e9rente et parfois \u00e7a peut \u00eatre compliqu\u00e9. Nos standards sont \u00e9lev\u00e9s dor\u00e9navant et on veut en tirer profit d\u2019ici les prochains Jeux\u00a0\u00bb.<\/p>\n<p class=\"paragraph textModule textModule--type-paragraph \" style=\"\">\u00c0 ce sujet, Humana-Paredes explique que, dans cette qu\u00eate de nouveaux objectifs, \u00ab\u00a0le plus difficile, c\u2019est la constance\u00a0\u00bb. De devoir, jour apr\u00e8s jour, rehausser le niveau sans rel\u00e2cher. \u00ab\u00a0Et ce, pour les quatre prochaines ann\u00e9es. Bien jouer tous les jours, c\u2019est compliqu\u00e9.\u00a0\u00bb<\/p>\n<p>                    La Qu\u00e9b\u00e9coise qui veut gagner<\/p>\n<p>                                        <img decoding=\"async\" src=\"https:\/\/www.europesays.com\/fr\/wp-content\/uploads\/2025\/08\/a3e06aa820ee364a92203c28c81aa1ae.jpg\" alt=\"\" class=\"photoModule__visual\" itemprop=\"contentUrl url\"\/><\/p>\n<p class=\"credit photoModule__caption photoModule__caption--credit\" style=\"\">\n                    PHOTO MARTIN TREMBLAY, LA PRESSE\n                <\/p>\n<p class=\"description photoModule__caption photoModule__caption--description\" style=\"\">\n                    Marie-Alex B\u00e9langer et Lea Monkhouse\n                <\/p>\n<p class=\"paragraph textModule textModule--type-paragraph \" style=\"\">Marie-Alex B\u00e9langer a fait un choix d\u00e9chirant en 2022. Apr\u00e8s plusieurs ann\u00e9es \u00e0 \u00e9voluer \u00e0 l\u2019int\u00e9rieur, la Qu\u00e9b\u00e9coise a amorc\u00e9 sa carri\u00e8re sur le sable avec l\u2019ambition de devenir l\u2019une des meilleures joueuses au monde.<\/p>\n<p class=\"epigraph textModule textModule--type-epigraph \" style=\"\">\u00c0 32\u00a0ans, l\u2019athl\u00e8te de Saint-Alphonse-Rodriguez, dans Lanaudi\u00e8re, fera partie du tableau principal du tournoi avec sa co\u00e9quipi\u00e8re Lea Monkhouse. Il s\u2019agira pour B\u00e9langer d\u2019une premi\u00e8re comp\u00e9tition internationale pr\u00e9sent\u00e9e en sol qu\u00e9b\u00e9cois depuis son transfert.<\/p>\n<p class=\"paragraph textModule textModule--type-paragraph \" style=\"\">\u00ab\u00a0On n\u2019a pas de limite, lance l\u2019ancienne de l\u2019Universit\u00e9 de Montr\u00e9al. \u00c0 chaque fois, on veut le podium. On s\u2019est d\u00e9j\u00e0 qualifi\u00e9es pour le Elite\u00a016, alors on sait qu\u2019on a notre place ici. Notre but est de sortir du groupe, et ensuite, gagner en \u00e9liminatoires.\u00a0\u00bb<\/p>\n<p class=\"paragraph textModule textModule--type-paragraph \" style=\"\">Dans les faits, le duo canadien est parmi les moins bien class\u00e9es du tournoi. Son meilleur rendement cette saison dans un tournoi de cat\u00e9gorie identique est une 17e\u00a0place. Toutefois, victoire ou non, B\u00e9langer sourit d\u00e9j\u00e0 \u00e0 l\u2019id\u00e9e de pouvoir jouer devant de jeunes joueuses qui aspirent \u00e0 vivre le m\u00eame r\u00eave qu\u2019elle. \u00ab\u00a0De montrer aux gens qu\u2019il n\u2019y a pas un parcours qui vaut mieux que l\u2019autre, c\u2019est vraiment cool.\u00a0\u00bb<\/p>\n<p class=\"paragraph textModule textModule--type-paragraph \" style=\"\">N\u00e9anmoins, B\u00e9langer veut gagner. Elle veut surtout gravir les \u00e9chelons le plus rapidement possible. Au volleyball int\u00e9rieur, \u00ab\u00a0les athl\u00e8tes ont une limite\u00a0\u00bb, dit-elle \u00e0 propos de l\u2019\u00e2ge des joueuses. Alors que dans cette nouvelle discipline, des athl\u00e8tes dans la trentaine peuvent tirer leur \u00e9pingle du jeu. \u00c0 Paris, trois des six m\u00e9daill\u00e9es, dont Wilkerson et Humana-Paredes, avaient plus de 30\u00a0ans.<\/p>\n<p class=\"paragraph textModule textModule--type-paragraph \" style=\"\">Mais comme elle est nouvelle dans cet environnement comp\u00e9titif, B\u00e9langer joue avec une certaine urgence. \u00ab\u00a0Parfois, \u00e7a me fait r\u00e9aliser que je n\u2019ai pas tant de temps que \u00e7a, alors je veux en profiter, mettre les bouch\u00e9es doubles et travailler plus fort. Mais tant que le c\u0153ur veut et que le corps peut, j\u2019y vais\u00a0!\u00a0\u00bb<\/p>\n<p class=\"subhead textModule textModule--type-subhead&#10;    \" style=\"\">Du sable dans l\u2019\u00e9pingle<\/p>\n<p class=\"paragraph textModule textModule--type-paragraph&#10;    \" style=\"\">Il y a deux ans, le site de comp\u00e9tition avait \u00e9t\u00e9 construit devant les paddocks du circuit Gilles-Villeneuve, au sud de la piste. Cette fois, le court central a \u00e9t\u00e9 b\u00e2ti au nord, dans l\u2019\u00e9pingle, pr\u00e8s du Bassin olympique et \u00e0 proximit\u00e9 des axes routiers et des points d\u2019acc\u00e8s du transport en commun.<\/p>\n<p class=\"paragraph textModule textModule--type-paragraph&#10;    \" style=\"\">Une partie des gradins utilis\u00e9s pour la Formule\u00a01 serviront \u00e0 asseoir les partisans jusqu\u2019\u00e0 dimanche. Au total, 3500\u00a0personnes par jour pourront assister aux matchs sur le court central. Jusqu\u2019\u00e0 pr\u00e9sent, 92\u00a0% des billets ont trouv\u00e9 preneurs, selon les organisateurs. Dans l\u2019\u00e9pingle, quatre terrains d\u2019entra\u00eenement ont \u00e9t\u00e9 am\u00e9nag\u00e9s et six jours ont \u00e9t\u00e9 n\u00e9cessaires \u00e0 la construction du site.<\/p>\n","protected":false},"excerpt":{"rendered":"Brandie Wilkerson et Melissa Humana-Paredes ont appris \u00e0 gagner au cours des deux derni\u00e8res ann\u00e9es. In\u00e9vitablement, elles ont&hellip;\n","protected":false},"author":2,"featured_media":314955,"comment_status":"","ping_status":"","sticky":false,"template":"","format":"standard","meta":{"footnotes":""},"categories":[1417],"tags":[1011,27,60,1470,1469],"class_list":{"0":"post-314954","1":"post","2":"type-post","3":"status-publish","4":"format-standard","5":"has-post-thumbnail","7":"category-volley","8":"tag-fr","9":"tag-france","10":"tag-sports","11":"tag-volley","12":"tag-volleyball"},"share_on_mastodon":{"url":"https:\/\/pubeurope.com\/@fr\/115018248070095764","error":""},"_links":{"self":[{"href":"https:\/\/www.europesays.com\/fr\/wp-json\/wp\/v2\/posts\/314954","targetHints":{"allow":["GET"]}}],"collection":[{"href":"https:\/\/www.europesays.com\/fr\/wp-json\/wp\/v2\/posts"}],"about":[{"href":"https:\/\/www.europesays.com\/fr\/wp-json\/wp\/v2\/types\/post"}],"author":[{"embeddable":true,"href":"https:\/\/www.europesays.com\/fr\/wp-json\/wp\/v2\/users\/2"}],"replies":[{"embeddable":true,"href":"https:\/\/www.europesays.com\/fr\/wp-json\/wp\/v2\/comments?post=314954"}],"version-history":[{"count":0,"href":"https:\/\/www.europesays.com\/fr\/wp-json\/wp\/v2\/posts\/314954\/revisions"}],"wp:featuredmedia":[{"embeddable":true,"href":"https:\/\/www.europesays.com\/fr\/wp-json\/wp\/v2\/media\/314955"}],"wp:attachment":[{"href":"https:\/\/www.europesays.com\/fr\/wp-json\/wp\/v2\/media?parent=314954"}],"wp:term":[{"taxonomy":"category","embeddable":true,"href":"https:\/\/www.europesays.com\/fr\/wp-json\/wp\/v2\/categories?post=314954"},{"taxonomy":"post_tag","embeddable":true,"href":"https:\/\/www.europesays.com\/fr\/wp-json\/wp\/v2\/tags?post=314954"}],"curies":[{"name":"wp","href":"https:\/\/api.w.org\/{rel}","templated":true}]}}