{"id":314956,"date":"2025-08-12T22:52:07","date_gmt":"2025-08-12T22:52:07","guid":{"rendered":"https:\/\/www.europesays.com\/fr\/314956\/"},"modified":"2025-08-12T22:52:07","modified_gmt":"2025-08-12T22:52:07","slug":"rugby-nationale-a-dix-jours-du-debut-du-championnat-le-racing-club-narbonnais-se-veut-rassurant-malgre-un-score-lourd-lindependant","status":"publish","type":"post","link":"https:\/\/www.europesays.com\/fr\/314956\/","title":{"rendered":"Rugby \u2013 Nationale : \u00e0 dix jours du d\u00e9but du championnat, le Racing Club Narbonnais se veut rassurant malgr\u00e9 un score lourd &#8211; L&#039;Ind\u00e9pendant"},"content":{"rendered":"<ol>\n<li><a href=\"https:\/\/news.google.com\/rss\/articles\/CBMi_gFBVV95cUxQT0U0d0JqM21wOU1qc3dyNXhHN2l6Y19nTkJhazRsUVA4R1dLUW14M3lxbUNaMmZsLWhBM1QzNEJLMVZuR0duaVdYTEVKU1IyTVEyNVNfalhudEIwak55YnpCMTB2MDZXaGlKWHhXRGxPZzRjdTJzWmpmX2NQRFlscEtjVjVZblgtWHlJeXRLN1R5RUNzUVZ6UTVSV0NZX256QkpGSmpTNHZ6OTVBVTZKTmZ2SDh4d0c2bW5QSTgxWTNWWHZlVTVBcXhfR3pzWlNrTUhfWm14VE96Y0FlOXhjRHBJM0JwRHkwbTVJdnQxcUZES0s1NEJjcUp3RTBIZw?oc=5\" target=\"_blank\" rel=\"nofollow noopener\">Rugby \u2013 Nationale : \u00e0 dix jours du d\u00e9but du championnat, le Racing Club Narbonnais se veut rassurant malgr\u00e9 un score lourd<\/a>&nbsp;&nbsp;L&rsquo;Ind\u00e9pendant<\/li>\n<li><a href=\"https:\/\/news.google.com\/rss\/articles\/CBMi-gFBVV95cUxPc2otUW9vdjZ6TDI4eDdDQTdMek5xWjBqVDNaVnE5a3hqZVMtMVVMMFgwQnh2OWFOQWluOVp5V0JuajdadlBiQzM0ZE4zZG42bU1lclVTQWJvME1BZDBSN3VWUTFITXYzMWRCQ2hEaDd2TE5tazVLVmZEeDRWSE4xOHZTU0M4ME9rMFJmTTk1T0JzWUh6S1lnN29Ud1VmelNfeWtzc3VwUWtDUkQwR2N4RnJMVEd5VzR4QzluVzdYQU5sYXVqR3U3NlJCdHRZY1BucTlvcFJqN1lRSzFLWTRKc2lxNkw5d0EteUstZ2dTalpPZ0k0YW1DR0pn?oc=5\" target=\"_blank\" rel=\"nofollow noopener\">Rugby \u2013 Nationale : pour son dernier match de pr\u00e9paration, le Racing Club Narbonnais n\u2019a tenu qu\u2019une heure face \u00e0 B\u00e9ziers<\/a>&nbsp;&nbsp;L&rsquo;Ind\u00e9pendant<\/li>\n<li><a href=\"https:\/\/news.google.com\/rss\/articles\/CBMivwFBVV95cUxNb0Z6SVI2eVViMjk4cGsycHYwQ05GV29ocVhOeHc4WG9GaWlGaHdha1ZLbm14MGdPdkxiNTZrWkxPRjFQQ19jTE9xR2pTMXU3c3dFd0tuZ29Jb2hraHNaaTIwS0dsWWJKU1lLeEN4OVhrTlJnSW5ZckFEcm9uVlJNVEI4MGhXTkxVNkh3dmJQMndTMDQxUmlSM1VRRjdtVzF0VVlSVmgxMExVbmVBdnNoZjF4WE9FbnF5bi02X1c4UQ?oc=5\" target=\"_blank\" rel=\"nofollow noopener\">ASBH \u2013 Narbonne : le derby de la feria pour lancer une nouvelle \u00e8re \u00e0 B\u00e9ziers<\/a>&nbsp;&nbsp;Midi Libre<\/li>\n<li><a href=\"https:\/\/news.google.com\/rss\/articles\/CBMihgFBVV95cUxOZk5tZjJIUURXZVY3ODNoVFhWaFdNMm15azVhbUxwVWxzSzVXOUdEd2YyMzN4YTlvMGd4MnZSMmI3VmlHdEM2ZkJQekV2T3ExTXpkM2RkYW1aelZPbWRYVXgwVF95OEdjNXhjWVFIWldMZkhITUY0YjhYQkw3SUZFOWlTSUVPQQ?oc=5\" target=\"_blank\" rel=\"nofollow noopener\">Rugby \u00e0 XV : un derby entre Narbonne et B\u00e9ziers avant le grand d\u00e9part<\/a>&nbsp;&nbsp;ladepeche.fr<\/li>\n<li><a href=\"https:\/\/news.google.com\/rss\/articles\/CBMi8AFBVV95cUxPNGpzSUdtcF9YZUNYU1dnRE95dHcxNFhYMDNkc09JczJmYUQtSW1jcWZOaHR1RGdYYXZNVlRNRzZmUnJoVEhGRklNYkZGOUUzY0s4RlZCb2ZQdzlpZERWcElvMDdTNlRvTFNJaVVTU1djOFkzSXBTb2FGMldTMzRIbEZSMTV3ZmVZY1hQanV4TlM2d2d4U19kNlJVWmJIYUFfaVZWWmZhVUg5Wm5wTGVnTldGdllmWGttTndQSnlRZHFGUVVpRFJuM1F1N3NxeU81MmE4NENESDhuaHBsSXJScmtWZTV2NkxVdkJ0RkNITi0?oc=5\" target=\"_blank\" rel=\"nofollow noopener\">\u00ab\u00a0On est l\u00e0 pour gagner\u00a0\u00bb : les Biterrois motiv\u00e9s avant le match de la Feria face \u00e0 Narbonne au stade Raoul-Barri\u00e8re<\/a>&nbsp;&nbsp;Midi Libre<\/li>\n<\/ol>\n","protected":false},"excerpt":{"rendered":"Rugby \u2013 Nationale : \u00e0 dix jours du d\u00e9but du championnat, le Racing Club Narbonnais se veut rassurant&hellip;\n","protected":false},"author":2,"featured_media":1445,"comment_status":"","ping_status":"","sticky":false,"template":"","format":"standard","meta":{"footnotes":""},"categories":[1416],"tags":[1011,27,479,1468,60],"class_list":{"0":"post-314956","1":"post","2":"type-post","3":"status-publish","4":"format-standard","5":"has-post-thumbnail","7":"category-rugby","8":"tag-fr","9":"tag-france","10":"tag-rugby","11":"tag-rugby-football","12":"tag-sports"},"share_on_mastodon":{"url":"https:\/\/pubeurope.com\/@fr\/115018251882008711","error":""},"_links":{"self":[{"href":"https:\/\/www.europesays.com\/fr\/wp-json\/wp\/v2\/posts\/314956","targetHints":{"allow":["GET"]}}],"collection":[{"href":"https:\/\/www.europesays.com\/fr\/wp-json\/wp\/v2\/posts"}],"about":[{"href":"https:\/\/www.europesays.com\/fr\/wp-json\/wp\/v2\/types\/post"}],"author":[{"embeddable":true,"href":"https:\/\/www.europesays.com\/fr\/wp-json\/wp\/v2\/users\/2"}],"replies":[{"embeddable":true,"href":"https:\/\/www.europesays.com\/fr\/wp-json\/wp\/v2\/comments?post=314956"}],"version-history":[{"count":0,"href":"https:\/\/www.europesays.com\/fr\/wp-json\/wp\/v2\/posts\/314956\/revisions"}],"wp:featuredmedia":[{"embeddable":true,"href":"https:\/\/www.europesays.com\/fr\/wp-json\/wp\/v2\/media\/1445"}],"wp:attachment":[{"href":"https:\/\/www.europesays.com\/fr\/wp-json\/wp\/v2\/media?parent=314956"}],"wp:term":[{"taxonomy":"category","embeddable":true,"href":"https:\/\/www.europesays.com\/fr\/wp-json\/wp\/v2\/categories?post=314956"},{"taxonomy":"post_tag","embeddable":true,"href":"https:\/\/www.europesays.com\/fr\/wp-json\/wp\/v2\/tags?post=314956"}],"curies":[{"name":"wp","href":"https:\/\/api.w.org\/{rel}","templated":true}]}}