{"id":314966,"date":"2025-08-12T22:59:10","date_gmt":"2025-08-12T22:59:10","guid":{"rendered":"https:\/\/www.europesays.com\/fr\/314966\/"},"modified":"2025-08-12T22:59:10","modified_gmt":"2025-08-12T22:59:10","slug":"george-et-amal-clooney-en-italie-le-couple-star-fait-casquer-pour-diner-avec-eux-mais-cest-pour-la-bonne-cause","status":"publish","type":"post","link":"https:\/\/www.europesays.com\/fr\/314966\/","title":{"rendered":"George et Amal Clooney en Italie : le couple star fait casquer pour d\u00eener avec eux mais c\u2019est pour la bonne cause"},"content":{"rendered":"<p>Amal et <a href=\"https:\/\/www.closermag.fr\/people\/george-et-amal-clooney-leur-mariage-un-tissu-de-mensonges-declarations-trop-belles-pour-etre-vraies-3538843\" target=\"_blank\" rel=\"noopener\"><br \/>\nGeorge Clooney<\/a> ont imagin\u00e9 une <strong>soir\u00e9e<br \/>\nultra-exclusive<\/strong> sur les rives du lac de C\u00f4me, au profit<br \/>\nd\u2019une cause qui leur tient \u00e0 c\u0153ur. Install\u00e9 dans leur somptueuse<br \/>\npropri\u00e9t\u00e9 de Laglio, le couple ouvre exceptionnellement les portes<br \/>\nde son univers \u00e0 quelques privil\u00e9gi\u00e9s pr\u00eats \u00e0 d\u00e9bourser une<br \/>\ncertaine somme \u00a0pour vivre cette exp\u00e9rience unique.<\/p>\n<p>L\u2019int\u00e9gralit\u00e9 des fonds r\u00e9colt\u00e9s sera revers\u00e9e \u00e0 la <a href=\"https:\/\/www.closermag.fr\/people\/vous-en-reviez-george-et-amal-clooney-vous-proposent-un-double-rendez-vous-pour-977112\" target=\"_blank\" rel=\"noopener\"><br \/>\nClooney Foundation for Justice<\/a>. Cette organisation \u0153uvre pour<br \/>\nd\u00e9fendre les droits humains \u00e0 travers le monde. Elle propose<br \/>\nnotamment un<strong>e assistance juridique gratuite<\/strong> aux<br \/>\njournalistes emprisonn\u00e9s \u00e0 tort. Elle soutient aussi des<br \/>\nassociations engag\u00e9es pour les droits des femmes.<\/p>\n<p>Amal et George Clooney, soir\u00e9e<br \/>\nglamour sur les rives du lac de C\u00f4me<\/p>\n<p data-start=\"169\" data-end=\"1322\">Dimanche soir, Amal et George<br \/>\nClooney ont offert un v\u00e9ritable moment de glamour hollywoodien lors<br \/>\nd\u2019un d\u00eener \u00e0 leur adresse f\u00e9tiche, au bord du lac de C\u00f4me. La<br \/>\nc\u00e9l\u00e8bre avocate en droits humains a \u00e9bloui dans une somptueuse robe<br \/>\nblanche \u00e0 franges sign\u00e9e <strong>Giambattista Valli<\/strong>, aux<br \/>\naccents ann\u00e9es 1920 et manches d\u00e9nud\u00e9es, qui \u00e9pousait parfaitement<br \/>\nsa silhouette.<\/p>\n<p data-start=\"169\" data-end=\"1322\"><a href=\"https:\/\/www.closermag.fr\/people\/george-clooney-metamorphose-sa-femme-amal-et-leurs-jumeaux-vraiment-pas-fans-rien-de-plus-vieillot-3526776\" target=\"_blank\" rel=\"noopener\"><br \/>\nL&rsquo;acteur<\/a> affichait quant \u00e0 lui son \u00e9l\u00e9gance l\u00e9gendaire dans un<br \/>\ncostume gris associ\u00e9 \u00e0 une chemise ray\u00e9e. Un look \u00e0 la fois simple<br \/>\net terriblement raffin\u00e9. Le couple a \u00e9t\u00e9 vu montant \u00e0 bord d\u2019un<br \/>\nbateau, profitant de la douceur de la soir\u00e9e italienne. Mari\u00e9s<br \/>\ndepuis neuf ans, George et Amal Clooney poss\u00e8dent une<br \/>\n<strong>somptueuse villa \u00e0 Laglio<\/strong>, au bord du <a href=\"https:\/\/www.closermag.fr\/people\/george-et-amal-clooney-var-lac-de-come-quelle-est-la-maison-la-plus-chere-du-couple-3549354\" target=\"_blank\" rel=\"noopener\"><br \/>\nlac de C\u00f4me<\/a>.<\/p>\n<p>Un<br \/>\ns\u00e9jour caritatif d\u2019exception \u00e0 six chiffres<\/p>\n<p data-start=\"1382\" data-end=\"2576\">L\u2019\u00e9v\u00e9nement, limit\u00e9 \u00e0<br \/>\nseulement seize participants tri\u00e9s sur le volet, est pr\u00e9sent\u00e9 comme<br \/>\nune \u00ab\u00a0exp\u00e9rience philanthropique\u00a0\u00bb autour du couple. Pendant<br \/>\nquatre jours, les invit\u00e9s profiteront de v<strong>ins d\u2019exception<br \/>\net de gastronomie raffin\u00e9e<\/strong>. Ils profiteront \u00e9galement de<br \/>\nd\u00e9cors \u00e0 couper le souffle. Dans une atmosph\u00e8re \u00e0 la fois intime et<br \/>\ninspirante, ils \u00e9changeront sur les grands enjeux mondiaux avec<br \/>\n<a href=\"https:\/\/www.closermag.fr\/people\/voisins-de-stars-george-et-amal-clooney-sont-les-pires-voisins-que-lon-peut-avoir-3558964\" target=\"_blank\" rel=\"noopener\"><br \/>\nAmal<\/a> et George. Le programme inclut un d\u00eener \u00e0 la mythique<br \/>\nVilla del Balbianello, une soir\u00e9e au Teatro Sociale di Como et des<br \/>\nperformances musicales et artistiques.<\/p>\n<p data-start=\"1382\" data-end=\"2576\">Les participants auront<br \/>\n\u00e9galement acc\u00e8s \u00e0 des moments plus d\u00e9tendus. Un ap\u00e9ritif au bord de<br \/>\nl\u2019eau ou une visite priv\u00e9e de lieux embl\u00e9matiques de la r\u00e9gion.<br \/>\nCo\u00fbt minimum ? <strong>100 000 \u20ac<\/strong>. Une somme destin\u00e9e \u00e0<br \/>\nsoutenir la Clooney Foundation for Justice. Un tarif \u00e9lev\u00e9 qui n\u2019a<br \/>\npas refroidi les plus fortun\u00e9s, s\u00e9duits par la raret\u00e9 de cette<br \/>\noccasion unique de partager du temps avec l\u2019un des couples les plus<br \/>\nadmir\u00e9s au monde.<\/p>\n","protected":false},"excerpt":{"rendered":"Amal et George Clooney ont imagin\u00e9 une soir\u00e9e ultra-exclusive sur les rives du lac de C\u00f4me, au profit&hellip;\n","protected":false},"author":2,"featured_media":314967,"comment_status":"","ping_status":"","sticky":false,"template":"","format":"standard","meta":{"footnotes":""},"categories":[1359],"tags":[45404,548,58,59,1011,27,6054,973],"class_list":{"0":"post-314966","1":"post","2":"type-post","3":"status-publish","4":"format-standard","5":"has-post-thumbnail","7":"category-people","8":"tag-amal-clooney","9":"tag-article-simple","10":"tag-divertissement","11":"tag-entertainment","12":"tag-fr","13":"tag-france","14":"tag-george-clooney","15":"tag-people"},"share_on_mastodon":{"url":"https:\/\/pubeurope.com\/@fr\/115018279581237259","error":""},"_links":{"self":[{"href":"https:\/\/www.europesays.com\/fr\/wp-json\/wp\/v2\/posts\/314966","targetHints":{"allow":["GET"]}}],"collection":[{"href":"https:\/\/www.europesays.com\/fr\/wp-json\/wp\/v2\/posts"}],"about":[{"href":"https:\/\/www.europesays.com\/fr\/wp-json\/wp\/v2\/types\/post"}],"author":[{"embeddable":true,"href":"https:\/\/www.europesays.com\/fr\/wp-json\/wp\/v2\/users\/2"}],"replies":[{"embeddable":true,"href":"https:\/\/www.europesays.com\/fr\/wp-json\/wp\/v2\/comments?post=314966"}],"version-history":[{"count":0,"href":"https:\/\/www.europesays.com\/fr\/wp-json\/wp\/v2\/posts\/314966\/revisions"}],"wp:featuredmedia":[{"embeddable":true,"href":"https:\/\/www.europesays.com\/fr\/wp-json\/wp\/v2\/media\/314967"}],"wp:attachment":[{"href":"https:\/\/www.europesays.com\/fr\/wp-json\/wp\/v2\/media?parent=314966"}],"wp:term":[{"taxonomy":"category","embeddable":true,"href":"https:\/\/www.europesays.com\/fr\/wp-json\/wp\/v2\/categories?post=314966"},{"taxonomy":"post_tag","embeddable":true,"href":"https:\/\/www.europesays.com\/fr\/wp-json\/wp\/v2\/tags?post=314966"}],"curies":[{"name":"wp","href":"https:\/\/api.w.org\/{rel}","templated":true}]}}