{"id":314972,"date":"2025-08-12T23:02:21","date_gmt":"2025-08-12T23:02:21","guid":{"rendered":"https:\/\/www.europesays.com\/fr\/314972\/"},"modified":"2025-08-12T23:02:21","modified_gmt":"2025-08-12T23:02:21","slug":"cyril-hanouna-adresse-un-message-fort-a-pascale-de-la-tour-du-pin-apres-la-fin-de-leur-collaboration","status":"publish","type":"post","link":"https:\/\/www.europesays.com\/fr\/314972\/","title":{"rendered":"Cyril Hanouna adresse un message fort \u00e0 Pascale de La Tour du Pin apr\u00e8s la fin de leur collaboration"},"content":{"rendered":"<p>Habitu\u00e9s \u00e0 travailler ensemble depuis deux ans, Cyril Hanouna et Pascale de La Tour du Pin ont mis fin un peu plus t\u00f4t dans l&rsquo;ann\u00e9e \u00e0 leur collaboration \u00e0 cause de la fermeture de C8 et l&rsquo;arr\u00eat de TPMP. Ex-joker de l&rsquo;animateur, l&rsquo;animatrice lui a adress\u00e9 un beau message auquel il a r\u00e9pondu, ce mardi 12 ao\u00fbt, alors que le nouveau projet de la journaliste a \u00e9t\u00e9 d\u00e9voil\u00e9.<\/p>\n<p>Le mercato se poursuit. En ce d\u00e9but de semaine, les plans de Pascale de La Tour du Pin pour la rentr\u00e9e ont \u00e9t\u00e9 r\u00e9v\u00e9l\u00e9s par ses nouveaux employeurs.<a href=\"https:\/\/www.programme-tv.net\/news\/tv\/382243-ce-n-est-pas-moi-qui-vous-abandonne-pascale-de-la-tour-du-pin-annonce-son-depart-d-europe-1-et-fait-ses-adieux-a-l-antenne\/\" data-api-deeplink=\"teleloisirs:\/\/news\/382243\" target=\"_blank\" rel=\"noopener\"> Remerci\u00e9e par Europe 1 en juin <\/a>et contrainte d&rsquo;abandonner son \u00e9mission sur C8 en raison de la fermeture de la cha\u00eene en mars, la journaliste de 47 ans n&rsquo;avait pas donn\u00e9 d&rsquo;indications sur son avenir dans l&rsquo;audiovisuel jusqu&rsquo;\u00e0 ce mardi 12 ao\u00fbt. <a href=\"https:\/\/www.programme-tv.net\/news\/tv\/385316-apres-son-depart-deurope-1-et-c8-on-sait-ou-sera-pascale-de-la-tour-du-pin-sera-a-la-rentree\/\" data-api-deeplink=\"teleloisirs:\/\/news\/385316\" target=\"_blank\" rel=\"noopener\">RMC a annonc\u00e9 son arriv\u00e9e \u00e0 la radio et \u00e0 la t\u00e9l\u00e9 (sur RMC Story) d\u00e8s la fin du mois<\/a> aux commandes d&rsquo;une pr\u00e9-matinale in\u00e9dite.<\/p>\n<p>Pascale de La Tour du Pin, f\u00e9licit\u00e9e par Cyril Hanouna pour son nouveau poste apr\u00e8s la fin de leur collaboration<\/p>\n<p>\u00ab\u00a0Heureuse et enthousiaste de rejoindre RMC le 25 ao\u00fbt avec l&rsquo;excellent <a href=\"https:\/\/www.programme-tv.net\/biographie\/384336-belliard-matthieu\/\" data-link-people=\"33ae4777-cab7-4302-ad1d-d75e820f14cc\" target=\"_blank\" rel=\"noopener\">Matthieu Belliard<\/a> pour le 5\/7 \u00e0 8h30 sur RMC Story. H\u00e2te d&rsquo;\u00e9changer avec vous en direct\u00a0\u00bb, a publi\u00e9 sur X l&rsquo;animatrice suivie par plus de 24 000 personnes. Le groupe a r\u00e9v\u00e9l\u00e9 dans la foul\u00e9e les contours de ce nouveau programme dans ses grilles. Pascale de La Tour du Pin a \u00e9galement eu une pens\u00e9e pour <a href=\"https:\/\/www.programme-tv.net\/news\/tv\/335302-on-na-pas-ete-plus-haut-cyril-hanouna-evoque-le-salaire-de-pascale-de-la-tour-du-pin-pour-son-arrivee-sur-c8-et-pour-animer-paf\/\" data-api-deeplink=\"teleloisirs:\/\/news\/335302\" target=\"_blank\" rel=\"noopener\">son ancien patron et coll\u00e8gue<\/a> en d\u00e9clarant toujours par le biais du r\u00e9seau social : \u00ab\u00a0Merci Cyril Hanouna pour ces 2 saisons incroyables sur C8. Merci pour ta confiance. Merci H2O productions. <b>Je vous souhaite le meilleur sur W9 et Fun Radio<\/b>\u00ab\u00a0. L&rsquo;animateur et producteur de 50 ans d\u00e9barque, en effet, d\u00e8s le 1er septembre au sein du groupe M6 avec<a href=\"https:\/\/www.programme-tv.net\/news\/tv\/384931-tout-beau-tout-9-date-de-diffusion-chroniqueurs-concept-les-premieres-infos-sur-lemission-de-cyril-hanouna-sur-w9\/\" data-api-deeplink=\"teleloisirs:\/\/news\/384931\" target=\"_blank\" rel=\"noopener\"> Tout beau, tout 9<\/a>, s&rsquo;inscrivant dans la lign\u00e9e de son embl\u00e9matique <a href=\"https:\/\/www.programme-tv.net\/news\/tv\/375305-audiences-l-arret-de-touche-pas-a-mon-poste-a-t-il-profite-a-ses-concurrents-quotidien-et-c-a-vous\/\" data-api-deeplink=\"teleloisirs:\/\/news\/375305\" target=\"_blank\" rel=\"noopener\">Touche pas \u00e0 mon poste d\u00e9sormais d\u00e9programm\u00e9<\/a>. Le destinataire a bien re\u00e7u le message de sa sa cons\u0153ur qu&rsquo;il a publiquement remerci\u00e9e. \u00ab\u00a0Une femme exceptionnelle, une journaliste formidable ! J&rsquo;ai pass\u00e9 2 saisons exceptionnelles \u00e0 tes c\u00f4t\u00e9s et<b> je serai toujours l\u00e0 pour toi <\/b>! Tu vas tout d\u00e9chirer pour tes nouvelles aventures\u00a0\u00bb, a \u00e9crit le p\u00e8re de famille qui pr\u00e9pare activement son retour sur le petit \u00e9cran apr\u00e8s une pause inattendue de six mois.<\/p>\n<p>                        Pascale de La Tour du Pin au d\u00e9fi sur C8<\/p>\n<p>Tout au long de leur collaboration, Pascale de La Tour du Pin a \u00e9t\u00e9<a href=\"https:\/\/www.programme-tv.net\/news\/tv\/365001-il-va-bien-ne-vous-inquietez-pas-cyril-hanouna-malade-pascale-de-la-tour-du-pin-donne-de-ses-nouvelles\/\" data-api-deeplink=\"teleloisirs:\/\/news\/365001\" target=\"_blank\" rel=\"noopener\"> le joker de Cyril Hanouna <\/a>que ce soit dans TPMP, La tribu de Baba ou bien Face \u00e0 Hanouna. L&rsquo;occasion pour<a href=\"https:\/\/www.programme-tv.net\/news\/tv\/334646-ce-qui-ne-va-pas-me-manquer-pascale-de-la-tour-du-pin-se-confie-sur-son-depart-de-bfmtv\/\" data-api-deeplink=\"teleloisirs:\/\/news\/334646\" target=\"_blank\" rel=\"noopener\"> la passionn\u00e9e d&rsquo;infos<\/a> de s&rsquo;essayer \u00e0 un style plus l\u00e9ger et de davantage se confier sur sa vie priv\u00e9e au contact des chroniqueurs.<\/p>\n<blockquote class=\"twitter-tweet\">\n<p lang=\"fr\" dir=\"ltr\">Une femme exceptionnelle, une journaliste formidable! J ai pass\u00e9 2 saisons exceptionnelles \u00e0 tes c\u00f4t\u00e9s et je serai toujours l\u00e0 pour toi! Tu vas tout d\u00e9chirer pour tes nouvelles aventures! \u2764\ufe0f\u2764\ufe0f\u2764\ufe0f\u2764\ufe0f <a href=\"https:\/\/t.co\/LKSq9RyfEp\">https:\/\/t.co\/LKSq9RyfEp<\/a><\/p>\n<p>\u2014 Cyril Hanouna (@Cyrilhanouna) <a href=\"https:\/\/twitter.com\/Cyrilhanouna\/status\/1955329059183071678?ref_src=twsrc%5Etfw\" target=\"_blank\" rel=\"noopener\">August 12, 2025<\/a><\/p><\/blockquote>\n<p>        <script async src=\"https:\/\/platform.twitter.com\/widgets.js\" charset=\"utf-8\"><\/script><\/p>\n","protected":false},"excerpt":{"rendered":"Habitu\u00e9s \u00e0 travailler ensemble depuis deux ans, Cyril Hanouna et Pascale de La Tour du Pin ont mis&hellip;\n","protected":false},"author":2,"featured_media":314973,"comment_status":"","ping_status":"","sticky":false,"template":"","format":"standard","meta":{"footnotes":""},"categories":[1356],"tags":[244,1083,58,59,1011,27,31154,252,1364,1630],"class_list":{"0":"post-314972","1":"post","2":"type-post","3":"status-publish","4":"format-standard","5":"has-post-thumbnail","7":"category-television","8":"tag-commentaire","9":"tag-cyril-hanouna","10":"tag-divertissement","11":"tag-entertainment","12":"tag-fr","13":"tag-france","14":"tag-pascale-de-la-tour-du-pin","15":"tag-television","16":"tag-tv","17":"tag-zapping"},"share_on_mastodon":{"url":"https:\/\/pubeurope.com\/@fr\/115018291231310572","error":""},"_links":{"self":[{"href":"https:\/\/www.europesays.com\/fr\/wp-json\/wp\/v2\/posts\/314972","targetHints":{"allow":["GET"]}}],"collection":[{"href":"https:\/\/www.europesays.com\/fr\/wp-json\/wp\/v2\/posts"}],"about":[{"href":"https:\/\/www.europesays.com\/fr\/wp-json\/wp\/v2\/types\/post"}],"author":[{"embeddable":true,"href":"https:\/\/www.europesays.com\/fr\/wp-json\/wp\/v2\/users\/2"}],"replies":[{"embeddable":true,"href":"https:\/\/www.europesays.com\/fr\/wp-json\/wp\/v2\/comments?post=314972"}],"version-history":[{"count":0,"href":"https:\/\/www.europesays.com\/fr\/wp-json\/wp\/v2\/posts\/314972\/revisions"}],"wp:featuredmedia":[{"embeddable":true,"href":"https:\/\/www.europesays.com\/fr\/wp-json\/wp\/v2\/media\/314973"}],"wp:attachment":[{"href":"https:\/\/www.europesays.com\/fr\/wp-json\/wp\/v2\/media?parent=314972"}],"wp:term":[{"taxonomy":"category","embeddable":true,"href":"https:\/\/www.europesays.com\/fr\/wp-json\/wp\/v2\/categories?post=314972"},{"taxonomy":"post_tag","embeddable":true,"href":"https:\/\/www.europesays.com\/fr\/wp-json\/wp\/v2\/tags?post=314972"}],"curies":[{"name":"wp","href":"https:\/\/api.w.org\/{rel}","templated":true}]}}