{"id":314990,"date":"2025-08-12T23:12:19","date_gmt":"2025-08-12T23:12:19","guid":{"rendered":"https:\/\/www.europesays.com\/fr\/314990\/"},"modified":"2025-08-12T23:12:19","modified_gmt":"2025-08-12T23:12:19","slug":"un-lien-possible-avec-deux-deces-et-21-cas-de-listeriose-selon-le-gouvernement","status":"publish","type":"post","link":"https:\/\/www.europesays.com\/fr\/314990\/","title":{"rendered":"Un \u00ab\u00a0lien possible\u00a0\u00bb avec deux d\u00e9c\u00e8s et 21 cas de list\u00e9riose, selon le gouvernement"},"content":{"rendered":"<p>Les <a href=\"https:\/\/agriculture.gouv.fr\/cas-de-listeriose-retrait-rappel-de-fromages-au-lait-pasteurise-en-raison-dune-possible\" target=\"_blank\" class=\"color-ultramarine c-link\" rel=\"noopener\">autorit\u00e9s sanitaires<\/a> ont identifi\u00e9 21 cas de <a href=\"https:\/\/www.20minutes.fr\/dossier\/listeria\" class=\"color-ultramarine c-link\" target=\"_blank\" rel=\"noopener\">list\u00e9riose<\/a>, dont deux ayant entra\u00een\u00e9 des d\u00e9c\u00e8s, qui pourraient pr\u00e9senter un \u00ab\u00a0lien possible\u00a0\u00bb avec la consommation de <a href=\"https:\/\/www.20minutes.fr\/dossier\/fromage\" class=\"color-ultramarine c-link\" target=\"_blank\" rel=\"noopener\">fromages<\/a> au lait pasteuris\u00e9 de la fromagerie Chavegrand.<\/p>\n<p>\u00ab\u00a0Les investigations [\u2026] ont conduit \u00e0 identifier d\u00e9but ao\u00fbt des \u00e9l\u00e9ments \u00e9pid\u00e9miologiques et microbiologiques convergents\u00a0\u00bb. Ils \u00e9tablissent \u00ab\u00a0un lien possible entre ces\u00a0cas de list\u00e9riose\u00a0et la consommation de fromages au lait pasteuris\u00e9 produits par la soci\u00e9t\u00e9 Chavegrand\u00a0\u00bb.<\/p>\n<p>21 victimes \u00e2g\u00e9es de 34 \u00e0 95 ans<\/p>\n<p>Dix-huit d\u2019entre eux ont \u00e9t\u00e9 infect\u00e9s d\u00e9but juin. Les 21 personnes touch\u00e9es sont \u00e2g\u00e9es de 34 \u00e0 95 ans. Au moins l\u2019une des deux victimes d\u00e9c\u00e9d\u00e9e pr\u00e9sentait des pathologies sous-jacentes.<\/p>\n<p>Les produits concern\u00e9s sont des fromages \u00e0 p\u00e2te molle et \u00e0 cro\u00fbte fleurie au lait pasteuris\u00e9 de vache (tels que des camemberts ou des cr\u00e9meux) ou de ch\u00e8vre (tels que des b\u00fbches). Ils ont \u00e9t\u00e9 commercialis\u00e9s jusqu\u2019au 9\u00a0ao\u00fbt par la fromagerie sur l\u2019ensemble du territoire national ainsi qu\u2019\u00e0 l\u2019international, sous diff\u00e9rentes marques commerciales.<\/p>\n<p>Mise en place d\u2019un num\u00e9ro vert<\/p>\n<p>Les produits concern\u00e9s peuvent \u00eatre identifi\u00e9s d\u2019apr\u00e8s les fiches publi\u00e9es sur Rappelconso portant la marque de salubrit\u00e9 FR 23.117.001 CE\/UE ou aupr\u00e8s des points de vente. Le producteur a mis en place un num\u00e9ro vert \u00e0 destination des consommateurs\u00a0: Tel\u00a0: 0 800 00 91 80 (de 9\u00a0heures \u00e0 19\u00a0heures, 7 jours\/7).<\/p>\n<\/p>\n<p>Les <a href=\"https:\/\/www.20minutes.fr\/dossier\/ministere_de_la_sante\" class=\"color-ultramarine c-link\" target=\"_blank\" rel=\"noopener\">minist\u00e8res de la Sant\u00e9<\/a> et de l\u2019<a href=\"https:\/\/www.20minutes.fr\/politique\/ministre-agriculture\/\" class=\"color-ultramarine c-link\" target=\"_blank\" rel=\"noopener\">Agriculture <\/a>demandent aux personnes qui d\u00e9tiendraient ces produits de ne pas les consommer. \u00ab\u00a0Les personnes qui en auraient consomm\u00e9 et qui pr\u00e9senteraient de la fi\u00e8vre, isol\u00e9e ou accompagn\u00e9e de maux de t\u00eate et des courbatures sont invit\u00e9es \u00e0 consulter leur m\u00e9decin traitant en lui signalant cette consommation.\u00a0\u00bb<\/p>\n<p><a href=\"https:\/\/www.20minutes.fr\/dossier\/listeria\" class=\"c-link c-btn c-btn--primary\" target=\"_blank\" rel=\"noopener\">Notre dossier sur la list\u00e9riose<\/a><\/p>\n<p>Des formes graves avec des complications neurologiques et des atteintes maternelles ou f\u0153tales chez la femme enceinte peuvent \u00e9galement parfois survenir. Les femmes enceintes ainsi que les personnes immunod\u00e9prim\u00e9es et les personnes \u00e2g\u00e9es doivent \u00eatre particuli\u00e8rement attentives \u00e0 ces sympt\u00f4mes. La list\u00e9riose est une maladie qui peut \u00eatre grave et dont le d\u00e9lai d\u2019incubation peut aller jusqu\u2019\u00e0 huit semaines.<\/p>\n","protected":false},"excerpt":{"rendered":"Les autorit\u00e9s sanitaires ont identifi\u00e9 21 cas de list\u00e9riose, dont deux ayant entra\u00een\u00e9 des d\u00e9c\u00e8s, qui pourraient pr\u00e9senter&hellip;\n","protected":false},"author":2,"featured_media":314991,"comment_status":"","ping_status":"","sticky":false,"template":"","format":"standard","meta":{"footnotes":""},"categories":[2],"tags":[47,11,1011,27,23319,27868,226,12,25575,71],"class_list":{"0":"post-314990","1":"post","2":"type-post","3":"status-publish","4":"format-standard","5":"has-post-thumbnail","7":"category-actualites","8":"tag-actualite","9":"tag-actualites","10":"tag-fr","11":"tag-france","12":"tag-fromage","13":"tag-listeria","14":"tag-maladie","15":"tag-news","16":"tag-rappel-de-produit","17":"tag-sante"},"share_on_mastodon":{"url":"https:\/\/pubeurope.com\/@fr\/115018330603120249","error":""},"_links":{"self":[{"href":"https:\/\/www.europesays.com\/fr\/wp-json\/wp\/v2\/posts\/314990","targetHints":{"allow":["GET"]}}],"collection":[{"href":"https:\/\/www.europesays.com\/fr\/wp-json\/wp\/v2\/posts"}],"about":[{"href":"https:\/\/www.europesays.com\/fr\/wp-json\/wp\/v2\/types\/post"}],"author":[{"embeddable":true,"href":"https:\/\/www.europesays.com\/fr\/wp-json\/wp\/v2\/users\/2"}],"replies":[{"embeddable":true,"href":"https:\/\/www.europesays.com\/fr\/wp-json\/wp\/v2\/comments?post=314990"}],"version-history":[{"count":0,"href":"https:\/\/www.europesays.com\/fr\/wp-json\/wp\/v2\/posts\/314990\/revisions"}],"wp:featuredmedia":[{"embeddable":true,"href":"https:\/\/www.europesays.com\/fr\/wp-json\/wp\/v2\/media\/314991"}],"wp:attachment":[{"href":"https:\/\/www.europesays.com\/fr\/wp-json\/wp\/v2\/media?parent=314990"}],"wp:term":[{"taxonomy":"category","embeddable":true,"href":"https:\/\/www.europesays.com\/fr\/wp-json\/wp\/v2\/categories?post=314990"},{"taxonomy":"post_tag","embeddable":true,"href":"https:\/\/www.europesays.com\/fr\/wp-json\/wp\/v2\/tags?post=314990"}],"curies":[{"name":"wp","href":"https:\/\/api.w.org\/{rel}","templated":true}]}}