{"id":314994,"date":"2025-08-12T23:14:26","date_gmt":"2025-08-12T23:14:26","guid":{"rendered":"https:\/\/www.europesays.com\/fr\/314994\/"},"modified":"2025-08-12T23:14:26","modified_gmt":"2025-08-12T23:14:26","slug":"la-route-fermee-deux-nuits-pour-sonder-le-sous-sol","status":"publish","type":"post","link":"https:\/\/www.europesays.com\/fr\/314994\/","title":{"rendered":"la route ferm\u00e9e deux nuits pour sonder le sous-sol"},"content":{"rendered":"<p>Un ph\u00e9nom\u00e8ne d\u2019affaissement localis\u00e9 de la structure de la chauss\u00e9e sur la RN488, en direction Clermont-Ferrand, a \u00e9t\u00e9 constat\u00e9 le 31\u00a0juillet \u00e0 hauteur de Terrenoire.<\/p>\n<p>\u00ab\u00a0Une expertise a r\u00e9v\u00e9l\u00e9 que l\u2019origine du d\u00e9sordre pourrait correspondre \u00e0 un tassement du remblai d\u2019un ancien puits de mine de charbon\u00a0\u00bb explique la pr\u00e9fecture dans un communiqu\u00e9.<\/p>\n<p>  Fermeture les 18-19 et 21-22 ao\u00fbt<\/p>\n<p>C\u2019est pourquoi \u00ab\u00a0la r\u00e9alisation d\u2019une campagne de sondage du sous-sol est programm\u00e9e entre le 18 et 22\u00a0ao\u00fbt, <a href=\"https:\/\/www.leprogres.fr\/transport\/2025\/08\/04\/affaissement-sur-la-rn488-la-circulation-perturbee-pendant-(au-moins)-deux-mois\" target=\"_blank\" rel=\"nofollow noopener\">afin d\u2019analyser l\u2019\u00e9tendue du chantier<\/a> et de d\u00e9finir les solutions de r\u00e9paration\u00a0\u00bb. Ces travaux n\u00e9cessiteront la fermeture du tron\u00e7on les nuits du 18 au 19\u00a0ao\u00fbt, et du 21 au 22\u00a0ao\u00fbt, entre 20\u00a0h\u00a030 et 5\u00a0h\u00a030.<\/p>\n<p>Les services de l\u2019\u00c9tat pr\u00e9cisent qu\u2019une d\u00e9viation sera mise en place. \u00ab\u00a0En fonction de la complexit\u00e9 des travaux, d\u2019autres p\u00e9riodes de fermetures pourront \u00eatre envisag\u00e9es\u00a0\u00bb.<\/p>\n","protected":false},"excerpt":{"rendered":"Un ph\u00e9nom\u00e8ne d\u2019affaissement localis\u00e9 de la structure de la chauss\u00e9e sur la RN488, en direction Clermont-Ferrand, a \u00e9t\u00e9&hellip;\n","protected":false},"author":2,"featured_media":314995,"comment_status":"","ping_status":"","sticky":false,"template":"","format":"standard","meta":{"footnotes":""},"categories":[9653],"tags":[1111,11,2430,3542,7539,1777,674,1011,27,3367,12,25,4001,7538,2803],"class_list":{"0":"post-314994","1":"post","2":"type-post","3":"status-publish","4":"format-standard","5":"has-post-thumbnail","7":"category-saint-etienne","8":"tag-actu","9":"tag-actualites","10":"tag-auvergne-rhone-alpes","11":"tag-circulation","12":"tag-edition-loire-sud","13":"tag-eu","14":"tag-europe","15":"tag-fr","16":"tag-france","17":"tag-loire","18":"tag-news","19":"tag-republique-francaise","20":"tag-saint-etienne","21":"tag-saint-etienne-ville","22":"tag-transport"},"share_on_mastodon":{"url":"https:\/\/pubeurope.com\/@fr\/115018338339306515","error":""},"_links":{"self":[{"href":"https:\/\/www.europesays.com\/fr\/wp-json\/wp\/v2\/posts\/314994","targetHints":{"allow":["GET"]}}],"collection":[{"href":"https:\/\/www.europesays.com\/fr\/wp-json\/wp\/v2\/posts"}],"about":[{"href":"https:\/\/www.europesays.com\/fr\/wp-json\/wp\/v2\/types\/post"}],"author":[{"embeddable":true,"href":"https:\/\/www.europesays.com\/fr\/wp-json\/wp\/v2\/users\/2"}],"replies":[{"embeddable":true,"href":"https:\/\/www.europesays.com\/fr\/wp-json\/wp\/v2\/comments?post=314994"}],"version-history":[{"count":0,"href":"https:\/\/www.europesays.com\/fr\/wp-json\/wp\/v2\/posts\/314994\/revisions"}],"wp:featuredmedia":[{"embeddable":true,"href":"https:\/\/www.europesays.com\/fr\/wp-json\/wp\/v2\/media\/314995"}],"wp:attachment":[{"href":"https:\/\/www.europesays.com\/fr\/wp-json\/wp\/v2\/media?parent=314994"}],"wp:term":[{"taxonomy":"category","embeddable":true,"href":"https:\/\/www.europesays.com\/fr\/wp-json\/wp\/v2\/categories?post=314994"},{"taxonomy":"post_tag","embeddable":true,"href":"https:\/\/www.europesays.com\/fr\/wp-json\/wp\/v2\/tags?post=314994"}],"curies":[{"name":"wp","href":"https:\/\/api.w.org\/{rel}","templated":true}]}}