{"id":314998,"date":"2025-08-12T23:19:13","date_gmt":"2025-08-12T23:19:13","guid":{"rendered":"https:\/\/www.europesays.com\/fr\/314998\/"},"modified":"2025-08-12T23:19:13","modified_gmt":"2025-08-12T23:19:13","slug":"je-suis-venu-pour-me-mettre-en-danger-une-nouvelle-recrue-evalue-la-concurrence","status":"publish","type":"post","link":"https:\/\/www.europesays.com\/fr\/314998\/","title":{"rendered":"\u00ab Je suis venu pour me mettre en danger \u00bb, une nouvelle recrue \u00e9value la concurrence"},"content":{"rendered":"<p>Il a d\u00e9barqu\u00e9 pour tenter de retrouver du temps de jeu. Avec 3 petites titularisations en 11 matchs, il n&rsquo;a pas vraiment pu s&rsquo;exprimer sur le terrain comme il l&rsquo;aurait souhait\u00e9. \u00ab Je recherchais plus de temps de jeu, dans une \u00e9quipe qui existe dans le tr\u00e8s haut du tableau du Top 14 \u00bb, fait savoir Mat\u00e9o Garcia dans son entretien avec Rugbyrama.<\/p>\n<p>\u00a0<\/p>\n<p>Sauf que derri\u00e8re cette ambition se cachent pas mal d&rsquo;autres d\u00e9fis. Mat\u00e9o Garcia devra composer avec une forte concurrence \u00e0 Toulon. Le jeune ouvreur de 23 ans sait qu&rsquo;il prenait un risque en venant au RCT. Arriv\u00e9 pour gagner du temps de jeu, Mat\u00e9o Garcia sait qu\u2019il devra s\u2019imposer face \u00e0 un pr\u00e9tendant qui conna\u00eet d\u00e9j\u00e0 la maison.<\/p>\n<p>\u00a0<\/p>\n<p>Paolo Garbisi reste sa principale menace au poste de titulaire. Mais \u00c0 23 ans, Garcia voit ce choix comme un moyen de progresser dans un club ambitieux. Loin d\u2019\u00eatre frein\u00e9 par les risques, il assume pleinement ce d\u00e9fi. \u00ab En v\u00e9rit\u00e9, je suis venu \u00e0 Toulon pour me mettre en danger et me challenger \u00e0 tous les niveaux. \u00c7a va me faire grandir \u00bb, confie-t-il.<\/p>\n<p>\u00a0<\/p>\n<p>Une d\u00e9cision \u00ab\u00a0facile\u00a0\u00bb tout de m\u00eame<\/p>\n<p>\u00a0<\/p>\n<p>Les ambitions et les r\u00eaves guident Mat\u00e9o Garcia. Il voulait continuer \u00e0 jouer au haut niveau mais avec des responsabilit\u00e9s, une opportunit\u00e9 qu&rsquo;il ne trouvait forc\u00e9ment pas \u00e0 l&rsquo;UBB. Du moins, pas dans un futur proche. Donc il n&rsquo;a pas eu trop de mal \u00e0 ce d\u00e9cider. \u00ab La d\u00e9cision de venir ici a \u00e9t\u00e9 plut\u00f4t facile. Quand j\u2019ai eu cette opportunit\u00e9, j\u2019ai eu envie d\u2019aller voir comment \u00e7a se passe ici. C\u2019est un club qui a gagn\u00e9, et qui sait gagner \u00bb, ajoute-t-il.<\/p>\n<p>Partagez cette info avec vos amis et vos proches en cliquant ici<br \/>Pour r\u00e9sumer<\/p>\n<p>Mat\u00e9o Garcia a rejoint Toulon pour retrouver du temps de jeu et se challenger. Malgr\u00e9 une forte concurrence, il voit cette d\u00e9cision comme une opportunit\u00e9 de grandir dans un club ambitieux, apr\u00e8s un manque de responsabilit\u00e9s \u00e0 l\u2019UBB.<\/p>\n<p> <img decoding=\"async\" width=\"76\" height=\"76\" loading=\"lazy\" src=\"https:\/\/www.europesays.com\/fr\/wp-content\/uploads\/2025\/04\/avatar-quinze.png\" alt=\"Voldi Fr\u00e9jus\u00a0Hounvio\"\/><\/p>\n","protected":false},"excerpt":{"rendered":"Il a d\u00e9barqu\u00e9 pour tenter de retrouver du temps de jeu. Avec 3 petites titularisations en 11 matchs,&hellip;\n","protected":false},"author":2,"featured_media":314999,"comment_status":"","ping_status":"","sticky":false,"template":"","format":"standard","meta":{"footnotes":""},"categories":[9619],"tags":[1111,11,1777,674,1011,27,12,882,25,2310],"class_list":{"0":"post-314998","1":"post","2":"type-post","3":"status-publish","4":"format-standard","5":"has-post-thumbnail","7":"category-toulon","8":"tag-actu","9":"tag-actualites","10":"tag-eu","11":"tag-europe","12":"tag-fr","13":"tag-france","14":"tag-news","15":"tag-provence-alpes-cote-dazur","16":"tag-republique-francaise","17":"tag-toulon"},"share_on_mastodon":{"url":"https:\/\/pubeurope.com\/@fr\/115018358296367530","error":""},"_links":{"self":[{"href":"https:\/\/www.europesays.com\/fr\/wp-json\/wp\/v2\/posts\/314998","targetHints":{"allow":["GET"]}}],"collection":[{"href":"https:\/\/www.europesays.com\/fr\/wp-json\/wp\/v2\/posts"}],"about":[{"href":"https:\/\/www.europesays.com\/fr\/wp-json\/wp\/v2\/types\/post"}],"author":[{"embeddable":true,"href":"https:\/\/www.europesays.com\/fr\/wp-json\/wp\/v2\/users\/2"}],"replies":[{"embeddable":true,"href":"https:\/\/www.europesays.com\/fr\/wp-json\/wp\/v2\/comments?post=314998"}],"version-history":[{"count":0,"href":"https:\/\/www.europesays.com\/fr\/wp-json\/wp\/v2\/posts\/314998\/revisions"}],"wp:featuredmedia":[{"embeddable":true,"href":"https:\/\/www.europesays.com\/fr\/wp-json\/wp\/v2\/media\/314999"}],"wp:attachment":[{"href":"https:\/\/www.europesays.com\/fr\/wp-json\/wp\/v2\/media?parent=314998"}],"wp:term":[{"taxonomy":"category","embeddable":true,"href":"https:\/\/www.europesays.com\/fr\/wp-json\/wp\/v2\/categories?post=314998"},{"taxonomy":"post_tag","embeddable":true,"href":"https:\/\/www.europesays.com\/fr\/wp-json\/wp\/v2\/tags?post=314998"}],"curies":[{"name":"wp","href":"https:\/\/api.w.org\/{rel}","templated":true}]}}